{"id":67464,"date":"2026-03-09T08:54:07","date_gmt":"2026-03-09T08:54:07","guid":{"rendered":"https:\/\/bihavadis.com\/?p=67464"},"modified":"2026-03-09T08:54:07","modified_gmt":"2026-03-09T08:54:07","slug":"nevsehir-belediyesi-kadinlar-gununde-5-bin-cicek-dagitti","status":"publish","type":"post","link":"https:\/\/bihavadis.com\/index.php\/2026\/03\/09\/nevsehir-belediyesi-kadinlar-gununde-5-bin-cicek-dagitti\/","title":{"rendered":"Nev\u015fehir Belediyesi, Kad\u0131nlar G\u00fcn\u00fc&#8217;nde 5 bin \u00e7i\u00e7ek da\u011f\u0131tt\u0131"},"content":{"rendered":"<p><i>Nev\u015fehir Belediyesi, 8 Mart D\u00fcnya Kad\u0131nlar G\u00fcn\u00fc\u2019n\u00fc \u00e7i\u00e7eklerle kutlad\u0131. Kad\u0131nlar\u0131n bu \u00f6zel g\u00fcn\u00fcnde, Nev\u015fehir merkez genelinde \u00e7e\u015fitli noktalarda ger\u00e7ekle\u015ftirilen etkinlikte 5 bin \u00e7i\u00e7ek da\u011f\u0131t\u0131m\u0131 ger\u00e7ekle\u015ftirildi.<\/i><\/p>\n<p><i>Nev\u015fehir Belediyesi birimleri taraf\u0131ndan \u201cKad\u0131nlar G\u00fcn\u00fc\u201d dolay\u0131s\u0131 ile ger\u00e7ekle\u015ftirilen \u00e7i\u00e7ek da\u011f\u0131t\u0131m\u0131 Nev\u015fehirli kad\u0131nlar\u0131n ruhuna hitap ederek \u00e7ok mutlu etti. Kapal\u0131 Pazaryerinde, Nev\u015fehir Hac\u0131 Bekta\u015f Veli \u00dcniversitesi kamp\u00fcs\u00fcnde, kentin en i\u015flek ve aktif cadde ve sokaklar\u0131yla bir \u00e7ok mahallesinde 5 bin adet Karanfil kad\u0131nlar\u0131na da\u011f\u0131t\u0131ld\u0131. Nev\u015fehir\u2019de ger\u00e7ekle\u015ftirilen da\u011f\u0131t\u0131m program\u0131yla kad\u0131nlar\u0131n toplumdaki yeri ve eme\u011finin \u00f6nemine vurgu yap\u0131ld\u0131.\u00a0<\/i><\/p>\n<p>Nev\u015fehir Belediyesi taraf\u0131ndan kad\u0131nlar\u0131n hayat\u0131n her alan\u0131nda emekleri, sevgileri ve fedakarl\u0131klar\u0131yla topluma de\u011fer katt\u0131\u011f\u0131 ifade edildi.\u00a0<\/p>\n<p>Kaynak: (BYZHA) Beyaz Haber Ajans\u0131<\/p>\n","protected":false},"excerpt":{"rendered":"<p>Nev\u015fehir Belediyesi, 8 Mart D\u00fcnya Kad\u0131nlar G\u00fcn\u00fc\u2019n\u00fc \u00e7i\u00e7eklerle kutlad\u0131. Kad\u0131nlar\u0131n bu \u00f6zel g\u00fcn\u00fcnde, Nev\u015fehir merkez genelinde \u00e7e\u015fitli noktalarda ger\u00e7ekle\u015ftirilen etkinlikte 5 bin \u00e7i\u00e7ek da\u011f\u0131t\u0131m\u0131 ger\u00e7ekle\u015ftirildi.<\/p>\n","protected":false},"author":1,"featured_media":67465,"comment_status":"open","ping_status":"open","sticky":false,"template":"","format":"standard","meta":{"footnotes":""},"categories":[4],"tags":[1614,969],"class_list":["post-67464","post","type-post","status-publish","format-standard","has-post-thumbnail","hentry","category-gundem","tag-kadinlar","tag-nevsehir"],"_links":{"self":[{"href":"https:\/\/bihavadis.com\/index.php\/wp-json\/wp\/v2\/posts\/67464","targetHints":{"allow":["GET"]}}],"collection":[{"href":"https:\/\/bihavadis.com\/index.php\/wp-json\/wp\/v2\/posts"}],"about":[{"href":"https:\/\/bihavadis.com\/index.php\/wp-json\/wp\/v2\/types\/post"}],"author":[{"embeddable":true,"href":"https:\/\/bihavadis.com\/index.php\/wp-json\/wp\/v2\/users\/1"}],"replies":[{"embeddable":true,"href":"https:\/\/bihavadis.com\/index.php\/wp-json\/wp\/v2\/comments?post=67464"}],"version-history":[{"count":1,"href":"https:\/\/bihavadis.com\/index.php\/wp-json\/wp\/v2\/posts\/67464\/revisions"}],"predecessor-version":[{"id":67466,"href":"https:\/\/bihavadis.com\/index.php\/wp-json\/wp\/v2\/posts\/67464\/revisions\/67466"}],"wp:featuredmedia":[{"embeddable":true,"href":"https:\/\/bihavadis.com\/index.php\/wp-json\/wp\/v2\/media\/67465"}],"wp:attachment":[{"href":"https:\/\/bihavadis.com\/index.php\/wp-json\/wp\/v2\/media?parent=67464"}],"wp:term":[{"taxonomy":"category","embeddable":true,"href":"https:\/\/bihavadis.com\/index.php\/wp-json\/wp\/v2\/categories?post=67464"},{"taxonomy":"post_tag","embeddable":true,"href":"https:\/\/bihavadis.com\/index.php\/wp-json\/wp\/v2\/tags?post=67464"}],"curies":[{"name":"wp","href":"https:\/\/api.w.org\/{rel}","templated":true}]}}