{"id":67501,"date":"2026-03-09T09:21:08","date_gmt":"2026-03-09T09:21:08","guid":{"rendered":"https:\/\/bihavadis.com\/?p=67501"},"modified":"2026-03-09T09:21:08","modified_gmt":"2026-03-09T09:21:08","slug":"iran-disisleri-bakani-arakci-hem-savasa-hem-de-barisa-haziriz","status":"publish","type":"post","link":"https:\/\/bihavadis.com\/index.php\/2026\/03\/09\/iran-disisleri-bakani-arakci-hem-savasa-hem-de-barisa-haziriz\/","title":{"rendered":"\u0130ran D\u0131\u015fi\u015fleri Bakan\u0131 Arak\u00e7i: Hem sava\u015fa hem de bar\u0131\u015fa haz\u0131r\u0131z"},"content":{"rendered":"<p>\u0130ran D\u0131\u015fi\u015fleri Bakan\u0131 Abbas Arak\u00e7i, uluslararas\u0131 bas\u0131na verdi\u011fi bir r\u00f6portajda, ABD Ba\u015fkan\u0131 Donald Trump\u2019\u0131n \u0130ran\u2019a y\u00f6nelik a\u00e7\u0131klamalar\u0131na, ABD ile y\u00fcr\u00fct\u00fclen m\u00fczakereler ve muhtemel askeri senaryolara ili\u015fkin de\u011ferlendirmelerde bulundu.<\/p>\n<p><strong>&#8220;HEM SAVA\u015eA HEM DE BARI\u015eA TAMAMEN HAZIRIZ&#8221;<\/strong><\/p>\n<p>T\u00fcm se\u00e7eneklerin masada oldu\u011funu vurgulayan Arak\u00e7i, <em><b>&#8220;Hem sava\u015fa hem de bar\u0131\u015fa tamamen haz\u0131r\u0131z&#8221;<\/b><\/em> ifadelerini kulland\u0131.<\/p>\n<p>\u0130svi\u00e7re\u2019nin Cenevre kentinde yar\u0131n \u0130ran ile ABD aras\u0131nda ger\u00e7ekle\u015ftirilecek g\u00f6r\u00fc\u015fmelere de\u011finen Arak\u00e7i, \u00f6nceki turda ilerleme sa\u011fland\u0131\u011f\u0131n\u0131 belirterek, <em><b>&#8220;Bir t\u00fcr kar\u015f\u0131l\u0131kl\u0131 anlay\u0131\u015fa varabildik ve bu anlay\u0131\u015f temelinde bir anla\u015fma, bir mutabakat in\u015fa edebilece\u011fimizi d\u00fc\u015f\u00fcn\u00fcyorum. Adil, dengeli ve hakkaniyetli bir anla\u015fmaya ula\u015fmak m\u00fcmk\u00fcn ve bunu ger\u00e7ekle\u015ftirebiliriz&#8221;<\/b><\/em> ifadelerini kulland\u0131.<\/p>\n<p><strong>&#8220;S\u0130LAHLI KUVVETLER\u0130M\u0130Z HAZIR&#8221;<\/strong><\/p>\n<p>\u0130ran Silahl\u0131 Kuvvetleri\u2019nin muhtemel bir \u00e7at\u0131\u015fmaya haz\u0131r oldu\u011funu i\u015faret eden Arak\u00e7i \u015fu ifadeleri kulland\u0131:<\/p>\n<p>&#8220;Kendimizi nas\u0131l savunaca\u011f\u0131m\u0131z\u0131 biliyoruz ve bunu ge\u00e7mi\u015fte de ortaya koyduk. Ya\u015fad\u0131\u011f\u0131m\u0131z sava\u015ftan ciddi dersler \u00e7\u0131kard\u0131k ve bug\u00fcn her zamankinden daha haz\u0131rl\u0131kl\u0131y\u0131z. Ancak bu haz\u0131rl\u0131k sava\u015f aray\u0131\u015f\u0131nda oldu\u011fumuz anlam\u0131na gelmez. Aksine, g\u00fc\u00e7l\u00fc olmak sava\u015f\u0131n \u00f6n\u00fcne ge\u00e7menin en etkili yoludur. Haz\u0131r de\u011filseniz \u00e7at\u0131\u015fmay\u0131 kendi kap\u0131n\u0131za getirirsiniz. Biz sava\u015f istemiyoruz, amac\u0131m\u0131z onu engellemek. Ben bir diplomasi insan\u0131y\u0131m ve y\u00fcr\u00fctt\u00fc\u011f\u00fcm\u00fcz s\u00fcrecin bu sorunun \u00e7\u00f6z\u00fcm\u00fc i\u00e7in en do\u011fru zemin oldu\u011funa inan\u0131yorum&#8221;<\/p>\n<p><img decoding=\"async\" src=\"https:\/\/bihavadis.com\/wp-content\/uploads\/2026\/03\/iran-disisleri-bakani-arakci-hem-savasa-hem-de-barisa-haziriz-0-G7d4Fk69.jpg\"\/><\/p>\n<p><strong>&#8220;N\u00dcKLEER PROGRAM \u0130\u00c7\u0130N ASKER\u0130 SE\u00c7ENEK YOK&#8221;<\/strong><\/p>\n<p>\u0130ran\u2019\u0131n n\u00fckleer program\u0131na ili\u015fkin askeri m\u00fcdahale ihtimalini reddeden Arak\u00e7i, <em><b>&#8220;\u0130ran\u2019\u0131n bar\u0131\u015f\u00e7\u0131l n\u00fckleer program\u0131 i\u00e7in askeri bir se\u00e7enek yoktur. Sorular varsa yan\u0131tlamaya, endi\u015feler varsa gidermeye haz\u0131r\u0131z. Ancak bar\u0131\u015f\u00e7\u0131l n\u00fckleer teknoloji hakk\u0131m\u0131zdan vazge\u00e7meyiz. Bu bizim net tutumumuzdur. Bu \u00e7er\u00e7evede yar\u0131n Cenevre\u2019de taraflar\u0131n \u00fczerinde uzla\u015fabilece\u011fi, adil ve dengeli bir \u00e7\u00f6z\u00fcme ula\u015f\u0131labilece\u011fine inan\u0131yorum&#8221;<\/b><\/em> \u015feklinde konu\u015ftu.<\/p>\n<p><strong>&#8220;ABD SALDIRIRSA \u00dcSLER ME\u015eRU HEDEF OLUR&#8221;<\/strong><\/p>\n<p>Trump\u2019\u0131n \u0130ran\u2019\u0131n ABD\u2019ye ula\u015fabilecek f\u00fczeler geli\u015ftirdi\u011fi y\u00f6n\u00fcndeki iddialar\u0131na da yan\u0131t veren Arak\u00e7i \u015fu c\u00fcmleleri kurdu:<\/p>\n<p>&#8220;Bana g\u00f6re \u015fu anda kendisi ne yaz\u0131k ki sahte haberlerin kurban\u0131 olmu\u015f durumda. Biz ABD\u2019ye ula\u015fabilecek f\u00fczeler geli\u015ftirmiyoruz. F\u00fcze menzilimizi bilin\u00e7li olarak 2 bin kilometreyle s\u0131n\u0131rland\u0131rd\u0131k. Bu sistemler tamamen savunma ama\u00e7l\u0131 ve cayd\u0131r\u0131c\u0131l\u0131k i\u00e7in tasarlanm\u0131\u015ft\u0131r. Haziran ay\u0131ndaki \u00e7at\u0131\u015fmay\u0131 biz ba\u015flatmad\u0131k. \u0130lk olarak \u0130srail, ard\u0131ndan da ABD devreye girdi. Biz sadece kendimizi savunduk. Kar\u015f\u0131 taraf bunu farkl\u0131 de\u011ferlendirebilir ancak bizim a\u00e7\u0131m\u0131zdan bu a\u00e7\u0131k\u00e7a me\u015fru m\u00fcdafaad\u0131r&#8221;<\/p>\n<p>B\u00f6lge \u00fclkelerinin sava\u015fa kar\u015f\u0131 tutumuna de\u011finen Arak\u00e7i, Arap \u00fclkelerinin a\u00e7\u0131k \u015fekilde \u00e7at\u0131\u015fma istemedi\u011fini belirterek, <em><b>&#8220;Baz\u0131 \u00fclkelerde ABD \u00fcsleri var. Bu \u00fclkeler, topraklar\u0131n\u0131n, hava sahalar\u0131n\u0131n ya da karasular\u0131n\u0131n \u0130ran\u2019a kar\u015f\u0131 kullan\u0131lmas\u0131na izin vermeyeceklerini a\u00e7\u0131klad\u0131lar. Tabii bunu ne \u00f6l\u00e7\u00fcde denetleyebilirler, o ayr\u0131 bir konu. Bunun pratikte ne kadar m\u00fcmk\u00fcn olaca\u011f\u0131n\u0131 bilmiyorum&#8221;<\/b><\/em> dedi.<\/p>\n<p><img decoding=\"async\" src=\"https:\/\/bihavadis.com\/wp-content\/uploads\/2026\/03\/iran-disisleri-bakani-arakci-hem-savasa-hem-de-barisa-haziriz-1-1fQFIkdE.jpg\"\/><\/p>\n<p><strong>&#8220;ABD SALDIRIRSA \u00dcSLER ME\u015eRU HEDEF OLUR&#8221;<\/strong><\/p>\n<p>Muhtemel bir ABD sald\u0131r\u0131s\u0131na da de\u011finen Arak\u00e7i \u015f\u00f6yle dedi:<\/p>\n<p>&#8220;E\u011fer ABD \u0130ran\u2019a y\u00f6nelik bir sald\u0131r\u0131 ba\u015flat\u0131rsa, b\u00f6lgedeki Amerikan \u00fcsleri me\u015fru hedef haline gelir. Biz bu noktalar\u0131 kom\u015fu \u00fclkelerin topra\u011f\u0131 olarak de\u011fil, ABD\u2019ye ait askeri unsurlar olarak de\u011ferlendiriyoruz. Daha \u00f6nce Katar\u2019daki ABD \u00fcss\u00fcn\u00fc hedef almak zorunda kald\u0131\u011f\u0131m\u0131zda, Katar D\u0131\u015fi\u015fleri Bakan\u0131 ile derhal temas kurdum. Sald\u0131r\u0131dan \u00f6nce kendisini bilgilendirdim. Bunun Katar\u2019a de\u011fil, Katar\u2019da bulunan ABD \u00fcss\u00fcne y\u00f6nelik oldu\u011funu a\u00e7\u0131k\u00e7a ifade ettim. Amac\u0131m\u0131z\u0131n karde\u015f \u00fclke Katar\u2019\u0131 hedef almak olmad\u0131\u011f\u0131n\u0131 \u00f6zellikle vurgulad\u0131m&#8221;<\/p>\n<p><strong>&#8220;ASKER\u0130 TEHD\u0130TLE TESL\u0130M OLMAYIZ&#8221;<\/strong><\/p>\n<p>Cenevre g\u00f6r\u00fc\u015fmelerinin ba\u015far\u0131s\u0131z olmas\u0131 halinde askeri se\u00e7ene\u011fin g\u00fcndeme gelebilece\u011fine ili\u015fkin soruya yan\u0131t veren Arak\u00e7i \u015funlar\u0131 s\u00f6yledi:<\/p>\n<p>&#8220;Evet, askeri se\u00e7enek var. \u00c7evremizde geni\u015f bir askeri y\u0131\u011f\u0131nak olu\u015fturdular. Ama ama\u00e7 bizi tehdit ederek teslim olmaya zorlamaksa, bu asla ger\u00e7ekle\u015fmeyecektir. Bu konuda netiz ve ge\u00e7mi\u015fte de bunu g\u00f6sterdik. Haziran ay\u0131ndaki sava\u015fta, \u0130srail\u2019in sald\u0131r\u0131s\u0131n\u0131n \u00fc\u00e7\u00fcnc\u00fc g\u00fcn\u00fcnde \u015farts\u0131z teslimiyet \u00e7a\u011fr\u0131s\u0131 yap\u0131ld\u0131\u011f\u0131n\u0131 hat\u0131rlars\u0131n\u0131z. Ancak bu ger\u00e7ekle\u015fmedi. 12 g\u00fcn\u00fcn sonunda \u015farts\u0131z ate\u015fkes isteyen taraf onlar oldu. Ayn\u0131 y\u00f6ntemi tekrar ederek farkl\u0131 bir sonu\u00e7 bekleyemezsiniz. \u00dcstelik bug\u00fcn ge\u00e7mi\u015fe g\u00f6re \u00e7ok daha haz\u0131rl\u0131kl\u0131 oldu\u011fumuz bir d\u00f6nemdeyiz&#8221;<\/p>\n<p><img decoding=\"async\" src=\"https:\/\/bihavadis.com\/wp-content\/uploads\/2026\/03\/iran-disisleri-bakani-arakci-hem-savasa-hem-de-barisa-haziriz-2-K6FVsv4S.jpg\"\/><\/p>\n<p><strong>&#8220;BU YIKICI B\u0130R SAVA\u015e OLUR&#8221;<\/strong><\/p>\n<p>Muhtemel bir sava\u015f\u0131n sonu\u00e7lar\u0131na ili\u015fkin de de\u011ferlendirmede bulunan Arak\u00e7i, <em><b>&#8220;B\u00f6yle bir durumda hi\u00e7 kimse i\u00e7in zafer olmayacakt\u0131r. Bu y\u0131k\u0131c\u0131 bir sava\u015f olur. ABD \u00fcsleri b\u00f6lgenin farkl\u0131 noktalar\u0131na da\u011f\u0131lm\u0131\u015f durumda oldu\u011fu i\u00e7in ne yaz\u0131k ki t\u00fcm b\u00f6lge bu sava\u015fa s\u00fcr\u00fcklenebilir. Bu son derece korkun\u00e7 bir tablo hatta bunun hakk\u0131nda konu\u015fmak bile istemiyorum&#8221;<\/b><\/em> \u015feklinde konu\u015ftu.<\/p>\n<p><strong>&#8220;ABD\u2019Y\u0130 SAVA\u015eA \u00c7EKMEYE \u00c7ALI\u015eIYORLAR&#8221;<\/strong><\/p>\n<p>\u0130srail\u2019i b\u00f6lgedeki gerilimin ba\u015fl\u0131ca sorumlusu olmakla su\u00e7layan Arak\u00e7i, <em><b>&#8220;Bu b\u00f6lgede sava\u015ftan yana olan tek taraf \u0130srail\u2019dir. \u0130srail\u2019in ABD\u2019yi \u0130ran\u2019la bir sava\u015fa s\u00fcr\u00fcklemeye \u00e7al\u0131\u015ft\u0131\u011f\u0131n\u0131 g\u00f6r\u00fcyoruz. Bunu tek ba\u015f\u0131na ba\u015faramad\u0131. Denedi ama sonu\u00e7 alamad\u0131 ve ard\u0131ndan Washington\u2019dan destek istedi. Bana g\u00f6re bu, ABD\u2019yi b\u00f6lgede bir sava\u015f\u0131n i\u00e7ine \u00e7ekmeye y\u00f6nelik bir \u0130srail giri\u015fimidir&#8221;<\/b><\/em> ifadelerini kulland\u0131.<\/p>\n<p><img decoding=\"async\" src=\"https:\/\/bihavadis.com\/wp-content\/uploads\/2026\/03\/iran-disisleri-bakani-arakci-hem-savasa-hem-de-barisa-haziriz-3-KQIxLwzU.jpg\"\/><\/p>\n<p><strong>&#8220;S\u0130STEM\u0130M\u0130Z K\u0130\u015e\u0130LERE BA\u011eLI DE\u011e\u0130L&#8221;<\/strong><\/p>\n<p>\u0130ran dini lideri Ayetullah Ali Hamaney\u2019in hedef al\u0131nmas\u0131 halinde ne olaca\u011f\u0131na ili\u015fkin soruya da yan\u0131t veren Arak\u00e7i \u015f\u00f6yle dedi:<\/p>\n<p>&#8220;ABD medyas\u0131nda ve baz\u0131 \u00e7evrelerde liderimiz Hamaney\u2019e y\u00f6nelik suikast senaryolar\u0131n\u0131n g\u00fcndeme getirildi\u011fini g\u00f6r\u00fcyoruz. Ancak \u0130ran\u2019da s\u00fcre\u00e7ler ki\u015filere ba\u011fl\u0131 de\u011fil, kurumsal i\u015fleyi\u015fe dayan\u0131r. Sistem i\u00e7inde tan\u0131ml\u0131 ve yerle\u015fik bir mekanizma var. Bu nedenle herhangi bir bo\u015fluk ya da kriz ya\u015fanmaz. Bu konu anayasam\u0131zda d\u00fczenlenmi\u015ftir. Gerekti\u011finde yeni lideri se\u00e7mekle g\u00f6revli Uzmanlar Meclisi vard\u0131r. Ayetullah Humeyni\u2019nin vefat\u0131n\u0131n ard\u0131ndan da ayn\u0131 s\u00fcre\u00e7 i\u015fletilmi\u015f ve 24 saatten k\u0131sa s\u00fcrede yeni lider belirlenmi\u015ftir. \u0130htiya\u00e7 duyuldu\u011funda ayn\u0131 mekanizma yeniden devreye girer. Bu konuda bir sorun yoktur&#8221;<\/p>\n<p><strong>ARAK\u00c7\u0130, N\u00dcKLEER M\u00dcZAKERELER \u0130\u00c7\u0130N CENEVRE\u2019YE GELD\u0130<\/strong><\/p>\n<p>Arak\u00e7i a\u00e7\u0131klamalar\u0131n\u0131n ard\u0131ndan k\u0131sa bir s\u00fcre sonra beraberindeki heyetle birlikte ABD ile y\u00fcr\u00fct\u00fclen dolayl\u0131 n\u00fckleer m\u00fczakerelerin \u00fc\u00e7\u00fcnc\u00fc turu i\u00e7in \u0130svi\u00e7re\u2019nin Cenevre kentine geldi.<\/p>\n<p>\u0130ran ile ABD aras\u0131nda Umman\u2019\u0131n arabuluculu\u011funda ger\u00e7ekle\u015ftirilen g\u00f6r\u00fc\u015fmelerde, yapt\u0131r\u0131mlar\u0131n kald\u0131r\u0131lmas\u0131 ve \u0130ran\u2019\u0131n n\u00fckleer program\u0131na ili\u015fkin konular\u0131n ele al\u0131nmas\u0131 bekleniyor.<\/p>\n<p>Tahran y\u00f6netimi, s\u00fcrecin adil ve dengeli bir anla\u015fmayla sonu\u00e7lanabilece\u011fi mesaj\u0131n\u0131 verirken, \u00fc\u00e7\u00fcnc\u00fc turun \u00f6nceki temaslarda ele al\u0131nan ba\u015fl\u0131klar\u0131n netle\u015ftirilmesi a\u00e7\u0131s\u0131ndan \u00f6nem ta\u015f\u0131d\u0131\u011f\u0131 de\u011ferlendiriliyor.<\/p>\n<div> <span><strong>Kaynak:<\/strong> \u0130hlas Haber Ajans\u0131 (\u0130HA)<\/span> <\/div>\n","protected":false},"excerpt":{"rendered":"<p>\u0130ran D\u0131\u015fi\u015fleri Bakan\u0131 Abbas Arak\u00e7i, uluslararas\u0131 bas\u0131na verdi\u011fi bir r\u00f6portajda, ABD Ba\u015fkan\u0131 Donald Trump\u2019\u0131n \u0130ran\u2019a y\u00f6nelik a\u00e7\u0131klamalar\u0131na, ABD ile y\u00fcr\u00fct\u00fclen m\u00fczakereler ve muhtemel askeri senaryolara ili\u015fkin de\u011ferlendirmelerde bulundu. &#8220;HEM SAVA\u015eA &#8230;<\/p>\n","protected":false},"author":1,"featured_media":67502,"comment_status":"open","ping_status":"open","sticky":false,"template":"","format":"standard","meta":{"footnotes":""},"categories":[6],"tags":[272,1545,2032,1113,271],"class_list":["post-67501","post","type-post","status-publish","format-standard","has-post-thumbnail","hentry","category-dunya","tag-abd","tag-arakci","tag-askeri","tag-hazir","tag-iran"],"_links":{"self":[{"href":"https:\/\/bihavadis.com\/index.php\/wp-json\/wp\/v2\/posts\/67501","targetHints":{"allow":["GET"]}}],"collection":[{"href":"https:\/\/bihavadis.com\/index.php\/wp-json\/wp\/v2\/posts"}],"about":[{"href":"https:\/\/bihavadis.com\/index.php\/wp-json\/wp\/v2\/types\/post"}],"author":[{"embeddable":true,"href":"https:\/\/bihavadis.com\/index.php\/wp-json\/wp\/v2\/users\/1"}],"replies":[{"embeddable":true,"href":"https:\/\/bihavadis.com\/index.php\/wp-json\/wp\/v2\/comments?post=67501"}],"version-history":[{"count":1,"href":"https:\/\/bihavadis.com\/index.php\/wp-json\/wp\/v2\/posts\/67501\/revisions"}],"predecessor-version":[{"id":67507,"href":"https:\/\/bihavadis.com\/index.php\/wp-json\/wp\/v2\/posts\/67501\/revisions\/67507"}],"wp:featuredmedia":[{"embeddable":true,"href":"https:\/\/bihavadis.com\/index.php\/wp-json\/wp\/v2\/media\/67502"}],"wp:attachment":[{"href":"https:\/\/bihavadis.com\/index.php\/wp-json\/wp\/v2\/media?parent=67501"}],"wp:term":[{"taxonomy":"category","embeddable":true,"href":"https:\/\/bihavadis.com\/index.php\/wp-json\/wp\/v2\/categories?post=67501"},{"taxonomy":"post_tag","embeddable":true,"href":"https:\/\/bihavadis.com\/index.php\/wp-json\/wp\/v2\/tags?post=67501"}],"curies":[{"name":"wp","href":"https:\/\/api.w.org\/{rel}","templated":true}]}}