{"id":67508,"date":"2026-03-09T09:24:12","date_gmt":"2026-03-09T09:24:12","guid":{"rendered":"https:\/\/bihavadis.com\/?p=67508"},"modified":"2026-03-09T09:24:12","modified_gmt":"2026-03-09T09:24:12","slug":"deniz-kayadelenden-buzda-4-madalya","status":"publish","type":"post","link":"https:\/\/bihavadis.com\/index.php\/2026\/03\/09\/deniz-kayadelenden-buzda-4-madalya\/","title":{"rendered":"Deniz Kayadelen&#8217;den Buzda 4 Madalya"},"content":{"rendered":"<p>\n<p>G\u00fcrsoy OLCA\/\u0130STANBUL, \u2014 GUINNESS D\u00fcnya Rekoru sahibi, T\u00fcrkiye&#8217;nin ilk T\u00fcrk buz y\u00fcz\u00fcc\u00fcs\u00fc, 6 kez d\u00fcnya \u015fampiyonu, Bak\u0131rk\u00f6y Ata Spor Kul\u00fcb\u00fc y\u00fcz\u00fcc\u00fcs\u00fc ve International Ice Swimming Association (IISA) T\u00fcrkiye Ba\u015fkan\u0131 Deniz Kayadelen, IISA Avrupa \u015eampiyonas\u0131&#8217;nda 1\u00b0C buz gibi suda ger\u00e7ekle\u015fen yar\u0131\u015flarda 4 yar\u0131\u015fta 4 madalya kazanarak T\u00fcrkiye&#8217;yi tek T\u00fcrk sporcu olarak temsil etti.<\/p>\n<p>Bu ba\u015far\u0131, yaln\u0131zca spor tarihine ge\u00e7en derecelerle de\u011fil, annelik, dayan\u0131kl\u0131l\u0131k ve T\u00fcrk kad\u0131n\u0131n\u0131n g\u00fcc\u00fc ile yaz\u0131lan bir hikaye oldu.<\/p>\n<p>B\u0130R YIL, \u0130K\u0130 B\u00dcY\u00dcK H\u0130KAYE<\/p>\n<p>Deniz Kayadelen, ge\u00e7ti\u011fimiz y\u0131l bebe\u011fi hen\u00fcz 1 ayl\u0131kken, 500 m serbest yar\u0131\u015f\u0131nda d\u00fcnya \u015fampiyonu olmu\u015ftu. Bu y\u0131l ise Avrupa \u015eampiyonas\u0131&#8217;nda, taze bir anne olarak, 4 farkl\u0131 yar\u0131\u015fta 4 madalya kazanarak istikrar\u0131n\u0131 ve g\u00fcc\u00fcn\u00fc bir kez daha ortaya koydu.<\/p>\n<p>Kayadelen&#8217;in Avrupa \u015eampiyonas\u0131 sonu\u00e7lar\u0131 \u015f\u00f6yle oldu.<\/p>\n<p> \u2022 100 m Kelebek \u2014 1: 33<\/p>\n<p> \u2022 250 m Serbest \u2014 3: 46<\/p>\n<p> \u2022 100 m Serbest \u2014 1: 17.74 (alt\u0131n madalya sadece 20 salise farkla)<\/p>\n<p> \u2022 50 m Kelebek \u2014 0: 40<\/p>\n<p>Toplam: 2 Alt\u0131n-2 G\u00fcm\u00fc\u015f<\/p>\n<p>KIRAN KIRANA M\u00dcCADELE<\/p>\n<p>\u015eampiyonan\u0131n son g\u00fcn\u00fc y\u00fcz\u00fclen 100 m serbest yar\u0131\u015f\u0131, nefesleri kesti. Kayadelen son metreye kadar \u00f6ndeydi. Rakibi, son anda sadece kol fark\u0131yla, 20 salise farkla \u00f6ne ge\u00e7ti. <\/p>\n<p>ANNEL\u0130K VE \u0130LHAM<\/p>\n<p>Deniz Kayadelen bu \u015fampiyonada yaln\u0131zca kendisi i\u00e7in y\u00fczmedi. Annesi i\u00e7in,<\/p>\n<p>k\u0131z\u0131 i\u00e7in, ve hayallerinden vazge\u00e7memesi gerekti\u011fini d\u00fc\u015f\u00fcnen t\u00fcm kad\u0131nlar i\u00e7in y\u00fczd\u00fc.<\/p>\n<p>&#8220;Annelik beni yava\u015flatmad\u0131, derinle\u015ftirdi,&#8221; diyen Kayadelen, T\u00fcrk kad\u0131n\u0131n\u0131n hem \u015fefkatli hem g\u00fc\u00e7l\u00fc, hem duyarl\u0131 hem kararl\u0131 olabilece\u011fini bir kez daha g\u00f6sterdi.<\/p>\n<p>Sait Babao\u011flu ba\u015fkanl\u0131\u011f\u0131nda \u00e7ok say\u0131da ba\u015far\u0131l\u0131 sporcuyu T\u00fcrk sporuna kazand\u0131ran Bak\u0131rk\u00f6y Ata Spor Kul\u00fcb\u00fc&#8217;n\u00fcn sporcusu olan Deniz Kayadelen&#8217;in hedefi; buz y\u00fczmeyi T\u00fcrkiye&#8217;de daha geni\u015f kitlelere tan\u0131tmak, daha fazla T\u00fcrk sporcunun bu bran\u015fa ad\u0131m atmas\u0131n\u0131 sa\u011flamak ve gelecekte T\u00fcrkiye&#8217;de uluslararas\u0131 buz y\u00fczme yar\u0131\u015fmalar\u0131 d\u00fczenlemek. <\/p>\n<p>Kayadelen yar\u0131\u015fma sonras\u0131 d\u00fc\u015f\u00fcncelerini \u015f\u00f6yle aktard\u0131: <\/p>\n<p>&#8220;Merhabalar, \u0130talya Molveno&#8217;dan selamlar. Evet, 4 yar\u0131\u015f y\u00fczd\u00fcm d\u00f6rd\u00fc de bitti. 2 alt\u0131n, 2 g\u00fcm\u00fc\u015fle tamamlad\u0131m. B\u00fct\u00fcn kula\u00e7lar\u0131m T\u00fcrk kad\u0131nlar\u0131na, annelere, T\u00fcrk kad\u0131n\u0131n\u0131n g\u00fcc\u00fcn\u00fc g\u00f6stermek i\u00e7indi.<\/p>\n<p>Evet, taze bir anne olarak uykusuz gecelere ra\u011fmen 1 derecelik suda yar\u0131\u015ft\u0131m, y\u00fczd\u00fcm; nefesim kesile kesile&#8230; \u015eimdi birazc\u0131k g\u00fcne\u015f olsa da su buz gibi! Seneye in\u015fallah daha fazla T\u00fcrk yar\u0131\u015fmac\u0131larla burada olaca\u011f\u0131z. Herkese destekleri i\u00e7in \u00e7ok \u00e7ok te\u015fekk\u00fcr ediyorum.&#8221;<\/p>\n","protected":false},"excerpt":{"rendered":"<p>Deniz Kayadelen, Avrupa \u015eampiyonas\u0131&#8217;nda 1\u00b0C suda 4 madalya kazanarak T\u00fcrkiye&#8217;yi temsil etti.<\/p>\n","protected":false},"author":1,"featured_media":67509,"comment_status":"open","ping_status":"open","sticky":false,"template":"","format":"standard","meta":{"footnotes":""},"categories":[14],"tags":[299,7633,440,517,444],"class_list":["post-67508","post","type-post","status-publish","format-standard","has-post-thumbnail","hentry","category-spor","tag-anne","tag-kayadelen","tag-spor","tag-turk","tag-yaris"],"_links":{"self":[{"href":"https:\/\/bihavadis.com\/index.php\/wp-json\/wp\/v2\/posts\/67508","targetHints":{"allow":["GET"]}}],"collection":[{"href":"https:\/\/bihavadis.com\/index.php\/wp-json\/wp\/v2\/posts"}],"about":[{"href":"https:\/\/bihavadis.com\/index.php\/wp-json\/wp\/v2\/types\/post"}],"author":[{"embeddable":true,"href":"https:\/\/bihavadis.com\/index.php\/wp-json\/wp\/v2\/users\/1"}],"replies":[{"embeddable":true,"href":"https:\/\/bihavadis.com\/index.php\/wp-json\/wp\/v2\/comments?post=67508"}],"version-history":[{"count":1,"href":"https:\/\/bihavadis.com\/index.php\/wp-json\/wp\/v2\/posts\/67508\/revisions"}],"predecessor-version":[{"id":67510,"href":"https:\/\/bihavadis.com\/index.php\/wp-json\/wp\/v2\/posts\/67508\/revisions\/67510"}],"wp:featuredmedia":[{"embeddable":true,"href":"https:\/\/bihavadis.com\/index.php\/wp-json\/wp\/v2\/media\/67509"}],"wp:attachment":[{"href":"https:\/\/bihavadis.com\/index.php\/wp-json\/wp\/v2\/media?parent=67508"}],"wp:term":[{"taxonomy":"category","embeddable":true,"href":"https:\/\/bihavadis.com\/index.php\/wp-json\/wp\/v2\/categories?post=67508"},{"taxonomy":"post_tag","embeddable":true,"href":"https:\/\/bihavadis.com\/index.php\/wp-json\/wp\/v2\/tags?post=67508"}],"curies":[{"name":"wp","href":"https:\/\/api.w.org\/{rel}","templated":true}]}}