{"id":67511,"date":"2026-03-09T09:27:06","date_gmt":"2026-03-09T09:27:06","guid":{"rendered":"https:\/\/bihavadis.com\/?p=67511"},"modified":"2026-03-09T09:27:06","modified_gmt":"2026-03-09T09:27:06","slug":"mudanyada-8-mart-dayanismasi","status":"publish","type":"post","link":"https:\/\/bihavadis.com\/index.php\/2026\/03\/09\/mudanyada-8-mart-dayanismasi\/","title":{"rendered":"Mudanya&#8217;da 8 Mart Dayan\u0131\u015fmas\u0131\u00a0"},"content":{"rendered":"<p><b>Kad\u0131n \u00e7al\u0131\u015fan oran\u0131 y\u00fczde 34\u2019\u00fc a\u015fan ve bu oranla Bursa\u2019daki belediyeler aras\u0131nda ilk s\u0131rada yer alan Mudanya Belediyesi, 8 Mart D\u00fcnya Emek\u00e7i Kad\u0131nlar G\u00fcn\u00fc kapsam\u0131nda sergi, konser ve tiyatro g\u00f6sterilerinin yer ald\u0131\u011f\u0131 bir program d\u00fczenledi. Ba\u015fkan Deniz Dalg\u0131\u00e7, kad\u0131nlar\u0131n varl\u0131\u011f\u0131n\u0131n say\u0131larla de\u011fil e\u015fitlikle konu\u015fulaca\u011f\u0131 bir gelecek umudunu dile getirdi.<\/b><\/p>\n<p>Kad\u0131n \u00e7al\u0131\u015fan oran\u0131 y\u00fczde 34\u2019\u00fc a\u015fan ve bu oranla Bursa\u2019daki belediyeler aras\u0131nda ilk s\u0131rada yer alan Mudanya Belediyesi, 8 Mart D\u00fcnya Emek\u00e7i Kad\u0131nlar G\u00fcn\u00fc\u2019nde dayan\u0131\u015fma, m\u00fccadele ve fedakarl\u0131k temal\u0131 etkinlikler d\u00fczenledi.\u00a0<\/p>\n<p>Program, Bursa Foto\u011fraf ve Sinema Amat\u00f6rleri Derne\u011fi\u2019nin (BUFSAD) Cumhuriyet Galerisi\u2019nde a\u00e7\u0131lan \u201cG\u00f6lgede Kalanlar\u201d foto\u011fraf sergisiyle ba\u015flad\u0131. Ard\u0131ndan M\u00fctareke Meydan\u0131\u2019nda Bar\u0131\u015f Kad\u0131n Bandosu konser verdi, \u0130zmir B\u00fcy\u00fck\u015fehir Belediyesi Yeniba\u011faras\u0131 K\u00f6y Tiyatrosu ise \u201cAd\u0131m\u0131z Kad\u0131n Soyad\u0131m\u0131z Zafer\u201d adl\u0131 oyunuyla sahne ald\u0131. Programa Mudanya Belediye Ba\u015fkan\u0131 Deniz Dalg\u0131\u00e7, ba\u015fkan yard\u0131mc\u0131lar\u0131 Nisa Kartaltepe ve Sa\u011fra Kahraman Sevin\u00e7, meclis \u00fcyeleri ve \u00e7ok say\u0131da Mudanyal\u0131 kat\u0131ld\u0131.<\/p>\n<p><b>\u201cGURUR VE ONUR DUYUYORUM\u201d<\/b><\/p>\n<p>Bursa ve T\u00fcrkiye\u2019de kad\u0131n istihdam\u0131nda en y\u00fcksek orana sahip belediyelerden biri olduklar\u0131n\u0131 i\u00e7in gurur ve onur duydu\u011funu ifade eden Mudanya Belediye Ba\u015fkan\u0131 Deniz Dalg\u0131\u00e7, \u201cY\u00fczde 34\u2019\u00fcn \u00fczerinde kad\u0131n arkada\u015f\u0131m\u0131zla birlikte \u00e7al\u0131\u015f\u0131yoruz. Atat\u00fcrk\u2019\u00fcn T\u00fcrk kad\u0131n\u0131na se\u00e7me ve se\u00e7ilme hakk\u0131n\u0131 vermesinden 100 y\u0131l sonra T\u00fcrkiye\u2019de hala kad\u0131n\u0131n varl\u0131\u011f\u0131n\u0131, say\u0131s\u0131n\u0131 ve oran\u0131n\u0131 konu\u015fuyor olmak b\u00fcy\u00fck bir haks\u0131zl\u0131k\u201d dedi.\u00a0<\/p>\n<p>Kad\u0131n g\u00fcc\u00fcn\u00fcn d\u00fcnyay\u0131 iyile\u015ftirece\u011fini s\u00f6yleyen Ba\u015fkan Dalg\u0131\u00e7, \u201cBiz belediye olarak cinsiyet k\u00f6r bir belediyeyiz. Kad\u0131nlarla ilgili oranlar\u0131 konu\u015fmayaca\u011f\u0131m\u0131z g\u00fcnlerin geli\u015fmesi dile\u011fiyle kad\u0131nlar g\u00fcn\u00fcn\u00fc kutluyorum\u201d ifadelerini kulland\u0131.\u00a0<\/p>\n<p><b>\u201cKADIN EME\u011e\u0130 SESS\u0130Z AMA G\u00dc\u00c7L\u00dcD\u00dcR\u201d<\/b><\/p>\n<p>Mudanya Belediye Ba\u015fkan Yard\u0131mc\u0131s\u0131 Nisa Kartaltepe, kad\u0131nlar\u0131n \u00fcretimde ve y\u00f6netimde daha g\u00f6r\u00fcn\u00fcr hale geldi\u011fini belirterek yerel y\u00f6netimlerin bu d\u00f6n\u00fc\u015f\u00fcm\u00fcn \u00f6nemli bir par\u00e7as\u0131 oldu\u011funu s\u00f6yledi.<\/p>\n<p>Ba\u015fkan Yard\u0131mc\u0131s\u0131 Av. Sa\u011fra Kahraman Sevin\u00e7 ise kad\u0131nlar\u0131n hikayelerinde en g\u00fc\u00e7l\u00fc kelimelerden birinin dayan\u0131\u015fma oldu\u011funu ifade ederek, kad\u0131n eme\u011finin \u00e7o\u011fu zaman sessiz kald\u0131\u011f\u0131n\u0131 ancak hayat\u0131n en g\u00fc\u00e7l\u00fc taraflar\u0131ndan birini olu\u015fturdu\u011funu dile getirdi.<\/p>\n<p><b>KADINLARIN FEDAKARLI\u011eI ANLATILDI<\/b><\/p>\n<p>Kad\u0131n Bar\u0131\u015f Bandosu\u2019nun konserinin ard\u0131ndan sahne alan \u0130zmir B\u00fcy\u00fck\u015fehir Belediyesi Yeniba\u011faras\u0131 K\u00f6y Tiyatrosu\u2019nun \u201cAd\u0131m\u0131z Kad\u0131n Soyad\u0131m\u0131z Zafer\u201d adl\u0131 oyunu izleyicilerden ilgi g\u00f6rd\u00fc. Kurtulu\u015f Sava\u015f\u0131 d\u00f6neminde kad\u0131nlar\u0131n m\u00fccadelesini anlatan oyunda, T\u00fcrk kad\u0131n\u0131n\u0131n g\u00fcc\u00fc, fedakarl\u0131\u011f\u0131 ve direni\u015fi sahneye ta\u015f\u0131nd\u0131.<\/p>\n<p>BUFSAD taraf\u0131ndan haz\u0131rlanan ve 55 foto\u011fraftan olu\u015fan \u201cG\u00f6lgede Kalanlar\u201d sergisi ise g\u00f6r\u00fcnmeyen hikayeleri g\u00f6r\u00fcn\u00fcr k\u0131lmay\u0131 ama\u00e7l\u0131yor. Toplumsal duyarl\u0131l\u0131\u011fa dikkat \u00e7eken sergi, 31 Mart\u2019a kadar Cumhuriyet Galerisi\u2019nde ziyaret edilebilecek.<\/p>\n<p>Kaynak: (BYZHA) Beyaz Haber Ajans\u0131<\/p>\n","protected":false},"excerpt":{"rendered":"<p>Kad\u0131n \u00e7al\u0131\u015fan oran\u0131 y\u00fczde 34\u2019\u00fc a\u015fan ve bu oranla Bursa\u2019daki belediyeler aras\u0131nda ilk s\u0131rada yer alan Mudanya Belediyesi, 8 Mart D\u00fcnya Emek\u00e7i Kad\u0131nlar G\u00fcn\u00fc kapsam\u0131nda sergi, konser ve tiyatro g\u00f6sterilerinin yer ald\u0131\u011f\u0131 bir program d\u00fczenledi.<\/p>\n","protected":false},"author":1,"featured_media":67512,"comment_status":"open","ping_status":"open","sticky":false,"template":"","format":"standard","meta":{"footnotes":""},"categories":[4],"tags":[516,372,380],"class_list":["post-67511","post","type-post","status-publish","format-standard","has-post-thumbnail","hentry","category-gundem","tag-baskan","tag-belediye","tag-kadin"],"_links":{"self":[{"href":"https:\/\/bihavadis.com\/index.php\/wp-json\/wp\/v2\/posts\/67511","targetHints":{"allow":["GET"]}}],"collection":[{"href":"https:\/\/bihavadis.com\/index.php\/wp-json\/wp\/v2\/posts"}],"about":[{"href":"https:\/\/bihavadis.com\/index.php\/wp-json\/wp\/v2\/types\/post"}],"author":[{"embeddable":true,"href":"https:\/\/bihavadis.com\/index.php\/wp-json\/wp\/v2\/users\/1"}],"replies":[{"embeddable":true,"href":"https:\/\/bihavadis.com\/index.php\/wp-json\/wp\/v2\/comments?post=67511"}],"version-history":[{"count":1,"href":"https:\/\/bihavadis.com\/index.php\/wp-json\/wp\/v2\/posts\/67511\/revisions"}],"predecessor-version":[{"id":67513,"href":"https:\/\/bihavadis.com\/index.php\/wp-json\/wp\/v2\/posts\/67511\/revisions\/67513"}],"wp:featuredmedia":[{"embeddable":true,"href":"https:\/\/bihavadis.com\/index.php\/wp-json\/wp\/v2\/media\/67512"}],"wp:attachment":[{"href":"https:\/\/bihavadis.com\/index.php\/wp-json\/wp\/v2\/media?parent=67511"}],"wp:term":[{"taxonomy":"category","embeddable":true,"href":"https:\/\/bihavadis.com\/index.php\/wp-json\/wp\/v2\/categories?post=67511"},{"taxonomy":"post_tag","embeddable":true,"href":"https:\/\/bihavadis.com\/index.php\/wp-json\/wp\/v2\/tags?post=67511"}],"curies":[{"name":"wp","href":"https:\/\/api.w.org\/{rel}","templated":true}]}}