{"id":67520,"date":"2026-03-09T09:33:10","date_gmt":"2026-03-09T09:33:10","guid":{"rendered":"https:\/\/bihavadis.com\/?p=67520"},"modified":"2026-03-09T09:33:10","modified_gmt":"2026-03-09T09:33:10","slug":"bakan-bak-kis-olimpiyatlarinda-milli-takimi-ziyaret-etti","status":"publish","type":"post","link":"https:\/\/bihavadis.com\/index.php\/2026\/03\/09\/bakan-bak-kis-olimpiyatlarinda-milli-takimi-ziyaret-etti\/","title":{"rendered":"Bakan Bak, K\u0131\u015f Olimpiyatlar\u0131&#8217;nda Milli Tak\u0131m&#8217;\u0131 Ziyaret Etti"},"content":{"rendered":"<p>\n<p>2026 Milano-Cortina K\u0131\u015f Olimpiyatlar\u0131&#8217;n\u0131 izlemek \u00fczere \u0130talya&#8217;da bulunan Gen\u00e7lik ve Spor Bakan\u0131 Dr. Osman A\u015fk\u0131n Bak, T\u00fcrkiye Milli Tak\u0131m kafilesini ziyaret etti. Bakan Bak, sporculara ba\u015far\u0131 dileklerini ileterek T\u00fcrkiye&#8217;yi, K\u0131\u015f Olimpiyatlar\u0131nda en iyi \u015fekilde temsil edeceklerine olan inanc\u0131n\u0131 dile getirdi.<\/p>\n<p>\u0130talya&#8217;n\u0131n ev sahipli\u011finde d\u00fczenlenen 2026 Milano-Cortina K\u0131\u015f Olimpiyatlar\u0131&#8217;n\u0131n resmi a\u00e7\u0131l\u0131\u015f t\u00f6renine kat\u0131lan Gen\u00e7lik ve Spor Bakan\u0131 Dr. Osman A\u015fk\u0131n Bak, \u00fclkemizi olimpiyatlarda temsil edecek olan milli sporcularla bir araya geldi.<\/p>\n<p>Bakan Bak, m\u00fcsabaka haz\u0131rl\u0131klar\u0131n\u0131 s\u00fcrd\u00fcren milli sporcular\u0131 antrenman \u00f6ncesinde ziyaret etti. <\/p>\n<p>Ziyarette Bakan Bak&#8217;a, T\u00fcrkiye&#8217;nin Roma B\u00fcy\u00fckel\u00e7isi Elif \u00c7omo\u011flu \u00dclgen, ayn\u0131 zamanda T\u00fcrkiye Milli Tak\u0131m Kafilesinin Ba\u015fkanl\u0131\u011f\u0131n\u0131 yapan Spor Hizmetleri Genel M\u00fcd\u00fcr\u00fc Prof. Dr. Veli Ozan \u00c7ak\u0131r, Spor Hizmetleri Genel M\u00fcd\u00fcrl\u00fc\u011f\u00fc Spor Etkinlikleri Daire Ba\u015fkan\u0131 ve Kafile Ba\u015fkan Yard\u0131mc\u0131s\u0131 Emre \u015eahin ile T\u00fcrkiye&#8217;nin Milano Ba\u015fkonsolosu Mehmet \u00d6z\u00f6ktem e\u015flik etti. <\/p>\n<p>Bakan Dr. Osman A\u015fk\u0131n Bak, konaklad\u0131klar\u0131 yer ve haz\u0131rl\u0131k \u00e7al\u0131\u015fmalar\u0131 hakk\u0131nda milli sporculardan, teknik heyetten ve yetkililerden bilgi ald\u0131. <\/p>\n<p>Sporculara ba\u015far\u0131 dileklerini ileten Bakan Bak, T\u00fcrkiye&#8217;yi K\u0131\u015f Olimpiyatlar\u0131nda en iyi \u015fekilde temsil edeceklerine olan inanc\u0131n\u0131 dile getirdi.<\/p>\n<p>Bakan Bak, &#8220;Burada sizin enerjinizi ve heyecan\u0131n\u0131z\u0131 g\u00f6rmek bizlere b\u00fcy\u00fck moral veriyor. \u00c7ok emek veriyorsunuz, bunun fark\u0131nday\u0131z. Sizlerin azmi ve disiplini bizler i\u00e7in b\u00fcy\u00fck bir gurur kayna\u011f\u0131. Sizler sadece bir m\u00fcsabakaya de\u011fil, \u00fclkemizi temsil etmeye haz\u0131rlan\u0131yorsunuz. Yar\u0131\u015flara \u00e7\u0131kt\u0131\u011f\u0131n\u0131zda milyonlar\u0131n kalbinin sizinle att\u0131\u011f\u0131n\u0131 unutmay\u0131n. Ay-y\u0131ld\u0131zl\u0131 bayra\u011f\u0131m\u0131z\u0131 K\u0131\u015f Olimpiyatlar\u0131&#8217;nda en iyi \u015fekilde temsil edece\u011finize y\u00fcrekten inan\u0131yorum. Hepinize ba\u015far\u0131lar diliyorum.&#8221; ifadelerini kulland\u0131.<\/p>\n<p>Milli sporcular da Bakan Bak&#8217;a desteklerinden dolay\u0131 te\u015fekk\u00fcr ederek, T\u00fcrkiye&#8217;yi en iyi \u015fekilde temsil etmek i\u00e7in m\u00fccadele edeceklerini s\u00f6ylediler. <\/p>\n<p>2026 Milano-Cortina K\u0131\u015f Olimpiyatlar\u0131&#8217;nda 8 sporcuyla m\u00fccadele edecek milli tak\u0131m kafilesinde; k\u0131sa kulvar s\u00fcrat pateninde Furkan Akar, Denis \u00d6rs, kayakl\u0131 ko\u015fuda \u0130rem Dursun, Abdullah Y\u0131lmaz, alp disiplininde Ada Has\u0131rc\u0131, Thomas Kaan \u00d6nol Lang, kayakla atlamada Fatih Arda \u0130pcio\u011flu ve Muhammed Ali Bedir yer al\u0131yor.<\/p>\n","protected":false},"excerpt":{"rendered":"<p>Gen\u00e7lik ve Spor Bakan\u0131 Dr. Osman A\u015fk\u0131n Bak, 2026 K\u0131\u015f Olimpiyatlar\u0131&#8217;nda milli sporcularla bir araya geldi.<\/p>\n","protected":false},"author":1,"featured_media":67521,"comment_status":"open","ping_status":"open","sticky":false,"template":"","format":"standard","meta":{"footnotes":""},"categories":[14],"tags":[1937,436,1907,440,197],"class_list":["post-67520","post","type-post","status-publish","format-standard","has-post-thumbnail","hentry","category-spor","tag-bak","tag-bakan","tag-milli","tag-spor","tag-turkiye"],"_links":{"self":[{"href":"https:\/\/bihavadis.com\/index.php\/wp-json\/wp\/v2\/posts\/67520","targetHints":{"allow":["GET"]}}],"collection":[{"href":"https:\/\/bihavadis.com\/index.php\/wp-json\/wp\/v2\/posts"}],"about":[{"href":"https:\/\/bihavadis.com\/index.php\/wp-json\/wp\/v2\/types\/post"}],"author":[{"embeddable":true,"href":"https:\/\/bihavadis.com\/index.php\/wp-json\/wp\/v2\/users\/1"}],"replies":[{"embeddable":true,"href":"https:\/\/bihavadis.com\/index.php\/wp-json\/wp\/v2\/comments?post=67520"}],"version-history":[{"count":1,"href":"https:\/\/bihavadis.com\/index.php\/wp-json\/wp\/v2\/posts\/67520\/revisions"}],"predecessor-version":[{"id":67522,"href":"https:\/\/bihavadis.com\/index.php\/wp-json\/wp\/v2\/posts\/67520\/revisions\/67522"}],"wp:featuredmedia":[{"embeddable":true,"href":"https:\/\/bihavadis.com\/index.php\/wp-json\/wp\/v2\/media\/67521"}],"wp:attachment":[{"href":"https:\/\/bihavadis.com\/index.php\/wp-json\/wp\/v2\/media?parent=67520"}],"wp:term":[{"taxonomy":"category","embeddable":true,"href":"https:\/\/bihavadis.com\/index.php\/wp-json\/wp\/v2\/categories?post=67520"},{"taxonomy":"post_tag","embeddable":true,"href":"https:\/\/bihavadis.com\/index.php\/wp-json\/wp\/v2\/tags?post=67520"}],"curies":[{"name":"wp","href":"https:\/\/api.w.org\/{rel}","templated":true}]}}