{"id":67550,"date":"2026-03-09T09:57:15","date_gmt":"2026-03-09T09:57:15","guid":{"rendered":"https:\/\/bihavadis.com\/?p=67550"},"modified":"2026-03-09T09:57:15","modified_gmt":"2026-03-09T09:57:15","slug":"antalyada-heyelan-yol-coktu","status":"publish","type":"post","link":"https:\/\/bihavadis.com\/index.php\/2026\/03\/09\/antalyada-heyelan-yol-coktu\/","title":{"rendered":"Antalya&#8217;da Heyelan: Yol \u00c7\u00f6kt\u00fc"},"content":{"rendered":"<p>\n<p>ANTALYA&#8217;da etkili olan kuvvetli sa\u011fanak ve f\u0131rt\u0131na sonras\u0131 Konyaalt\u0131- Hisar\u00e7and\u0131r yolunda meydana gelen heyelan\u0131n etkisiyle asfalt yol \u00e7\u00f6kt\u00fc. G\u00fcvenlik amac\u0131yla yol trafi\u011fe kapat\u0131ld\u0131, meydana gelen hasar dron ile g\u00f6r\u00fcnt\u00fclendi.<\/p>\n<p> Antalya&#8217;da Meteoroloji Genel M\u00fcd\u00fcrl\u00fc\u011f\u00fc&#8217;n\u00fcn &#8216;sar\u0131 kodlu&#8217; uyar\u0131s\u0131n\u0131n ard\u0131ndan 5 \u015eubat ak\u015fam\u0131 etkili olan kuvvetli sa\u011fanak ve f\u0131rt\u0131na, Konyaalt\u0131 il\u00e7esinde heyelana yol a\u00e7t\u0131. Heyelan nedeniyle Konyaalt\u0131- Hisar\u00e7and\u0131r yolunda yakla\u015f\u0131k 1 metreyi bulan yar\u0131klar ve \u00e7\u00f6kmeler olu\u015ftu. Yol kenar\u0131nda bulunan y\u00fcksek gerilim hatt\u0131 dire\u011finin hasar ald\u0131\u011f\u0131 ve yan yatt\u0131\u011f\u0131 g\u00f6r\u00fcld\u00fc. Olas\u0131 risklere kar\u015f\u0131 b\u00f6lgede g\u00fcvenlik \u00f6nlemleri al\u0131nd\u0131, yol, trafi\u011fe kapat\u0131ld\u0131. Yetkililer, s\u00fcr\u00fcc\u00fcleri alternatif g\u00fczergahlar\u0131 kullanmalar\u0131 konusunda uyard\u0131.<\/p>\n<p>&#8216;DAHA \u00d6NCE H\u0130\u00c7 B\u00d6YLE OLMAMI\u015eTI&#8217;<\/p>\n<p>Konyaalt\u0131&#8217;nda oturan ve Hisar\u00e7and\u0131r yolunu kullanmak i\u00e7in yola \u00e7\u0131kan Leyla Demirel (55), &#8220;Ge\u00e7en pazar g\u00fcn\u00fc gelmi\u015ftik b\u00f6yle bir \u015fey yoktu burada. Daha \u00f6nce hi\u00e7 b\u00f6yle bir \u015fey g\u00f6rmedim. Mantar toplamaya gidiyordum, yolu b\u00f6yle g\u00f6rd\u00fcm ve \u00e7ok \u015fa\u015f\u0131rd\u0131m. Herhalde ya\u011fmurdan b\u00f6yle oldu. Topraklar\u0131n art\u0131k \u00e7ok ya\u011fmur ald\u0131\u011f\u0131 i\u00e7in suya doydu\u011fu i\u00e7in olabilece\u011fini d\u00fc\u015f\u00fcn\u00fcyorum. Ger\u00e7ekten \u00e7ok korkun\u00e7. Art\u0131k mantardan vazge\u00e7tim, eve d\u00f6nece\u011fim&#8221; dedi. <\/p>\n","protected":false},"excerpt":{"rendered":"<p>Antalya&#8217;da kuvvetli sa\u011fanak sonras\u0131 Konyaalt\u0131-Hisar\u00e7and\u0131r yolunda heyelan meydana geldi, yol trafi\u011fe kapat\u0131ld\u0131.<\/p>\n","protected":false},"author":1,"featured_media":67551,"comment_status":"open","ping_status":"open","sticky":false,"template":"","format":"standard","meta":{"footnotes":""},"categories":[9,4,13],"tags":[531],"class_list":["post-67550","post","type-post","status-publish","format-standard","has-post-thumbnail","hentry","category-genel","category-gundem","category-son-dakika","tag-yol"],"_links":{"self":[{"href":"https:\/\/bihavadis.com\/index.php\/wp-json\/wp\/v2\/posts\/67550","targetHints":{"allow":["GET"]}}],"collection":[{"href":"https:\/\/bihavadis.com\/index.php\/wp-json\/wp\/v2\/posts"}],"about":[{"href":"https:\/\/bihavadis.com\/index.php\/wp-json\/wp\/v2\/types\/post"}],"author":[{"embeddable":true,"href":"https:\/\/bihavadis.com\/index.php\/wp-json\/wp\/v2\/users\/1"}],"replies":[{"embeddable":true,"href":"https:\/\/bihavadis.com\/index.php\/wp-json\/wp\/v2\/comments?post=67550"}],"version-history":[{"count":1,"href":"https:\/\/bihavadis.com\/index.php\/wp-json\/wp\/v2\/posts\/67550\/revisions"}],"predecessor-version":[{"id":67552,"href":"https:\/\/bihavadis.com\/index.php\/wp-json\/wp\/v2\/posts\/67550\/revisions\/67552"}],"wp:featuredmedia":[{"embeddable":true,"href":"https:\/\/bihavadis.com\/index.php\/wp-json\/wp\/v2\/media\/67551"}],"wp:attachment":[{"href":"https:\/\/bihavadis.com\/index.php\/wp-json\/wp\/v2\/media?parent=67550"}],"wp:term":[{"taxonomy":"category","embeddable":true,"href":"https:\/\/bihavadis.com\/index.php\/wp-json\/wp\/v2\/categories?post=67550"},{"taxonomy":"post_tag","embeddable":true,"href":"https:\/\/bihavadis.com\/index.php\/wp-json\/wp\/v2\/tags?post=67550"}],"curies":[{"name":"wp","href":"https:\/\/api.w.org\/{rel}","templated":true}]}}