{"id":67557,"date":"2026-03-09T10:03:11","date_gmt":"2026-03-09T10:03:11","guid":{"rendered":"https:\/\/bihavadis.com\/?p=67557"},"modified":"2026-03-09T10:03:11","modified_gmt":"2026-03-09T10:03:11","slug":"izmirde-taskin-tarim-arazileri-su-basti","status":"publish","type":"post","link":"https:\/\/bihavadis.com\/index.php\/2026\/03\/09\/izmirde-taskin-tarim-arazileri-su-basti\/","title":{"rendered":"\u0130zmir&#8217;de Ta\u015fk\u0131n: Tar\u0131m Arazileri Su Bast\u0131"},"content":{"rendered":"<p>\n<p>\u0130ZM\u0130R&#8217;de son g\u00fcnlerde etkili olan sa\u011fanak nedeniyle K\u00fc\u00e7\u00fck Menderes Nehri&#8217;nde ta\u015fk\u0131n ya\u015fand\u0131, \u00d6demi\u015f il\u00e7esindeki tar\u0131m arazileri ve ah\u0131rlar\u0131 su bast\u0131. <\/p>\n<p>Kentte son g\u00fcnlerde etkisini art\u0131ran ya\u011f\u0131\u015flar, ta\u015fk\u0131nlara yol a\u00e7t\u0131. B\u00f6lgede sa\u011fanak nedeniyle debisi y\u00fckselen K\u00fc\u00e7\u00fck Menderes Nehri ta\u015ft\u0131. \u00d6demi\u015f il\u00e7esine ba\u011fl\u0131 Seyrekli Mahallesi A\u011f\u0131rk\u0131r\u0131 mevkisindeki tar\u0131m arazileri ve ah\u0131rlar\u0131 su bast\u0131. Yakla\u015f\u0131k bin d\u00f6n\u00fcml\u00fck marul, tah\u0131l ve patates ekili tarlalar zarar g\u00f6rd\u00fc. \u00d6te yandan ta\u015fk\u0131n nedeniyle yol trafi\u011fe kapand\u0131. Ayr\u0131ca nehirde biriken at\u0131klar da dikkat \u00e7ekti. B\u00f6lgede suyun tahliyesi i\u00e7in \u00e7al\u0131\u015fma ba\u015flat\u0131ld\u0131.<\/p>\n<p>&#8216;KALICI \u00c7\u00d6Z\u00dcM \u015eART&#8217;<\/p>\n<p>B\u00f6lgede 54 d\u00f6n\u00fcm tar\u0131m arazisi bulunan \u00dclk\u00fc \u00c7ak\u0131r b\u00fcy\u00fck bir ma\u011fduriyet ya\u015fad\u0131klar\u0131n\u0131 belirtip, &#8220;Her ya\u011f\u0131\u015f sonras\u0131 bu b\u00f6lgede su bask\u0131nlar\u0131 ya\u015fan\u0131yor. Alan\u0131n ve k\u00f6pr\u00fcn\u00fcn dar olmas\u0131n\u0131n yan\u0131 s\u0131ra K\u00fc\u00e7\u00fck Menderes Nehri&#8217;nin ilerleyen k\u0131s\u0131mlar\u0131nda at\u0131klar birikmi\u015f durumda. Nehrin ilerleyen k\u0131s\u0131mlar\u0131n\u0131n temizlenmesi \u015fart. Bu b\u00f6lge i\u00e7in kal\u0131c\u0131 bir \u00e7\u00f6z\u00fcm talep ediyoruz&#8221; dedi. <\/p>\n","protected":false},"excerpt":{"rendered":"<p>\u0130zmir&#8217;de etkili sa\u011fanak nedeniyle K\u00fc\u00e7\u00fck Menderes Nehri ta\u015ft\u0131, \u00d6demi\u015f&#8217;teki tar\u0131m arazileri su alt\u0131nda kald\u0131.<\/p>\n","protected":false},"author":1,"featured_media":67558,"comment_status":"open","ping_status":"open","sticky":false,"template":"","format":"standard","meta":{"footnotes":""},"categories":[9,4,13],"tags":[510],"class_list":["post-67557","post","type-post","status-publish","format-standard","has-post-thumbnail","hentry","category-genel","category-gundem","category-son-dakika","tag-bolge"],"_links":{"self":[{"href":"https:\/\/bihavadis.com\/index.php\/wp-json\/wp\/v2\/posts\/67557","targetHints":{"allow":["GET"]}}],"collection":[{"href":"https:\/\/bihavadis.com\/index.php\/wp-json\/wp\/v2\/posts"}],"about":[{"href":"https:\/\/bihavadis.com\/index.php\/wp-json\/wp\/v2\/types\/post"}],"author":[{"embeddable":true,"href":"https:\/\/bihavadis.com\/index.php\/wp-json\/wp\/v2\/users\/1"}],"replies":[{"embeddable":true,"href":"https:\/\/bihavadis.com\/index.php\/wp-json\/wp\/v2\/comments?post=67557"}],"version-history":[{"count":1,"href":"https:\/\/bihavadis.com\/index.php\/wp-json\/wp\/v2\/posts\/67557\/revisions"}],"predecessor-version":[{"id":67559,"href":"https:\/\/bihavadis.com\/index.php\/wp-json\/wp\/v2\/posts\/67557\/revisions\/67559"}],"wp:featuredmedia":[{"embeddable":true,"href":"https:\/\/bihavadis.com\/index.php\/wp-json\/wp\/v2\/media\/67558"}],"wp:attachment":[{"href":"https:\/\/bihavadis.com\/index.php\/wp-json\/wp\/v2\/media?parent=67557"}],"wp:term":[{"taxonomy":"category","embeddable":true,"href":"https:\/\/bihavadis.com\/index.php\/wp-json\/wp\/v2\/categories?post=67557"},{"taxonomy":"post_tag","embeddable":true,"href":"https:\/\/bihavadis.com\/index.php\/wp-json\/wp\/v2\/tags?post=67557"}],"curies":[{"name":"wp","href":"https:\/\/api.w.org\/{rel}","templated":true}]}}