{"id":67560,"date":"2026-03-09T10:06:06","date_gmt":"2026-03-09T10:06:06","guid":{"rendered":"https:\/\/bihavadis.com\/?p=67560"},"modified":"2026-03-09T10:06:06","modified_gmt":"2026-03-09T10:06:06","slug":"izmirden-siddete-karsi-guclu-mesaj-kirmizi-bank","status":"publish","type":"post","link":"https:\/\/bihavadis.com\/index.php\/2026\/03\/09\/izmirden-siddete-karsi-guclu-mesaj-kirmizi-bank\/","title":{"rendered":"\u0130zmir&#8217;den \u015fiddete kar\u015f\u0131 g\u00fc\u00e7l\u00fc mesaj: K\u0131rm\u0131z\u0131 bank"},"content":{"rendered":"<p>\u0130zmir B\u00fcy\u00fck\u015fehir Belediyesi ile \u0130zmir \u0130talya Konsoloslu\u011fu, kad\u0131nlara y\u00f6nelik \u015fiddet ve cinayetlere kar\u015f\u0131 fark\u0131ndal\u0131k amac\u0131yla ba\u015flat\u0131lan k\u0131rm\u0131z\u0131 bank uygulamas\u0131 i\u00e7in i\u015f birli\u011fi yapt\u0131. 8 Mart D\u00fcnya Kad\u0131nlar G\u00fcn\u00fc\u2019nde Ba\u015fkan Dr. Cemil Tugay ve e\u015fi \u00d6znur Tugay, \u0130zmir \u0130talya Konsolosu Daniele Bianchi ile birlikte K\u00fclt\u00fcrpark\u2019ta banklar\u0131 k\u0131rm\u0131z\u0131ya boyad\u0131. Tugay, kad\u0131na y\u00f6nelik \u015fiddetin sona ermesi i\u00e7in toplumun t\u00fcm kesimlerinin sorumluluk almas\u0131 gerekti\u011fini vurgulayarak, \u201c\u0130stanbul S\u00f6zle\u015fmesi ve ba\u011flant\u0131l\u0131 yasalar\u0131n uygulanmamas\u0131 iyi niyet g\u00f6stergesi de\u011fildir; bu durum adeta \u015fiddeti besleyen bir tav\u0131rd\u0131r ve mutlaka de\u011fi\u015fmelidir\u201d dedi.\u00a0<\/p>\n<p>8 Mart D\u00fcnya Kad\u0131nlar G\u00fcn\u00fc kapsam\u0131nda \u0130zmir B\u00fcy\u00fck\u015fehir Belediyesi ve \u0130zmir \u0130talya Konsoloslu\u011fu i\u015f birli\u011fiyle K\u00fclt\u00fcrpark\u2019ta k\u0131rm\u0131z\u0131 bank fark\u0131ndal\u0131k \u00e7al\u0131\u015fmas\u0131 ger\u00e7ekle\u015ftirildi. \u0130talya\u2019da kad\u0131nlara y\u00f6nelik \u015fiddet ve cinayetlere kar\u015f\u0131 fark\u0131ndal\u0131k yaratmak amac\u0131yla ba\u015flat\u0131lan bu sembolik uygulamada, k\u0131rm\u0131z\u0131ya boyanan banklar \u015fiddet nedeniyle ya\u015fam\u0131n\u0131 yitiren kad\u0131nlar\u0131n yoklu\u011funu hat\u0131rlat\u0131yor ve kamusal alanlarda dayan\u0131\u015fma mesaj\u0131 veriyor. Zamanla uluslararas\u0131 bir fark\u0131ndal\u0131k kampanyas\u0131na d\u00f6n\u00fc\u015fen uygulamada \u0130zmir B\u00fcy\u00fck\u015fehir Belediye Ba\u015fkan\u0131 Dr. Cemil Tugay ve e\u015fi \u00d6znur Tugay, \u0130zmir \u0130talya Konsolosu Daniele Bianchi ile birlikte iki bank\u0131 k\u0131rm\u0131z\u0131ya boyad\u0131 ve kad\u0131na \u015fiddete kar\u015f\u0131 mesaj verdi. Programa, \u0130zmir B\u00fcy\u00fck\u015fehir Belediyesi Ba\u015fkan Vekili Dr. Zafer Levent Y\u0131ld\u0131r, \u0130zmir B\u00fcy\u00fck\u015fehir Belediyesi Genel Sekreter Yard\u0131mc\u0131s\u0131 Prof. Dr. P\u0131nar Okyay ve yurtta\u015flar kat\u0131ld\u0131.\u00a0<\/p>\n<p><strong>\u201cHerkesin \u00fczerine d\u00fc\u015feni yapmas\u0131 gerekiyor\u201d\u00a0<\/strong><\/p>\n<p>8 Mart D\u00fcnya Kad\u0131nlar G\u00fcn\u00fc\u2019n\u00fcn tarihine de\u011finen Ba\u015fkan Tugay, d\u00fcnyan\u0131n bir\u00e7ok yerinde kad\u0131nlar\u0131n h\u00e2l\u00e2 ayr\u0131mc\u0131l\u0131\u011fa u\u011frad\u0131\u011f\u0131n\u0131, \u00f6zg\u00fcrl\u00fcklerinin ve emeklerinin k\u0131s\u0131tland\u0131\u011f\u0131n\u0131 s\u00f6yledi. Kad\u0131nlar\u0131n \u015fiddetten daha fazla etkilendi\u011fini ve afet durumlar\u0131nda da daha fazla ma\u011fduriyet ya\u015fad\u0131\u011f\u0131n\u0131 belirten Tugay, \u015fiddetin yaln\u0131zca bireysel de\u011fil, toplumsal ve k\u00fcresel bir sorun oldu\u011funa dikkat \u00e7ekti. Yerel y\u00f6netimlerin kentteki \u015fiddetin nedenlerini ara\u015ft\u0131rarak \u00f6nlem almas\u0131 gerekti\u011fini ifade eden Tugay, \u201cAncak toplumun tamam\u0131 bu konuda sorumluluk almal\u0131; herkesin \u00fczerine d\u00fc\u015feni yapmas\u0131 gerekiyor\u201d dedi.\u00a0<\/p>\n<p><strong>\u0130stanbul S\u00f6zle\u015fmesi\u2019ni hat\u0131rlatt\u0131<\/strong><\/p>\n<p>\u0130zmir\u2019in kad\u0131nlar\u0131n g\u00f6rece daha \u00f6zg\u00fcr ve g\u00fcvende oldu\u011fu \u015fehirlerden biri oldu\u011funu belirten Ba\u015fkan Tugay, bunun yeterli olmad\u0131\u011f\u0131n\u0131 s\u00f6yledi. Ba\u015fka \u015fehirlerin ya da \u00fclkelerin daha k\u00f6t\u00fc durumda olmas\u0131n\u0131n bir \u00f6l\u00e7\u00fct olamayaca\u011f\u0131n\u0131 ifade eden Tugay, kad\u0131nlar\u0131n haklar\u0131, \u00f6zg\u00fcrl\u00fckleri ve g\u00fcvenlikleri i\u00e7in verdi\u011fi m\u00fccadelenin \u00f6nemli oldu\u011funu ancak sorunun yaln\u0131zca kad\u0131nlar\u0131n \u00e7abas\u0131yla \u00e7\u00f6z\u00fclemeyece\u011fini vurgulad\u0131. Kad\u0131na y\u00f6nelik \u015fiddeti ve kad\u0131n cinayetlerini durdurmak i\u00e7in kararl\u0131 bir yasal d\u00fczenleme gerekti\u011fini belirten Tugay, \u201cKad\u0131n cinayetlerinde ya da kad\u0131na y\u00f6nelik \u015fiddette hafifletici nedenler ileri s\u00fcrmek, o su\u00e7a ortak olmakt\u0131r. Bunun kesinlikle sona ermesi gerekiyor. \u0130stanbul S\u00f6zle\u015fmesi ve ba\u011flant\u0131l\u0131 yasalar\u0131n uygulanmamas\u0131 iyi niyet g\u00f6stergesi de\u011fildir. Bu durum adeta \u015fiddeti besleyen bir tav\u0131rd\u0131r ve mutlaka de\u011fi\u015fmelidir\u201d dedi.<\/p>\n<p><strong>\u201cAsla ve asla kabul edemeyiz\u201d<\/strong><\/p>\n<p>\u015eiddetle m\u00fccadelenin yaln\u0131zca 8 Mart\u2019ta de\u011fil, y\u0131l\u0131n her g\u00fcn\u00fc s\u00fcrmesi gerekti\u011fini vurgulayan Ba\u015fkan Tugay, fark\u0131ndal\u0131k etkinliklerinin bug\u00fcn yo\u011funla\u015ft\u0131\u011f\u0131n\u0131 ancak bu m\u00fccadelenin 365 g\u00fcn devam etmesi gerekti\u011fini s\u00f6yledi. Kad\u0131nlara y\u00f6nelik e\u015fitsizlik ve \u015fiddete kar\u015f\u0131 hem kad\u0131nlar\u0131n hem de erkeklerin net bir tav\u0131r g\u00f6stermesi gerekti\u011fini belirten Tugay, bunun izlenecek de\u011fil aktif \u015fekilde m\u00fccadele edilecek bir sorun oldu\u011funu ifade etti. \u0130zmir\u2019in ayd\u0131n ve m\u00fccadeleci bir kent oldu\u011funu dile getiren Tugay, \u201c\u0130zmir kad\u0131nlar\u0131n hak ve \u00f6zg\u00fcrl\u00fckleri a\u00e7\u0131s\u0131ndan \u00f6nc\u00fc bir kenttir. Ancak bir kad\u0131n\u0131n bile \u015fiddete maruz kalmas\u0131n\u0131 asla ve asla kabul edemeyiz. Daha g\u00fc\u00e7l\u00fc bir m\u00fccadele i\u00e7in belediye olarak \u00fczerimize d\u00fc\u015feni yapmaya her zaman haz\u0131r\u0131z\u201d dedi.<\/p>\n<p><strong>\u201cBu bank, beyaz ve tertemiz bir renge d\u00f6nmeli\u201d\u00a0<\/strong><\/p>\n<p>\u0130zmir \u0130talya Konsolosu Daniele Bianchi ile \u0130zmir\u2019de bir\u00e7ok ortak \u00e7al\u0131\u015fma y\u00fcr\u00fctt\u00fcklerini belirten Ba\u015fkan Tugay, k\u0131rm\u0131z\u0131 bank uygulamas\u0131n\u0131 da bu i\u015f birli\u011fi kapsam\u0131nda hayata ge\u00e7irdiklerini s\u00f6yledi. Tugay, k\u0131rm\u0131z\u0131 bank\u0131n \u015fiddete u\u011frayarak hayat\u0131n\u0131 kaybeden kad\u0131nlar\u0131 hat\u0131rlatan sembolik bir uygulama oldu\u011funu ifade ederek, \u201cAsl\u0131nda bu bank\u0131n renginin de\u011fi\u015fmesi, beyaz ve tertemiz bir renge d\u00f6nmesi gerekir. K\u0131rm\u0131z\u0131 banka sahip olan de\u011fil, k\u0131rm\u0131z\u0131 bankalar\u0131 kald\u0131rabilen \u015fehirlerden olmal\u0131y\u0131z. Bu sembolik uygulamay\u0131 ba\u015flatan \u0130talya\u2019ya ve Daniele Bianchi\u2019ye te\u015fekk\u00fcr ediyorum. Kad\u0131nlar\u0131n \u015fiddete u\u011framad\u0131\u011f\u0131 bir d\u00fcnyay\u0131 biz ya\u015farken g\u00f6relim, bunu sonraki nesillere b\u0131rakmayal\u0131m. Kad\u0131n haklar\u0131 i\u00e7in cesurca m\u00fccadele eden t\u00fcm kad\u0131nlar\u0131 da y\u00fcrekten tebrik ediyorum\u201d dedi.\u00a0<\/p>\n<p><strong>\u201c\u015eiddet ve ayr\u0131mc\u0131l\u0131\u011fa kar\u015f\u0131 m\u00fccadelenin sembol\u00fc\u201d\u00a0<\/strong><\/p>\n<p>\u0130zmir \u0130talya Konsolosu Daniele Bianchi de uygulamaya g\u00f6sterilen hassasiyet nedeniyle \u0130zmir B\u00fcy\u00fck\u015fehir Belediyesi\u2019ne ve Ba\u015fkan Tugay\u2019a te\u015fekk\u00fcr etti. K\u0131rm\u0131z\u0131 bank\u0131n, kad\u0131n cinayetlerinde hayat\u0131n\u0131 kaybeden kad\u0131nlar\u0131n yoklu\u011funu simgeledi\u011fini belirten Bianchi, \u201cK\u0131rm\u0131z\u0131 bank, her t\u00fcrl\u00fc \u015fiddet ve ayr\u0131mc\u0131l\u0131\u011fa kar\u015f\u0131 m\u00fccadelenin sembol\u00fcd\u00fcr. Bu konuya D\u0131\u015fi\u015fleri Bakan\u0131m\u0131z da b\u00fcy\u00fck \u00f6nem veriyor ve her \u015fehirde bu sembol\u00fcn yer almas\u0131 i\u00e7in giri\u015fimlerde bulunuyor. Bu asl\u0131nda her t\u00fcrl\u00fc \u015fiddete kar\u015f\u0131 \u2018hay\u0131r\u2019 demektir. Bu giri\u015fimle \u00f6nemli bir ad\u0131m att\u0131k. Etkinli\u011fimize kat\u0131lan herkese ve t\u00fcm kad\u0131nlara te\u015fekk\u00fcr ediyorum\u201d dedi.\u00a0<\/p>\n<p><strong>Banklar k\u0131rm\u0131z\u0131ya boyand\u0131<\/strong><\/p>\n<p>Konu\u015fmalar\u0131n ard\u0131ndan Ba\u015fkan Tugay, e\u015fi \u00d6znur Tugay ve Daniele Bianchi bank\u0131 k\u0131rm\u0131z\u0131ya boyad\u0131. Etkinlikte \u0130zmirli kad\u0131nlar da fark\u0131ndal\u0131k \u00e7al\u0131\u015fmas\u0131na kat\u0131larak kad\u0131na y\u00f6nelik \u015fiddete kar\u015f\u0131 mesaj verdi. Ba\u015fkan Tugay ve e\u015fi \u00d6znur Tugay, program\u0131n sonunda kad\u0131nlarla sohbet ederek hat\u0131ra foto\u011fraf\u0131 \u00e7ektirdi. Alana yerle\u015ftirilen iki k\u0131rm\u0131z\u0131 bank\u0131n yan\u0131nda ayr\u0131ca bir QR kod bulunuyor. Koda t\u0131kland\u0131\u011f\u0131nda, \u201cK\u0131rm\u0131z\u0131 bank, cinayete kurban giden bir kad\u0131n\u0131n toplumda b\u0131rakt\u0131\u011f\u0131 bo\u015flu\u011fun sembol\u00fcd\u00fcr. Kad\u0131nlara y\u00f6nelik \u015fiddete hay\u0131r. \u0130zmir \u0130talya Konsoloslu\u011fu ve \u0130zmir B\u00fcy\u00fck\u015fehir Belediyesi i\u015f birli\u011fiyle, 8 Mart D\u00fcnya Kad\u0131nlar G\u00fcn\u00fc an\u0131s\u0131na kad\u0131nlar taraf\u0131ndan boyanm\u0131\u015ft\u0131r\u201d mesaj\u0131 yer al\u0131yor.<\/p>\n<p>Kaynak: (BYZHA) Beyaz Haber Ajans\u0131<\/p>\n","protected":false},"excerpt":{"rendered":"<p>\u0130zmir B\u00fcy\u00fck\u015fehir Belediyesi ile \u0130zmir \u0130talya Konsoloslu\u011fu, kad\u0131nlara y\u00f6nelik \u015fiddet ve cinayetlere kar\u015f\u0131 fark\u0131ndal\u0131k amac\u0131yla ba\u015flat\u0131lan k\u0131rm\u0131z\u0131 bank uygulamas\u0131 i\u00e7in i\u015f birli\u011fi yapt\u0131.<\/p>\n","protected":false},"author":1,"featured_media":67561,"comment_status":"open","ping_status":"open","sticky":false,"template":"","format":"standard","meta":{"footnotes":""},"categories":[4],"tags":[429,1614,2005,1782,2388],"class_list":["post-67560","post","type-post","status-publish","format-standard","has-post-thumbnail","hentry","category-gundem","tag-bank","tag-kadinlar","tag-siddet","tag-tugay","tag-uygulama"],"_links":{"self":[{"href":"https:\/\/bihavadis.com\/index.php\/wp-json\/wp\/v2\/posts\/67560","targetHints":{"allow":["GET"]}}],"collection":[{"href":"https:\/\/bihavadis.com\/index.php\/wp-json\/wp\/v2\/posts"}],"about":[{"href":"https:\/\/bihavadis.com\/index.php\/wp-json\/wp\/v2\/types\/post"}],"author":[{"embeddable":true,"href":"https:\/\/bihavadis.com\/index.php\/wp-json\/wp\/v2\/users\/1"}],"replies":[{"embeddable":true,"href":"https:\/\/bihavadis.com\/index.php\/wp-json\/wp\/v2\/comments?post=67560"}],"version-history":[{"count":1,"href":"https:\/\/bihavadis.com\/index.php\/wp-json\/wp\/v2\/posts\/67560\/revisions"}],"predecessor-version":[{"id":67562,"href":"https:\/\/bihavadis.com\/index.php\/wp-json\/wp\/v2\/posts\/67560\/revisions\/67562"}],"wp:featuredmedia":[{"embeddable":true,"href":"https:\/\/bihavadis.com\/index.php\/wp-json\/wp\/v2\/media\/67561"}],"wp:attachment":[{"href":"https:\/\/bihavadis.com\/index.php\/wp-json\/wp\/v2\/media?parent=67560"}],"wp:term":[{"taxonomy":"category","embeddable":true,"href":"https:\/\/bihavadis.com\/index.php\/wp-json\/wp\/v2\/categories?post=67560"},{"taxonomy":"post_tag","embeddable":true,"href":"https:\/\/bihavadis.com\/index.php\/wp-json\/wp\/v2\/tags?post=67560"}],"curies":[{"name":"wp","href":"https:\/\/api.w.org\/{rel}","templated":true}]}}