{"id":6767,"date":"2026-01-30T19:51:11","date_gmt":"2026-01-30T19:51:11","guid":{"rendered":"https:\/\/bihavadis.com\/?p=6767"},"modified":"2026-01-30T19:51:11","modified_gmt":"2026-01-30T19:51:11","slug":"duzce-valisi-makas-yilin-kareleri-oylamasina-katildi","status":"publish","type":"post","link":"https:\/\/bihavadis.com\/index.php\/2026\/01\/30\/duzce-valisi-makas-yilin-kareleri-oylamasina-katildi\/","title":{"rendered":"D\u00fczce Valisi Makas, Y\u0131l\u0131n Kareleri Oylamas\u0131na Kat\u0131ld\u0131"},"content":{"rendered":"<p>D\u00fczce Valisi Mehmet Makas, Anadolu Ajans\u0131n\u0131n (AA) g\u00f6z\u00fcnden 2025&#8217;e damga vuran olaylara ait foto\u011fraflar\u0131n yer ald\u0131\u011f\u0131 &#8220;Y\u0131l\u0131n Kareleri&#8221; oylamas\u0131na kat\u0131ld\u0131.<\/p>\n<p>Vali Makas, lifebox, AJet ve ROKETSAN sponsorlu\u011funda d\u00fczenlenen yar\u0131\u015fmada, AA foto muhabirleri ve muhabirlerinin 2025 y\u0131l\u0131nda T\u00fcrkiye ile d\u00fcnya g\u00fcndeminde yank\u0131 bulan 6 kategorideki 112 foto\u011fraf\u0131n\u0131 inceledi.<\/p>\n<p>&#8220;Gazze: A\u00e7l\u0131k&#8221; kategorisinde Mahmoud \u0130ssa&#8217;n\u0131n &#8220;Gazze \u015eeridi&#8217;nde g\u0131da krizi giderek derinle\u015fiyor&#8221;, &#8220;Portre&#8221; kategorisinde Gerald Anderson&#8217;\u0131n &#8220;Y\u00fcz Aynas\u0131&#8221; karesini se\u00e7en Makas, &#8220;Haber&#8221; kategorisinde Emin Sansar&#8217;\u0131n &#8220;Kutlamalar&#8221;, &#8220;Spor&#8221; kategorisinde Arpad Kurucz&#8217;\u0131n &#8220;Sevgi Koridoru&#8221;, &#8220;Do\u011fal Ya\u015fam ve \u00c7evre&#8221; kategorisinde Murat \u015eeng\u00fcl&#8217;\u00fcn &#8220;Ate\u015f kas\u0131rgas\u0131&#8221; ve &#8220;G\u00fcnl\u00fck Hayat&#8221; kategorisinde ise \u0130sa Terli&#8217;nin &#8220;Dolunay sefas\u0131&#8221; foto\u011fraflar\u0131na oy verdi.<\/p>\n<p>Makas, AA&#8217;n\u0131n T\u00fcrkiye Cumhuriyeti Devleti&#8217;nin ve aziz milletin g\u00f6z bebe\u011fi oldu\u011funu belirterek, kurumun geleneksel hale getirdi\u011fi foto\u011fraf yar\u0131\u015fmas\u0131nda kurulu\u015funun 106. y\u0131l\u0131nda da oy kullanman\u0131n mutlulu\u011funu ve gururunu ya\u015fad\u0131\u011f\u0131n\u0131 ifade etti.<\/p>\n<p>Vali Makas, \u00f6zellikle Gazze&#8217;de ya\u015fanan zulme ve a\u00e7l\u0131\u011fa ayr\u0131lan \u00f6zel kategorinin dikkatini \u00e7ekti\u011fini aktararak, &#8220;Orada \u00fcmmetin bize emaneti evlatlar\u0131n \u00f6zellikle yemek s\u0131ras\u0131ndaki foto\u011fraf\u0131n\u0131 se\u00e7tim. Rabbimin izniyle in\u015fallah T\u00fcrkiye&#8217;nin liderli\u011finde, \u00f6nderli\u011finde b\u00f6lgeye bar\u0131\u015f ve huzur gelir. Sadece Gazze de\u011fil t\u00fcm d\u00fcnyada a\u00e7l\u0131k, g\u00f6zya\u015f\u0131 son bulur. Siyonist yap\u0131n\u0131n d\u00fcnyada \u00f6zellikle \u00fcmmet noktas\u0131nda yapt\u0131\u011f\u0131 bask\u0131lar ortadan kalkar diye \u00fcmit ediyorum.&#8221; diye konu\u015ftu.<\/p>\n<p>AA \u00e7al\u0131\u015fanlar\u0131n\u0131 yapt\u0131\u011f\u0131 faydal\u0131 ve g\u00fczel i\u015flerinden dolay\u0131 tebrik eden Makas, &#8220;Anadolu Ajans\u0131, tarafs\u0131z, ilkeli ve topluma do\u011fru haber ula\u015ft\u0131rma noktas\u0131nda her birimizin g\u00f6z bebe\u011fi. Bu noktada da hepinizi tebrik ediyorum.&#8221; dedi.<\/p>\n<p>Oylama<\/p>\n<p>AA&#8217;n\u0131n 2012&#8217;den bu yana d\u00fczenledi\u011fi yar\u0131\u015fmada, bu y\u0131l &#8220;Haber&#8221;, &#8220;Do\u011fal Ya\u015fam ve \u00c7evre&#8221;, &#8220;Spor&#8221; ve &#8220;G\u00fcnl\u00fck Hayat&#8221; olmak \u00fczere 4 ana kategorinin yan\u0131 s\u0131ra &#8220;Gazze: A\u00e7l\u0131k&#8221; ve &#8220;Portre&#8221; ba\u015fl\u0131kl\u0131 2 \u00f6zel kategori de yer al\u0131yor.<\/p>\n<p>T\u00fcrk\u00e7e ve \u0130ngilizce alt yaz\u0131yla d\u00fcnya genelinde yap\u0131lan oylamaya kat\u0131lanlar, istedikleri say\u0131da foto\u011frafa oy verebiliyor.<\/p>\n<p>Oylama, &#8220;yilinkareleri.aa.com.tr&#8221; internet sitesinden 15 \u015eubat Pazar saat 17.00&#8217;ye kadar devam edecek.<\/p>\n","protected":false},"excerpt":{"rendered":"<p>Vali Makas, AA&#8217;n\u0131n yar\u0131\u015fmas\u0131nda foto\u011fraflara oy vererek \u00f6nemli anlar\u0131 se\u00e7ti. Oylama 15 \u015eubat&#8217;a kadar.<\/p>\n","protected":false},"author":1,"featured_media":0,"comment_status":"open","ping_status":"open","sticky":false,"template":"","format":"standard","meta":{"footnotes":""},"categories":[9,4,13],"tags":[311,557,312,1273],"class_list":["post-6767","post","type-post","status-publish","format-standard","hentry","category-genel","category-gundem","category-son-dakika","tag-foto","tag-gazze","tag-kategorisinde","tag-makas"],"_links":{"self":[{"href":"https:\/\/bihavadis.com\/index.php\/wp-json\/wp\/v2\/posts\/6767","targetHints":{"allow":["GET"]}}],"collection":[{"href":"https:\/\/bihavadis.com\/index.php\/wp-json\/wp\/v2\/posts"}],"about":[{"href":"https:\/\/bihavadis.com\/index.php\/wp-json\/wp\/v2\/types\/post"}],"author":[{"embeddable":true,"href":"https:\/\/bihavadis.com\/index.php\/wp-json\/wp\/v2\/users\/1"}],"replies":[{"embeddable":true,"href":"https:\/\/bihavadis.com\/index.php\/wp-json\/wp\/v2\/comments?post=6767"}],"version-history":[{"count":1,"href":"https:\/\/bihavadis.com\/index.php\/wp-json\/wp\/v2\/posts\/6767\/revisions"}],"predecessor-version":[{"id":6768,"href":"https:\/\/bihavadis.com\/index.php\/wp-json\/wp\/v2\/posts\/6767\/revisions\/6768"}],"wp:attachment":[{"href":"https:\/\/bihavadis.com\/index.php\/wp-json\/wp\/v2\/media?parent=6767"}],"wp:term":[{"taxonomy":"category","embeddable":true,"href":"https:\/\/bihavadis.com\/index.php\/wp-json\/wp\/v2\/categories?post=6767"},{"taxonomy":"post_tag","embeddable":true,"href":"https:\/\/bihavadis.com\/index.php\/wp-json\/wp\/v2\/tags?post=6767"}],"curies":[{"name":"wp","href":"https:\/\/api.w.org\/{rel}","templated":true}]}}