{"id":67679,"date":"2026-03-09T10:51:06","date_gmt":"2026-03-09T10:51:06","guid":{"rendered":"https:\/\/bihavadis.com\/?p=67679"},"modified":"2026-03-09T10:51:06","modified_gmt":"2026-03-09T10:51:06","slug":"buyuksehirin-gonul-sofrasi-bu-kez-menemende-kuruldu","status":"publish","type":"post","link":"https:\/\/bihavadis.com\/index.php\/2026\/03\/09\/buyuksehirin-gonul-sofrasi-bu-kez-menemende-kuruldu\/","title":{"rendered":"B\u00fcy\u00fck\u015fehir&#8217;in g\u00f6n\u00fcl sofras\u0131 bu kez Menemen&#8217;de kuruldu"},"content":{"rendered":"<p>\u0130zmir B\u00fcy\u00fck\u015fehir Belediye Ba\u015fkan\u0131 Dr. Cemil Tugay, Menemen\u2019de d\u00fczenlenen iftar program\u0131nda yurtta\u015flarla bir araya geldi. \u00c7i\u00e7eklerle kar\u015f\u0131lanan Tugay, ramazan ay\u0131n\u0131n birlik, beraberlik ve karde\u015flik ruhunu vurgulad\u0131; Menemen\u2019in d\u00f6rt bir k\u00f6\u015fesinin kendileri i\u00e7in \u00e7ok de\u011ferli oldu\u011funu s\u00f6yledi.\u00a0<\/p>\n<p>\u0130zmir B\u00fcy\u00fck\u015fehir Belediyesi\u2019nin ramazan ay\u0131 i\u00e7in haz\u0131rlad\u0131\u011f\u0131 ve 30 il\u00e7eyi kapsayan iftar program\u0131 Menemen\u2019de devam etti. Asarl\u0131k Kapal\u0131 Pazaryeri\u2019nde d\u00fczenlenen bulu\u015fmaya \u0130zmir B\u00fcy\u00fck\u015fehir Belediye Ba\u015fkan\u0131 Dr. Cemil Tugay, CHP \u0130zmir Milletvekili Salih Uzun, CHP Menemen \u0130l\u00e7e Ba\u015fkan\u0131 H\u00fcseyin \u00d6zbey, belediye meclis \u00fcyeleri, siyasi parti temsilcileri, mahalle muhtarlar\u0131 ve yurtta\u015flar kat\u0131ld\u0131. \u0130ftar \u00f6ncesi alana gelen Ba\u015fkan Tugay, masalar\u0131 tek tek dola\u015f\u0131p Menemenlilerle selamla\u015ft\u0131; \u00e7ocuklar ve gen\u00e7lerle foto\u011fraf \u00e7ektirdi, \u00e7i\u00e7eklerle kar\u015f\u0131land\u0131. Kendisine Menemen\u2019in me\u015fhur k\u0131rm\u0131z\u0131 topra\u011f\u0131ndan cep telefonlar\u0131 i\u00e7in \u00fcretilen gramofon hediye edildi. Ba\u015fkan Tugay, iftar sofras\u0131nda t\u0131p \u00f6\u011frencisi Zeynep Sude Teke ve ailesiyle birlikte yemek yiyip sohbet etti.\u00a0<\/p>\n<p><strong>\u201cMenemen\u2019in d\u00f6rt bir k\u00f6\u015fesi bizim i\u00e7in de\u011ferli\u201d<\/strong><\/p>\n<p>Ba\u015fkan Tugay, ramazan ay\u0131n\u0131n bereketine de\u011finerek, \u201c30 il\u00e7emizde iftar sofralar\u0131 kuruyoruz. Bug\u00fcn Asarl\u0131k\u2019ta, Menemen\u2019deyiz. Menemen\u2019in d\u00f6rt bir k\u00f6\u015fesi bizim i\u00e7in \u00e7ok de\u011ferli. Muhtarlar\u0131m\u0131z ve meclis \u00fcyelerimiz burada. Tuttu\u011fumuz oru\u00e7lar\u0131n ve yapt\u0131\u011f\u0131n\u0131z ibadetlerin kabul olmas\u0131n\u0131, dualar\u0131m\u0131z\u0131n bolluk, bereket ve refah olarak d\u00f6nmesini diliyorum. Ramazan\u0131n\u0131z m\u00fcbarek olsun\u201d dedi.\u00a0<\/p>\n<p><strong>\u201cB\u00fcy\u00fck\u015fehir\u2019in iftarlar\u0131 kalplerimizi birle\u015ftiriyor\u201d<\/strong><\/p>\n<p>CHP \u0130zmir Milletvekili Salih Uzun ise, \u201cHay\u0131rl\u0131 ramazanlar. Menemenli, Asarl\u0131kl\u0131 hem\u015fehrilerimizi sayg\u0131yla selaml\u0131yorum. Bu m\u00fcbarek ay hepimizi birbirimize yak\u0131nla\u015ft\u0131r\u0131yor. \u0130zmir B\u00fcy\u00fck\u015fehir Belediyemiz her il\u00e7ede iftar program\u0131 d\u00fczenliyor, kalplerimizi birle\u015ftiriyor\u201d diye konu\u015ftu.\u00a0\u00a0<\/p>\n<p><strong>Yo\u011fun program devam ediyor<\/strong><\/p>\n<p>\u0130ftar program\u0131; 9 Mart\u2019ta Sel\u00e7uk A\u00e7\u0131k Pazaryeri\u2019nde (T\u00fcrkmen Pazar Alan\u0131), 10 Mart\u2019ta Konak Kemeralt\u0131 Milli K\u00fct\u00fcphane Caddesi\u2019nde, 11 Mart\u2019ta Kemalpa\u015fa Rekreasyon Alan\u0131\u2019nda, 12 Mart\u2019ta K\u0131n\u0131k Cumhuriyet Meydan\u0131\u2019nda, 13 Mart\u2019ta Dikili Atat\u00fcrk Meydan\u0131\u2019nda, 14 Mart\u2019ta Bergama Cumhuriyet Meydan\u0131\u2019nda, 15 Mart\u2019ta Alia\u011fa Demokrasi Meydan\u0131\u2019nda, 16 Mart\u2019ta Karaba\u011flar Vatan Kapal\u0131 Pazaryeri\u2019nde, 17 Mart\u2019ta Karaburun Mordo\u011fan Merkez\u2019de, 18 Mart\u2019ta \u00c7e\u015fme Meydan&#8217;da ve 19 Mart&#8217;ta Urla Meydan&#8217;da kurulacak sofralarla devam edecek.\u00a0<\/p>\n<p>Kaynak: (BYZHA) Beyaz Haber Ajans\u0131<\/p>\n","protected":false},"excerpt":{"rendered":"<p>\u0130zmir B\u00fcy\u00fck\u015fehir Belediye Ba\u015fkan\u0131 Dr. Cemil Tugay, Menemen\u2019de d\u00fczenlenen iftar program\u0131nda yurtta\u015flarla bir araya geldi.<\/p>\n","protected":false},"author":1,"featured_media":67680,"comment_status":"open","ping_status":"open","sticky":false,"template":"","format":"standard","meta":{"footnotes":""},"categories":[4],"tags":[516,675,5478,1125,1782],"class_list":["post-67679","post","type-post","status-publish","format-standard","has-post-thumbnail","hentry","category-gundem","tag-baskan","tag-iftar","tag-martta","tag-menemen","tag-tugay"],"_links":{"self":[{"href":"https:\/\/bihavadis.com\/index.php\/wp-json\/wp\/v2\/posts\/67679","targetHints":{"allow":["GET"]}}],"collection":[{"href":"https:\/\/bihavadis.com\/index.php\/wp-json\/wp\/v2\/posts"}],"about":[{"href":"https:\/\/bihavadis.com\/index.php\/wp-json\/wp\/v2\/types\/post"}],"author":[{"embeddable":true,"href":"https:\/\/bihavadis.com\/index.php\/wp-json\/wp\/v2\/users\/1"}],"replies":[{"embeddable":true,"href":"https:\/\/bihavadis.com\/index.php\/wp-json\/wp\/v2\/comments?post=67679"}],"version-history":[{"count":1,"href":"https:\/\/bihavadis.com\/index.php\/wp-json\/wp\/v2\/posts\/67679\/revisions"}],"predecessor-version":[{"id":67681,"href":"https:\/\/bihavadis.com\/index.php\/wp-json\/wp\/v2\/posts\/67679\/revisions\/67681"}],"wp:featuredmedia":[{"embeddable":true,"href":"https:\/\/bihavadis.com\/index.php\/wp-json\/wp\/v2\/media\/67680"}],"wp:attachment":[{"href":"https:\/\/bihavadis.com\/index.php\/wp-json\/wp\/v2\/media?parent=67679"}],"wp:term":[{"taxonomy":"category","embeddable":true,"href":"https:\/\/bihavadis.com\/index.php\/wp-json\/wp\/v2\/categories?post=67679"},{"taxonomy":"post_tag","embeddable":true,"href":"https:\/\/bihavadis.com\/index.php\/wp-json\/wp\/v2\/tags?post=67679"}],"curies":[{"name":"wp","href":"https:\/\/api.w.org\/{rel}","templated":true}]}}