{"id":6769,"date":"2026-01-30T19:54:05","date_gmt":"2026-01-30T19:54:05","guid":{"rendered":"https:\/\/bihavadis.com\/?p=6769"},"modified":"2026-01-30T19:54:05","modified_gmt":"2026-01-30T19:54:05","slug":"izmir-esnafi-icin-ortak-akil-masasi","status":"publish","type":"post","link":"https:\/\/bihavadis.com\/index.php\/2026\/01\/30\/izmir-esnafi-icin-ortak-akil-masasi\/","title":{"rendered":"\u0130zmir esnaf\u0131 i\u00e7in ortak ak\u0131l masas\u0131"},"content":{"rendered":"<p>\u0130zmir B\u00fcy\u00fck\u015fehir Belediyesi, esnaf\u0131n sorunlar\u0131na kal\u0131c\u0131 \u00e7\u00f6z\u00fcmler \u00fcretmek amac\u0131yla \u0130zmir Esnaf Kurulu\u2019nun olu\u015fturulmas\u0131 i\u00e7in \u00e7al\u0131\u015fmalara ba\u015flad\u0131.<\/p>\n<p>\u0130zmir B\u00fcy\u00fck\u015fehir Belediyesi, esnaf\u0131n sorunlar\u0131na kal\u0131c\u0131 \u00e7\u00f6z\u00fcmler \u00fcretmek amac\u0131yla \u0130zmir Esnaf Kurulu\u2019nun olu\u015fturulmas\u0131 i\u00e7in \u00e7al\u0131\u015fmalara ba\u015flad\u0131. \u0130l\u00e7e belediyelerinin kat\u0131l\u0131m\u0131yla yap\u0131lan toplant\u0131da yol haritas\u0131 belirlendi. \u0130zmir B\u00fcy\u00fck\u015fehir Belediyesi Destek Hizmetler Dairesi Ba\u015fkanl\u0131\u011f\u0131 Esnaf ve Sanatk\u00e2rlar \u015eube M\u00fcd\u00fcrl\u00fc\u011f\u00fc koordinasyonunda yap\u0131lan toplant\u0131ya \u0130zmir B\u00fcy\u00fck\u015fehir Belediyesi Destek Hizmetleri Dairesi Ba\u015fkan\u0131 Kaz\u0131m Kaya, \u0130zmir Esnaf ve Sanatk\u00e2rlar Odalar\u0131 Birli\u011fi Ba\u015fkan Vekili Ali \u00dcst\u00fcn, \u0130zmir B\u00fcy\u00fck\u015fehir Belediyesi Destek Hizmetler Dairesi Ba\u015fkanl\u0131\u011f\u0131 Esnaf ve Sanatk\u00e2rlar \u015eube M\u00fcd\u00fcr\u00fc Mert Aslan ve ilgili b\u00fcrokratlar kat\u0131ld\u0131.\u00a0<\/p>\n<p><strong>\u201cEsnaf\u0131m\u0131z\u0131n yan\u0131nday\u0131z\u201d<\/strong><br \/>Toplant\u0131n\u0131n a\u00e7\u0131l\u0131\u015f\u0131nda konu\u015fan \u0130zmir B\u00fcy\u00fck\u015fehir Belediyesi Destek Hizmetleri Dairesi Ba\u015fkan\u0131 Kaz\u0131m Kaya, esnaf ve sanatk\u00e2rlar\u0131n sorun ve taleplerine kal\u0131c\u0131 \u00e7\u00f6z\u00fcmler \u00fcretmek ve s\u00fcrd\u00fcr\u00fclebilir bir yap\u0131 olu\u015fturmak i\u00e7in \u00e7al\u0131\u015ft\u0131klar\u0131n\u0131 belirterek, \u201cEsnaf\u0131m\u0131z\u0131n yan\u0131nday\u0131z\u201d dedi.<\/p>\n<p><strong>\u201c\u00c7\u00f6z\u00fcm \u00f6nerilerini ortak ak\u0131lla geli\u015ftirmeyi hedefleyen bir yap\u0131 olacak\u201d<\/strong><br \/>\u0130zmir B\u00fcy\u00fck\u015fehir Belediyesi Destek Hizmetler Dairesi Ba\u015fkanl\u0131\u011f\u0131 Esnaf ve Sanatk\u00e2rlar \u015eube M\u00fcd\u00fcr\u00fc Mert Aslan ise, \u201c\u0130zmir Esnaf Kurulu\u2019nun tan\u0131t\u0131m\u0131n\u0131 payla\u015fmak ad\u0131na bir araya geldik. Bu kurul; belediyemiz, il\u00e7e belediyelerimiz ve esnaf temsilcileri aras\u0131nda ileti\u015fimi g\u00fc\u00e7lendirmek, sahadan gelen talepleri d\u00fczenli, sistematik bi\u00e7imde de\u011ferlendiren, \u00e7\u00f6z\u00fcm \u00f6nerilerine ortak ak\u0131lla geli\u015ftirmeyi hedefleyen bir yap\u0131 olarak planlanmaktad\u0131r. Amac\u0131m\u0131z; mevcut \u00e7al\u0131\u015fmalar\u0131 \u00e7o\u011faltmak, iyi uygulamalar\u0131 g\u00f6r\u00fcn\u00fcr k\u0131lmak ve il\u00e7elerle esnaf\u0131m\u0131za daha iyi hizmetler sunmak i\u00e7in koordinasyon mekanizmas\u0131n\u0131 olu\u015fturmakt\u0131r\u201d diye konu\u015ftu.\u00a0\u00a0<\/p>\n<p><strong>\u201cEsnaf i\u00e7in \u00f6nemli bulu\u015fma\u201d<\/strong><br \/>\u0130zmir Esnaf ve Sanatk\u00e2rlar Odalar\u0131 Birli\u011fi Ba\u015fkan Vekili Ali \u00dcst\u00fcn, esnaf ile yerel y\u00f6netimler aras\u0131nda zaman zaman talepler ve sorunlar\u0131n g\u00fcndeme geldi\u011fini belirterek, bu nedenle toplant\u0131n\u0131n b\u00fcy\u00fck \u00f6nem ta\u015f\u0131d\u0131\u011f\u0131n\u0131 ifade etti. \u00dcst\u00fcn, \u201cB\u00f6yle bir toplant\u0131n\u0131n d\u00fczenlenmesi nedeniyle \u0130zmir B\u00fcy\u00fck\u015fehir Belediyesi\u2019ne te\u015fekk\u00fcr ediyorum. Uzun zamand\u0131r bekledi\u011fimiz bir bulu\u015fmayd\u0131. Katk\u0131 sunmak, yol g\u00f6stermek ve \u00e7\u00f6z\u00fcm odakl\u0131 olmak amac\u0131yla bir araya geldik. Bu ileti\u015fim a\u011f\u0131n\u0131n d\u00fczenli ve s\u00fcrd\u00fcr\u00fclebilir hale gelmesini \u00e7ok \u00f6nemsiyoruz\u201d dedi.<\/p>\n<p><strong>Sunum yap\u0131ld\u0131<\/strong><br \/>Toplant\u0131da, Esnaf ve Sanatk\u00e2rlar \u015eube M\u00fcd\u00fcrl\u00fc\u011f\u00fc taraf\u0131ndan bir sunum ger\u00e7ekle\u015ftirildi. Sunumda; nicel veriler do\u011frultusunda m\u00fcd\u00fcrl\u00fc\u011f\u00fcn mevcut yap\u0131s\u0131 ve \u00e7al\u0131\u015fma modeli, \u0130zmir Esnaf Kurulu\u2019nun tasar\u0131m\u0131 ve i\u015fleyi\u015fi ile planlanan proje ba\u015fl\u0131klar\u0131 kat\u0131l\u0131mc\u0131larla payla\u015f\u0131ld\u0131. Sunumda ayr\u0131ca, il\u00e7e belediyelerinin sahadaki ihtiya\u00e7lar\u0131 ile \u0130zmir B\u00fcy\u00fck\u015fehir Belediyesi\u2019nin y\u00fcr\u00fctt\u00fc\u011f\u00fc \u00e7al\u0131\u015fmalar\u0131n ortak bir zeminde bulu\u015fturulmas\u0131na y\u00f6nelik kapsaml\u0131 bir \u00e7er\u00e7eve ortaya kondu. Sunumun ard\u0131ndan yap\u0131lan de\u011ferlendirme b\u00f6l\u00fcm\u00fcnde ise koordinasyon mekanizmas\u0131n\u0131n i\u015fleyi\u015fine ili\u015fkin g\u00f6r\u00fc\u015f ve \u00f6neriler al\u0131nd\u0131. \u0130l\u00e7e belediyeleri, s\u00fcrece dair beklentilerini ve katk\u0131 sunabilecekleri alanlar\u0131 payla\u015farak ortak \u00e7al\u0131\u015fma ba\u015fl\u0131klar\u0131n\u0131 de\u011ferlendirdi.<\/p>\n<p><strong>Ruhsat s\u00fcre\u00e7lerine ili\u015fkin \u00e7al\u0131\u015ftay plan\u0131<\/strong><br \/>Toplant\u0131n\u0131n son b\u00f6l\u00fcm\u00fcnde, proje ve toplant\u0131 ba\u015fl\u0131klar\u0131 \u00e7er\u00e7evesinde il\u00e7e belediyelerinin g\u00f6r\u00fc\u015fleri ele al\u0131nd\u0131. Bu kapsamda; ruhsat s\u00fcre\u00e7lerine y\u00f6nelik bir \u00e7al\u0131\u015ftay d\u00fczenlenmesi, esnaf\u2013belediye ili\u015fkilerini g\u00fc\u00e7lendirecek dijital bir uygulaman\u0131n hayata ge\u00e7irilmesi, \u201cKemeralt\u0131\u2019n\u0131n Lezzetli Tarihi\u201d ba\u015fl\u0131\u011f\u0131 alt\u0131nda gastronomi odakl\u0131 \u00e7al\u0131\u015fmalar y\u00fcr\u00fct\u00fclmesi ile \u0130zmir\u2019e \u00f6zg\u00fc \u00fcr\u00fcnlerin dijital ortamda tan\u0131t\u0131m\u0131 ve sat\u0131\u015f\u0131na y\u00f6nelik proje \u00f6nerileri de\u011ferlendirildi. \u0130l\u00e7elerden gelen mevcut proje \u00f6nerileri dinlenirken, yeni proje fikirlerinin s\u00fcrece dahil edilmesi konusunda da g\u00f6r\u00fc\u015f birli\u011fine var\u0131ld\u0131.<\/p>\n<p>\u00a0<\/p>\n<p>\u00a0<\/p>\n<p>Kaynak: (BYZHA) Beyaz Haber Ajans\u0131<\/p>\n","protected":false},"excerpt":{"rendered":"<p>\u0130zmir B\u00fcy\u00fck\u015fehir Belediyesi, esnaf\u0131n sorunlar\u0131na kal\u0131c\u0131 \u00e7\u00f6z\u00fcmler \u00fcretmek amac\u0131yla \u0130zmir Esnaf Kurulu\u2019nun olu\u015fturulmas\u0131 i\u00e7in \u00e7al\u0131\u015fmalara ba\u015flad\u0131.<\/p>\n","protected":false},"author":1,"featured_media":6770,"comment_status":"open","ping_status":"open","sticky":false,"template":"","format":"standard","meta":{"footnotes":""},"categories":[4],"tags":[378,533,978,1058,587],"class_list":["post-6769","post","type-post","status-publish","format-standard","has-post-thumbnail","hentry","category-gundem","tag-calisma","tag-esnaf","tag-izmir","tag-toplanti","tag-yapi"],"_links":{"self":[{"href":"https:\/\/bihavadis.com\/index.php\/wp-json\/wp\/v2\/posts\/6769","targetHints":{"allow":["GET"]}}],"collection":[{"href":"https:\/\/bihavadis.com\/index.php\/wp-json\/wp\/v2\/posts"}],"about":[{"href":"https:\/\/bihavadis.com\/index.php\/wp-json\/wp\/v2\/types\/post"}],"author":[{"embeddable":true,"href":"https:\/\/bihavadis.com\/index.php\/wp-json\/wp\/v2\/users\/1"}],"replies":[{"embeddable":true,"href":"https:\/\/bihavadis.com\/index.php\/wp-json\/wp\/v2\/comments?post=6769"}],"version-history":[{"count":1,"href":"https:\/\/bihavadis.com\/index.php\/wp-json\/wp\/v2\/posts\/6769\/revisions"}],"predecessor-version":[{"id":6771,"href":"https:\/\/bihavadis.com\/index.php\/wp-json\/wp\/v2\/posts\/6769\/revisions\/6771"}],"wp:featuredmedia":[{"embeddable":true,"href":"https:\/\/bihavadis.com\/index.php\/wp-json\/wp\/v2\/media\/6770"}],"wp:attachment":[{"href":"https:\/\/bihavadis.com\/index.php\/wp-json\/wp\/v2\/media?parent=6769"}],"wp:term":[{"taxonomy":"category","embeddable":true,"href":"https:\/\/bihavadis.com\/index.php\/wp-json\/wp\/v2\/categories?post=6769"},{"taxonomy":"post_tag","embeddable":true,"href":"https:\/\/bihavadis.com\/index.php\/wp-json\/wp\/v2\/tags?post=6769"}],"curies":[{"name":"wp","href":"https:\/\/api.w.org\/{rel}","templated":true}]}}