{"id":67701,"date":"2026-03-09T11:09:09","date_gmt":"2026-03-09T11:09:09","guid":{"rendered":"https:\/\/bihavadis.com\/?p=67701"},"modified":"2026-03-09T11:09:09","modified_gmt":"2026-03-09T11:09:09","slug":"buyukakin-1001-hatimde-erzurumlularla-bulustu","status":"publish","type":"post","link":"https:\/\/bihavadis.com\/index.php\/2026\/03\/09\/buyukakin-1001-hatimde-erzurumlularla-bulustu\/","title":{"rendered":"B\u00fcy\u00fckak\u0131n, 1001 Hatim&#8217;de Erzurumlularla bulu\u015ftu"},"content":{"rendered":"<p>Kocaeli B\u00fcy\u00fck\u015fehir Belediye Ba\u015fkan\u0131 Tahir B\u00fcy\u00fckak\u0131n, Kocaeli Kongre Merkezi\u2019nde d\u00fczenlenen \u201cPaland\u00f6ken\u2019den Kartepe\u2019ye 1001 Hatim Kocaeli\u2019de\u201d program\u0131na kat\u0131ld\u0131. Erzurum\u2019un as\u0131rl\u0131k gelene\u011finin ya\u015fat\u0131ld\u0131\u011f\u0131 programda hatim duas\u0131 yap\u0131ld\u0131, ard\u0131ndan Erzurum Sofras\u0131\u2019nda oru\u00e7lar a\u00e7\u0131ld\u0131.<\/p>\n<p><b>500 YILLIK GELENEK KOCAEL\u0130\u2019DE YA\u015eATILDI<\/b><\/p>\n<p>Erzurum\u2019un yakla\u015f\u0131k 500 y\u0131ll\u0131k gelene\u011fi olan 1001 Hatim Dua Program\u0131 ve Erzurum Sofras\u0131 \u0130ftar\u0131, bu y\u0131l Kocaeli\u2019de 11\u2019inci kez ger\u00e7ekle\u015ftirildi. Kocaeli Kongre Merkezi\u2019nde d\u00fczenlenen programda Ramazan \u00f6ncesi ve Ramazan s\u00fcrecinde okunan hatimlerin duas\u0131 topluca yap\u0131ld\u0131. Program\u0131n ard\u0131ndan kurulan Erzurum Sofras\u0131 iftar\u0131nda vatanda\u015flar ayn\u0131 sofrada bulu\u015ftu. Programa Kocaeli Valisi \u0130lhami Akta\u015f, AK Parti \u00a0Kocaeli \u00a0Milletvekilleri Veysel Tipio\u011flu, Cemil Yaman, Kocaeli B\u00fcy\u00fck\u015fehir Belediye Ba\u015fkan\u0131 Tahir B\u00fcy\u00fckak\u0131n, AK Parti Kocaeli \u0130l Ba\u015fkan\u0131 Dr. \u015eahin Talus, Kocaeli Erzurum Dernekler Federasyonu Ba\u015fkan\u0131 Tekin Dursun ve \u00e7ok say\u0131da Erzurumlu kat\u0131ld\u0131. Program, Kur\u2019an-\u0131 Kerim tilaveti ile ba\u015flad\u0131.<\/p>\n<p><b>\u201cBU PROGRAMLAR B\u0130Z\u0130 MUTLU ED\u0130YOR\u201d<\/b><\/p>\n<p>Programda konu\u015fan Ba\u015fkan B\u00fcy\u00fckak\u0131n, Ramazan ay\u0131n\u0131n manevi atmosferini ya\u015fatan programlar\u0131n \u00f6nemine vurgu yapt\u0131. B\u00fcy\u00fckak\u0131n, Ramazan boyunca hem Kocaeli B\u00fcy\u00fck\u015fehir Belediyesi hem de sivil toplum kurulu\u015flar\u0131 arac\u0131l\u0131\u011f\u0131yla bir\u00e7ok etkinlik ger\u00e7ekle\u015ftirildi\u011fini belirterek \u015funlar\u0131 s\u00f6yledi: \u201cRamazan\u2019\u0131n ruhunu son derece g\u00fczel ya\u015fatan bir program icra ediyorsunuz. Biz Ramazan\u2019\u0131n ruhunu g\u00fc\u00e7l\u00fc \u015fekilde hissettirmeye \u00e7al\u0131\u015f\u0131yoruz. STK\u2019lar taraf\u0131ndan yap\u0131lan bu t\u00fcr programlar bizi mutlu ediyor. Ruhu ya\u015fatt\u0131\u011f\u0131n\u0131zda o kar\u015f\u0131l\u0131\u011f\u0131n\u0131 her zaman buluyor.\u201d<\/p>\n<p><b>\u015eEH\u0130TLER\u0130 RAHMETLE ANDI<\/b><\/p>\n<p>Konu\u015fmas\u0131nda T\u00fcrkiye\u2019nin g\u00f6n\u00fcl co\u011frafyas\u0131na da de\u011finen B\u00fcy\u00fckak\u0131n, Balkanlar ve farkl\u0131 b\u00f6lgelerde ger\u00e7ekle\u015ftirilen programlara i\u015faret ederek, Bat\u0131 Trakya\u2019dan Kuzey Makedonya\u2019ya, Bosna Hersek\u2019ten M\u0131s\u0131r\u2019a kadar karde\u015flik ba\u011flar\u0131n\u0131n g\u00fc\u00e7lendirilmesi i\u00e7in \u00e7al\u0131\u015fmalar y\u00fcr\u00fctt\u00fcklerini s\u00f6yledi, \u201cBu co\u011frafya Belgrad\u2019da ba\u015flar, Ba\u011fdat\u2019ta, T\u00fcrkmenistan\u2019ta, Afrika\u2019da biter\u201d dedi. B\u00fcy\u00fckak\u0131n ayr\u0131ca 12 Mart Erzurum\u2019un d\u00fc\u015fman i\u015fgalinden kurtulu\u015fu vesilesi ile ba\u015fta Mustafa Kemal Atat\u00fcrk olmak \u00fczere t\u00fcm \u015fehitleri rahmetle and\u0131.<\/p>\n<p><b>ERZURUM SOFRASI KURULDU<\/b><\/p>\n<p>Programda konu\u015fan Vali \u0130lhami Akta\u015f, Erzurum\u2019un Ramazan Ay\u0131 ile \u00f6zde\u015fle\u015fen bu gelene\u011finin Kocaeli\u2019de ya\u015fat\u0131lmas\u0131n\u0131n \u00f6nemli oldu\u011funu ifade etti. Tekin Dursun ise programa verdi\u011fi destekten dolay\u0131 Ba\u015fkan B\u00fcy\u00fckak\u0131n\u2019a te\u015fekk\u00fcrlerini sundu. Dua program\u0131n\u0131n ard\u0131ndan vatanda\u015flar ayn\u0131 sofrada bulu\u015farak Ramazan\u2019\u0131n bereketini hep birlikte payla\u015ft\u0131.<\/p>\n<p>Kaynak: (BYZHA) Beyaz Haber Ajans\u0131<\/p>\n","protected":false},"excerpt":{"rendered":"<p>Kocaeli B\u00fcy\u00fck\u015fehir Belediye Ba\u015fkan\u0131 Tahir B\u00fcy\u00fckak\u0131n, Kocaeli Kongre Merkezi\u2019nde d\u00fczenlenen \u201cPaland\u00f6ken\u2019den Kartepe\u2019ye 1001 Hatim Kocaeli\u2019de\u201d program\u0131na kat\u0131ld\u0131.<\/p>\n","protected":false},"author":1,"featured_media":67702,"comment_status":"open","ping_status":"open","sticky":false,"template":"","format":"standard","meta":{"footnotes":""},"categories":[4],"tags":[516,1378,240,2127,2714],"class_list":["post-67701","post","type-post","status-publish","format-standard","has-post-thumbnail","hentry","category-gundem","tag-baskan","tag-erzurum","tag-kocaeli","tag-program","tag-ramazan"],"_links":{"self":[{"href":"https:\/\/bihavadis.com\/index.php\/wp-json\/wp\/v2\/posts\/67701","targetHints":{"allow":["GET"]}}],"collection":[{"href":"https:\/\/bihavadis.com\/index.php\/wp-json\/wp\/v2\/posts"}],"about":[{"href":"https:\/\/bihavadis.com\/index.php\/wp-json\/wp\/v2\/types\/post"}],"author":[{"embeddable":true,"href":"https:\/\/bihavadis.com\/index.php\/wp-json\/wp\/v2\/users\/1"}],"replies":[{"embeddable":true,"href":"https:\/\/bihavadis.com\/index.php\/wp-json\/wp\/v2\/comments?post=67701"}],"version-history":[{"count":1,"href":"https:\/\/bihavadis.com\/index.php\/wp-json\/wp\/v2\/posts\/67701\/revisions"}],"predecessor-version":[{"id":67703,"href":"https:\/\/bihavadis.com\/index.php\/wp-json\/wp\/v2\/posts\/67701\/revisions\/67703"}],"wp:featuredmedia":[{"embeddable":true,"href":"https:\/\/bihavadis.com\/index.php\/wp-json\/wp\/v2\/media\/67702"}],"wp:attachment":[{"href":"https:\/\/bihavadis.com\/index.php\/wp-json\/wp\/v2\/media?parent=67701"}],"wp:term":[{"taxonomy":"category","embeddable":true,"href":"https:\/\/bihavadis.com\/index.php\/wp-json\/wp\/v2\/categories?post=67701"},{"taxonomy":"post_tag","embeddable":true,"href":"https:\/\/bihavadis.com\/index.php\/wp-json\/wp\/v2\/tags?post=67701"}],"curies":[{"name":"wp","href":"https:\/\/api.w.org\/{rel}","templated":true}]}}