{"id":67709,"date":"2026-03-09T11:15:10","date_gmt":"2026-03-09T11:15:10","guid":{"rendered":"https:\/\/bihavadis.com\/?p=67709"},"modified":"2026-03-09T11:15:10","modified_gmt":"2026-03-09T11:15:10","slug":"egitim-degerlendirme-toplantisi-yapildi","status":"publish","type":"post","link":"https:\/\/bihavadis.com\/index.php\/2026\/03\/09\/egitim-degerlendirme-toplantisi-yapildi\/","title":{"rendered":"E\u011fitim De\u011ferlendirme Toplant\u0131s\u0131 Yap\u0131ld\u0131"},"content":{"rendered":"<p> Mu\u015f&#8217;un Bulan\u0131k il\u00e7esinde &#8220;E\u011fitim De\u011ferlendirme Toplant\u0131s\u0131&#8221; yap\u0131ld\u0131.<\/p>\n<p>Kaymakaml\u0131kta d\u00fczenlenen toplant\u0131da Liselere Ge\u00e7i\u015f Sistemi (LGS) kapsam\u0131nda \u00f6\u011frencilerin akademik ba\u015far\u0131lar\u0131n\u0131 art\u0131rmaya y\u00f6nelik \u00e7al\u0131\u015fmalar de\u011ferlendirildi.<\/p>\n<p>Toplant\u0131ya kat\u0131lan Kaymakam \u00d6mer \u00d6v\u00fcn\u00e7 Ko\u015fansu, e\u011fitimde ba\u015far\u0131n\u0131n planl\u0131 ve kararl\u0131 bir \u015fekilde y\u00fcr\u00fct\u00fclen \u00e7al\u0131\u015fmalarla m\u00fcmk\u00fcn oldu\u011funu s\u00f6yledi.<\/p>\n<p>LGS s\u00fcrecindeki \u00f6\u011frencilerin sadece akademik de\u011fil psikolojik olarak da desteklenmesi gerekti\u011fini belirten Ko\u015fansu, okul y\u00f6neticilerinin s\u00fcreci yak\u0131ndan takip etmelerini istedi.<\/p>\n<p>Toplant\u0131ya, \u0130l\u00e7e Milli E\u011fitim M\u00fcd\u00fcrl\u00fc\u011f\u00fc yetkilileri ve okul m\u00fcd\u00fcrleri kat\u0131ld\u0131.<\/p>\n<p>Ayr\u0131ca, \u0130l\u00e7e Milli E\u011fitim M\u00fcd\u00fcr\u00fc Metin Aral, Gazi Ortaokulu&#8217;nu ziyaret ederek burada Destekleme ve Yeti\u015ftirme Kurslar\u0131na kat\u0131lan \u00f6\u011frencilerle bir araya geldi.<\/p>\n","protected":false},"excerpt":{"rendered":"<p>Bulan\u0131k&#8217;ta LGS kapsam\u0131nda \u00f6\u011frencilerin ba\u015far\u0131s\u0131n\u0131 art\u0131rmak i\u00e7in toplant\u0131 d\u00fczenlendi.<\/p>\n","protected":false},"author":1,"featured_media":67710,"comment_status":"open","ping_status":"open","sticky":false,"template":"","format":"standard","meta":{"footnotes":""},"categories":[9,4,13],"tags":[],"class_list":["post-67709","post","type-post","status-publish","format-standard","has-post-thumbnail","hentry","category-genel","category-gundem","category-son-dakika"],"_links":{"self":[{"href":"https:\/\/bihavadis.com\/index.php\/wp-json\/wp\/v2\/posts\/67709","targetHints":{"allow":["GET"]}}],"collection":[{"href":"https:\/\/bihavadis.com\/index.php\/wp-json\/wp\/v2\/posts"}],"about":[{"href":"https:\/\/bihavadis.com\/index.php\/wp-json\/wp\/v2\/types\/post"}],"author":[{"embeddable":true,"href":"https:\/\/bihavadis.com\/index.php\/wp-json\/wp\/v2\/users\/1"}],"replies":[{"embeddable":true,"href":"https:\/\/bihavadis.com\/index.php\/wp-json\/wp\/v2\/comments?post=67709"}],"version-history":[{"count":1,"href":"https:\/\/bihavadis.com\/index.php\/wp-json\/wp\/v2\/posts\/67709\/revisions"}],"predecessor-version":[{"id":67711,"href":"https:\/\/bihavadis.com\/index.php\/wp-json\/wp\/v2\/posts\/67709\/revisions\/67711"}],"wp:featuredmedia":[{"embeddable":true,"href":"https:\/\/bihavadis.com\/index.php\/wp-json\/wp\/v2\/media\/67710"}],"wp:attachment":[{"href":"https:\/\/bihavadis.com\/index.php\/wp-json\/wp\/v2\/media?parent=67709"}],"wp:term":[{"taxonomy":"category","embeddable":true,"href":"https:\/\/bihavadis.com\/index.php\/wp-json\/wp\/v2\/categories?post=67709"},{"taxonomy":"post_tag","embeddable":true,"href":"https:\/\/bihavadis.com\/index.php\/wp-json\/wp\/v2\/tags?post=67709"}],"curies":[{"name":"wp","href":"https:\/\/api.w.org\/{rel}","templated":true}]}}