{"id":67763,"date":"2026-03-09T11:57:12","date_gmt":"2026-03-09T11:57:12","guid":{"rendered":"https:\/\/bihavadis.com\/?p=67763"},"modified":"2026-03-09T11:57:12","modified_gmt":"2026-03-09T11:57:12","slug":"kirklarelinde-sanat-diliyle-degerlerimiz-sergisi-acildi","status":"publish","type":"post","link":"https:\/\/bihavadis.com\/index.php\/2026\/03\/09\/kirklarelinde-sanat-diliyle-degerlerimiz-sergisi-acildi\/","title":{"rendered":"K\u0131rklareli&#8217;nde &#8216;Sanat Diliyle De\u011ferlerimiz&#8217; Sergisi A\u00e7\u0131ld\u0131"},"content":{"rendered":"<p> K\u0131rklareli Valisi U\u011fur Turan, &#8220;Sanat Diliyle De\u011ferlerimiz&#8221; sergisinin a\u00e7\u0131l\u0131\u015f\u0131na kat\u0131ld\u0131.<\/p>\n<p>Vali Turan, Halk E\u011fitimi Merkezi hat, ebru ve tezhip at\u00f6lye kursiyerlerinin Hz. Muhammed&#8217;in do\u011fumunun 1500. y\u0131l\u0131 dolay\u0131s\u0131yla haz\u0131rlad\u0131\u011f\u0131 serginin a\u00e7\u0131l\u0131\u015f\u0131n\u0131 ger\u00e7ekle\u015ftirdi.<\/p>\n<p>Sergiyi gezen Turan, kursiyerleri tebrik etti.<\/p>\n<p>K\u00fclt\u00fcrel ve manevi miras\u0131n ya\u015fat\u0131lmas\u0131na katk\u0131 sa\u011flayan bu t\u00fcr etkinliklerin \u00f6nemli oldu\u011funu ifade eden Turan, Halk E\u011fitimi Merkezlerinde y\u00fcr\u00fct\u00fclen e\u011fitim ve k\u00fclt\u00fcrel faaliyetlerin artarak devam etmesini temenni etti.<\/p>\n<p>Programa, \u0130l Milli E\u011fitim M\u00fcd\u00fcr\u00fc Murat Alt\u0131n\u00f6z, \u0130l K\u00fclt\u00fcr ve Turizm M\u00fcd\u00fcr\u00fc Veli \u015een ile kursiyerler kat\u0131ld\u0131.<\/p>\n","protected":false},"excerpt":{"rendered":"<p>Vali U\u011fur Turan, at\u00f6lye kursiyerlerinin sergisinin a\u00e7\u0131l\u0131\u015f\u0131na kat\u0131larak destek verdi.<\/p>\n","protected":false},"author":1,"featured_media":67764,"comment_status":"open","ping_status":"open","sticky":false,"template":"","format":"standard","meta":{"footnotes":""},"categories":[9,4,13],"tags":[],"class_list":["post-67763","post","type-post","status-publish","format-standard","has-post-thumbnail","hentry","category-genel","category-gundem","category-son-dakika"],"_links":{"self":[{"href":"https:\/\/bihavadis.com\/index.php\/wp-json\/wp\/v2\/posts\/67763","targetHints":{"allow":["GET"]}}],"collection":[{"href":"https:\/\/bihavadis.com\/index.php\/wp-json\/wp\/v2\/posts"}],"about":[{"href":"https:\/\/bihavadis.com\/index.php\/wp-json\/wp\/v2\/types\/post"}],"author":[{"embeddable":true,"href":"https:\/\/bihavadis.com\/index.php\/wp-json\/wp\/v2\/users\/1"}],"replies":[{"embeddable":true,"href":"https:\/\/bihavadis.com\/index.php\/wp-json\/wp\/v2\/comments?post=67763"}],"version-history":[{"count":1,"href":"https:\/\/bihavadis.com\/index.php\/wp-json\/wp\/v2\/posts\/67763\/revisions"}],"predecessor-version":[{"id":67765,"href":"https:\/\/bihavadis.com\/index.php\/wp-json\/wp\/v2\/posts\/67763\/revisions\/67765"}],"wp:featuredmedia":[{"embeddable":true,"href":"https:\/\/bihavadis.com\/index.php\/wp-json\/wp\/v2\/media\/67764"}],"wp:attachment":[{"href":"https:\/\/bihavadis.com\/index.php\/wp-json\/wp\/v2\/media?parent=67763"}],"wp:term":[{"taxonomy":"category","embeddable":true,"href":"https:\/\/bihavadis.com\/index.php\/wp-json\/wp\/v2\/categories?post=67763"},{"taxonomy":"post_tag","embeddable":true,"href":"https:\/\/bihavadis.com\/index.php\/wp-json\/wp\/v2\/tags?post=67763"}],"curies":[{"name":"wp","href":"https:\/\/api.w.org\/{rel}","templated":true}]}}