{"id":67766,"date":"2026-03-09T12:00:06","date_gmt":"2026-03-09T12:00:06","guid":{"rendered":"https:\/\/bihavadis.com\/?p=67766"},"modified":"2026-03-09T12:00:06","modified_gmt":"2026-03-09T12:00:06","slug":"giorgio-chiellini-spallettinin-gelecegi-konusunda-hicbir-suphe-yok","status":"publish","type":"post","link":"https:\/\/bihavadis.com\/index.php\/2026\/03\/09\/giorgio-chiellini-spallettinin-gelecegi-konusunda-hicbir-suphe-yok\/","title":{"rendered":"Giorgio Chiellini: Spalletti&#8217;nin gelece\u011fi konusunda hi\u00e7bir \u015f\u00fcphe yok"},"content":{"rendered":"<p>Galatasaray, UEFA \u015eampiyonlar Ligi son 16 play-off turu r\u00f6van\u015f\u0131nda deplasmanda \u0130talyan ekibi Juventus&#8217;a uzatmalarda 3-2 ma\u011flup olmas\u0131na ra\u011fmen ilk ma\u00e7\u0131 5-2&#8217;lik skorla kazand\u0131\u011f\u0131ndan dolay\u0131 ad\u0131n\u0131 son 16 turuna yazd\u0131rd\u0131.<\/p>\n<p>Juventus Direkt\u00f6r\u00fc Giorgio Chiellini, Galatasaray ma\u00e7\u0131n\u0131n ard\u0131ndan konu\u015ftu.<\/p>\n<p>\u0130talyan ekibinde teknik direkt\u00f6r Luciano Spalletti, Galatasaray ma\u00e7\u0131ndan sonra konu\u015fmad\u0131 ve konu\u015fmaya y\u00f6netimden Chiellini geldi.<\/p>\n<p><strong>&#8220;\u0130Y\u0130 B\u0130R BA\u015eLANGI\u00c7 NOKTASI OLMALI&#8221;<\/strong><\/p>\n<p>\u0130talyan futbol insan\u0131, Galatasaray ma\u00e7\u0131ndan sonra, <em><b>&#8220;Luciano Spalletti yok \u00e7\u00fcnk\u00fc bir y\u00f6neticinin gelmesinin daha do\u011fru oldu\u011funu d\u00fc\u015f\u00fcn\u00fcyorum. Performans\u0131ma ra\u011fmen sonu\u00e7tan dolay\u0131 hayal k\u0131r\u0131kl\u0131\u011f\u0131na u\u011frad\u0131k ancak ayn\u0131 zamanda g\u00f6sterdi\u011fimiz performanstan dolay\u0131 gurur duyuyoruz. Bu duygu, sezonun sonuna do\u011fru yeniden k\u0131v\u0131lc\u0131m\u0131 yakalamak i\u00e7in bir ba\u015flang\u0131\u00e7 noktas\u0131 olmal\u0131.&#8221; <\/b><\/em>dedi.<\/p>\n<p><strong>&#8220;L\u0130G\u0130N B\u0130TMES\u0130NE 12 MA\u00c7 KALDI&#8221;<\/strong><\/p>\n<p>Juventus i\u00e7in sezonun geri kalan\u0131yla ilgili gelen soruya cevap veren Chiellini, <em><b>&#8220;Oyunculara ve teknik direkt\u00f6re g\u00fcvenmek gerekiyor. Ligin bitmesine 12 ma\u00e7 kald\u0131 ve bu d\u00f6nem, \u00e7ok \u015feyin belirlenece\u011fi bir d\u00f6nem. \u0130yi bir tak\u0131m\u0131m\u0131z var ve bunu kan\u0131tlad\u0131, t\u00f6kezlemeler ve engellere ra\u011fmen geli\u015fme yolunda ilerliyoruz.&#8221; <\/b><\/em>diye konu\u015ftu.<\/p>\n<p><strong>EK\u0130M AYINDA G\u00d6REVE GELD\u0130<\/strong><\/p>\n<p>Juventus, ekim ay\u0131nda g\u00f6reve getirdi\u011fi teknik direkt\u00f6r Luciano Spalletti ile sezon sonuna kadar s\u00f6zle\u015fme imzalam\u0131\u015ft\u0131.<\/p>\n<p>\u0130talyan ekibinin daha \u00f6nce yeni s\u00f6zle\u015fme imzalamak istedi\u011fi Spalletti&#8217;nin son d\u00f6nemde al\u0131nan sonu\u00e7lar\u0131n ard\u0131ndan gelece\u011fi tart\u0131\u015fma konusu oldu.<\/p>\n<p><strong>&#8220;GELECE\u011e\u0130 KONUSUNDA H\u0130\u00c7B\u0130R \u015e\u00dcPHE YOK&#8221;<\/strong><\/p>\n<p>Spalletti&#8217;nin gelece\u011fiyle ilgili konu\u015fan Chiellini, <em><b>&#8220;Luciano Spalletti&#8217;nin gelece\u011fi konusunda hi\u00e7bir \u015f\u00fcphe yok. Oturup gelecek planlar\u0131m\u0131z\u0131 payla\u015f\u0131p, zaman\u0131 geldi\u011finde i\u015fleri resmiyete d\u00f6kme f\u0131rsat\u0131m\u0131z olacak. Spalletti her zaman bir \u00f6ncelikti ve hi\u00e7bir zaman \u015f\u00fcpheye yer yoktu.&#8221; <\/b><\/em>dedi.<\/p>\n<div> <span><strong>Kaynak:<\/strong> Ensonhaber Haber Merkezi<\/span> <\/div>\n","protected":false},"excerpt":{"rendered":"<p>Galatasaray, UEFA \u015eampiyonlar Ligi son 16 play-off turu r\u00f6van\u015f\u0131nda deplasmanda \u0130talyan ekibi Juventus&#8217;a uzatmalarda 3-2 ma\u011flup olmas\u0131na ra\u011fmen ilk ma\u00e7\u0131 5-2&#8217;lik skorla kazand\u0131\u011f\u0131ndan dolay\u0131 ad\u0131n\u0131 son 16 turuna yazd\u0131rd\u0131. Juventus Direkt\u00f6r\u00fc Giorgio &#8230;<\/p>\n","protected":false},"author":1,"featured_media":67767,"comment_status":"open","ping_status":"open","sticky":false,"template":"","format":"standard","meta":{"footnotes":""},"categories":[14],"tags":[364,6481],"class_list":["post-67766","post","type-post","status-publish","format-standard","has-post-thumbnail","hentry","category-spor","tag-mac","tag-spalletti"],"_links":{"self":[{"href":"https:\/\/bihavadis.com\/index.php\/wp-json\/wp\/v2\/posts\/67766","targetHints":{"allow":["GET"]}}],"collection":[{"href":"https:\/\/bihavadis.com\/index.php\/wp-json\/wp\/v2\/posts"}],"about":[{"href":"https:\/\/bihavadis.com\/index.php\/wp-json\/wp\/v2\/types\/post"}],"author":[{"embeddable":true,"href":"https:\/\/bihavadis.com\/index.php\/wp-json\/wp\/v2\/users\/1"}],"replies":[{"embeddable":true,"href":"https:\/\/bihavadis.com\/index.php\/wp-json\/wp\/v2\/comments?post=67766"}],"version-history":[{"count":1,"href":"https:\/\/bihavadis.com\/index.php\/wp-json\/wp\/v2\/posts\/67766\/revisions"}],"predecessor-version":[{"id":67768,"href":"https:\/\/bihavadis.com\/index.php\/wp-json\/wp\/v2\/posts\/67766\/revisions\/67768"}],"wp:featuredmedia":[{"embeddable":true,"href":"https:\/\/bihavadis.com\/index.php\/wp-json\/wp\/v2\/media\/67767"}],"wp:attachment":[{"href":"https:\/\/bihavadis.com\/index.php\/wp-json\/wp\/v2\/media?parent=67766"}],"wp:term":[{"taxonomy":"category","embeddable":true,"href":"https:\/\/bihavadis.com\/index.php\/wp-json\/wp\/v2\/categories?post=67766"},{"taxonomy":"post_tag","embeddable":true,"href":"https:\/\/bihavadis.com\/index.php\/wp-json\/wp\/v2\/tags?post=67766"}],"curies":[{"name":"wp","href":"https:\/\/api.w.org\/{rel}","templated":true}]}}