{"id":67794,"date":"2026-03-09T12:24:08","date_gmt":"2026-03-09T12:24:08","guid":{"rendered":"https:\/\/bihavadis.com\/?p=67794"},"modified":"2026-03-09T12:24:08","modified_gmt":"2026-03-09T12:24:08","slug":"irem-derici-nisan-atti-melih-kunukcuyu-her-yerden-sildi","status":"publish","type":"post","link":"https:\/\/bihavadis.com\/index.php\/2026\/03\/09\/irem-derici-nisan-atti-melih-kunukcuyu-her-yerden-sildi\/","title":{"rendered":"\u0130rem Derici ni\u015fan att\u0131! Melih Kunuk\u00e7u&#8217;yu her yerden sildi"},"content":{"rendered":"<p>Yakla\u015f\u0131k 1,5 y\u0131ld\u0131r birlikte olan \u00e7ift, 3 \u015eubat&#8217;ta aileleri ve yak\u0131n dostlar\u0131n\u0131n kat\u0131ld\u0131\u011f\u0131 yakla\u015f\u0131k 50 ki\u015filik bir t\u00f6renle ni\u015fanlan \u0130rem Derici ve Melih Kunuk\u00e7u&#8217;dan k\u00f6t\u00fc haber geldi.<\/p>\n<p><strong>HER \u015eEY\u0130 S\u0130LD\u0130<\/strong><\/p>\n<p>Bir darg\u0131n bir bar\u0131\u015f\u0131k a\u015fk ya\u015fayan ikili, bir kez daha yollar\u0131n\u0131 ay\u0131rd\u0131. \u0130rem Derici, sosyal medya hesab\u0131ndan Kunuk\u00e7u ile olan t\u00fcm foto\u011fraflar\u0131 silip Kunuk\u00e7u&#8217;yu takipten \u00e7\u0131kararak, ili\u015fkinin sona erdi\u011fini duyurdu.<\/p>\n<p>Son ya\u015fanan geli\u015fmeler sonras\u0131 g\u00f6zler \u00e7iftten gelecek a\u00e7\u0131klamaya \u00e7evrilirken bir de \u0130rem Derici, herkesi \u015fa\u015f\u0131rtan bir yaz\u0131 payla\u015ft\u0131.<\/p>\n<p><strong>&#8220;PIRLANTANIN ANASI A\u011eLADI&#8221;<\/strong><\/p>\n<p>Derici payla\u015f\u0131m\u0131nda, <b><em>&#8220;Yani elinize muazzam bi&#8217; p\u0131rlanta ge\u00e7iyor. Yetenekli, e\u011flenceli, uyumlu, g\u00fczel, seksi, kariyeri yerinde, \u00f6zg\u00fcr, vizyonlu, ailesi \u0131\u015f\u0131l \u0131\u015f\u0131l, \u00e7ok a\u015f\u0131k, sadakatli. Nas\u0131l bi&#8217; yetenektir o p\u0131rlantan\u0131n anas\u0131n\u0131 a\u011flatmak. A\u011fz\u0131n\u0131n i\u00e7ine bakarken o zavall\u0131 sizin&#8230; \u015eok de\u011fil tabii ki, yeni bi&#8217; tecr\u00fcbe de de\u011fil ama \u00fcfffff ben kendim gibi birini bulsam onu kaybetme korkumdan uyuyamazd\u0131m. Ak\u0131l fikir diliyorum. \u0130rem kendini \u00e7akt\u0131rmasa da \u00e7ok sever. \u0130rem kendine d\u00f6nd\u00fc. \u0130rem 2026&#8217;n\u0131n i\u00e7inden ge\u00e7ecek. Bekleyin.&#8221;<\/em><\/b> ifadelerini kulland\u0131.<\/p>\n<p>Derici, DJ sevgilisiyle evlilik yolunda ilk ad\u0131m\u0131 atm\u0131\u015f ve mutlulu\u011funu sosyal medyadan payla\u015fm\u0131\u015ft\u0131.<\/p>\n<p><img decoding=\"async\" src=\"https:\/\/bihavadis.com\/wp-content\/uploads\/2026\/03\/irem-derici-nisan-atti-melih-kunukcuyu-her-yerden-sildi-0-DrsG3Jcs.jpg\"\/><\/p>\n<p><img decoding=\"async\" src=\"https:\/\/bihavadis.com\/wp-content\/uploads\/2026\/03\/irem-derici-nisan-atti-melih-kunukcuyu-her-yerden-sildi-1-veQmuhVb.jpg\"\/><\/p>\n<p><img decoding=\"async\" src=\"https:\/\/bihavadis.com\/wp-content\/uploads\/2026\/03\/irem-derici-nisan-atti-melih-kunukcuyu-her-yerden-sildi-2-luv1t5K6.jpg\"\/> <\/p>\n<div> <span><strong>Kaynak:<\/strong> Ensonhaber Haber Merkezi<\/span> <\/div>\n","protected":false},"excerpt":{"rendered":"<p>Yakla\u015f\u0131k 1,5 y\u0131ld\u0131r birlikte olan \u00e7ift, 3 \u015eubat&#8217;ta aileleri ve yak\u0131n dostlar\u0131n\u0131n kat\u0131ld\u0131\u011f\u0131 yakla\u015f\u0131k 50 ki\u015filik bir t\u00f6renle ni\u015fanlan \u0130rem Derici ve Melih Kunuk\u00e7u&#8217;dan k\u00f6t\u00fc haber geldi. HER \u015eEY\u0130 S\u0130LD\u0130 Bir darg\u0131n bir bar\u0131\u015f\u0131k a\u015fk ya\u015fayan ikili, bir kez &#8230;<\/p>\n","protected":false},"author":1,"featured_media":67795,"comment_status":"open","ping_status":"open","sticky":false,"template":"","format":"standard","meta":{"footnotes":""},"categories":[1],"tags":[3525,7642],"class_list":["post-67794","post","type-post","status-publish","format-standard","has-post-thumbnail","hentry","category-uncategorized","tag-derici","tag-irem"],"_links":{"self":[{"href":"https:\/\/bihavadis.com\/index.php\/wp-json\/wp\/v2\/posts\/67794","targetHints":{"allow":["GET"]}}],"collection":[{"href":"https:\/\/bihavadis.com\/index.php\/wp-json\/wp\/v2\/posts"}],"about":[{"href":"https:\/\/bihavadis.com\/index.php\/wp-json\/wp\/v2\/types\/post"}],"author":[{"embeddable":true,"href":"https:\/\/bihavadis.com\/index.php\/wp-json\/wp\/v2\/users\/1"}],"replies":[{"embeddable":true,"href":"https:\/\/bihavadis.com\/index.php\/wp-json\/wp\/v2\/comments?post=67794"}],"version-history":[{"count":1,"href":"https:\/\/bihavadis.com\/index.php\/wp-json\/wp\/v2\/posts\/67794\/revisions"}],"predecessor-version":[{"id":67799,"href":"https:\/\/bihavadis.com\/index.php\/wp-json\/wp\/v2\/posts\/67794\/revisions\/67799"}],"wp:featuredmedia":[{"embeddable":true,"href":"https:\/\/bihavadis.com\/index.php\/wp-json\/wp\/v2\/media\/67795"}],"wp:attachment":[{"href":"https:\/\/bihavadis.com\/index.php\/wp-json\/wp\/v2\/media?parent=67794"}],"wp:term":[{"taxonomy":"category","embeddable":true,"href":"https:\/\/bihavadis.com\/index.php\/wp-json\/wp\/v2\/categories?post=67794"},{"taxonomy":"post_tag","embeddable":true,"href":"https:\/\/bihavadis.com\/index.php\/wp-json\/wp\/v2\/tags?post=67794"}],"curies":[{"name":"wp","href":"https:\/\/api.w.org\/{rel}","templated":true}]}}