{"id":6782,"date":"2026-01-30T20:03:06","date_gmt":"2026-01-30T20:03:06","guid":{"rendered":"https:\/\/bihavadis.com\/?p=6782"},"modified":"2026-01-30T20:03:06","modified_gmt":"2026-01-30T20:03:06","slug":"hazirgiyimde-fransa-hedefi-1-milyar-dolar-turk-firmalari-paris-yolunda","status":"publish","type":"post","link":"https:\/\/bihavadis.com\/index.php\/2026\/01\/30\/hazirgiyimde-fransa-hedefi-1-milyar-dolar-turk-firmalari-paris-yolunda\/","title":{"rendered":"Haz\u0131rgiyimde Fransa Hedefi 1 Milyar Dolar: T\u00fcrk Firmalar\u0131 Paris Yolunda"},"content":{"rendered":"<p>T\u00fcrkiye, yakla\u015f\u0131k 200 kuma\u015f, haz\u0131rgiyim, deri ve aksesuar \u00fcreticisiyle Premiere Vision Manufacturing Paris Fuar\u0131na bu y\u0131l da en fazla kat\u0131l\u0131mc\u0131 g\u00f6nderen \u00fclkelerin ba\u015f\u0131nda geliyor.<\/p>\n<p>Ege Haz\u0131rgiyim ve Konfeksiyon \u0130hracat\u00e7\u0131lar\u0131 Birli\u011fi (EHK\u0130B), moda sekt\u00f6r\u00fcnde d\u00fcnyan\u0131n \u00f6nde gelen ve en prestijli fuarlar\u0131 aras\u0131nda yer alan Premiere Vision Manufacturing Paris Fuar\u0131\u2019na, 3-5 \u015eubat 2026 tarihlerinde 20\u2019inci kez mili kat\u0131l\u0131m organizasyonu ger\u00e7ekle\u015ftirecek.\u00a0<\/p>\n<p><strong>1 milyar dolar hedefimiz var<\/strong><\/p>\n<p>Ege Haz\u0131rgiyim ve Konfeksiyon \u0130hracat\u00e7\u0131lar\u0131 Birli\u011fi Ba\u015fkan\u0131 Burak Sertba\u015f, \u201cT\u00fcrkiye\u2019nin Fransa\u2019ya haz\u0131rgiyim ihracat\u0131 2025 y\u0131l\u0131nda \u00f6nceki y\u0131la g\u00f6re y\u00fczde 8 azalarak 895 milyon dolar seviyesinde ger\u00e7ekle\u015fti. 1 milyar dolar hedefimiz var. \u00a0T\u00fcrkiye genelinde Fransa, en \u00e7ok konfeksiyon ihracat\u0131 yap\u0131lan 5\u2019inci b\u00fcy\u00fck pazar, EHK\u0130B\u2019in de 8\u2019inci pazar\u0131 konumunda.\u00a0PV Fuar\u0131na 22 firmayla kat\u0131l\u0131m sa\u011fl\u0131yoruz. 10 firma \u0130zmir, 11 firma \u0130stanbul ve 1 firma ise Antalya\u2019dan kat\u0131l\u0131yor.\u201d dedi.\u00a0<\/p>\n<p><strong>Milli kat\u0131l\u0131m sekt\u00f6r a\u00e7\u0131s\u0131ndan son derece ba\u015far\u0131l\u0131 ve motive edici<\/strong><\/p>\n<p>Ege Haz\u0131rgiyim ve Konfeksiyon \u0130hracat\u00e7\u0131lar\u0131 Birli\u011fi Ba\u015fkan Yard\u0131mc\u0131s\u0131 \u00c7a\u011flar Ba\u011fc\u0131, 22 firmayla ger\u00e7ekle\u015ftirilen milli kat\u0131l\u0131m\u0131n sekt\u00f6r a\u00e7\u0131s\u0131ndan son derece ba\u015far\u0131l\u0131 ve motive edici bir tablo ortaya koydu\u011funu, y\u00fcksek say\u0131da firma kat\u0131l\u0131m\u0131yla sa\u011flanan bu g\u00fc\u00e7l\u00fc temsilin, T\u00fcrk haz\u0131r giyim sekt\u00f6r\u00fcn\u00fcn Fransa pazar\u0131na olan ilgisinin a\u00e7\u0131k bir g\u00f6stergesi oldu\u011funu belirtti.\u00a0<\/p>\n<p>Ba\u011fc\u0131, \u201cFransa 2025 y\u0131l\u0131nda 30 milyar dolar haz\u0131r giyim ithalat\u0131 ger\u00e7ekle\u015ftirdi. Fransa, ABD ve Almanya\u2019n\u0131n ard\u0131ndan d\u00fcnyan\u0131n en b\u00fcy\u00fck 3.b\u00fcy\u00fck giyim ithalat\u00e7\u0131s\u0131 konumunda. T\u00fcrkiye, \u00c7in, Banglade\u015f, \u0130talya\u2019n\u0131n ard\u0131ndan Fransa\u2019n\u0131n 4.b\u00fcy\u00fck giyim tedarik\u00e7isi konumundad\u0131r.\u201d dedi.<\/p>\n<p><strong>T\u00fcrk haz\u0131rgiyim \u00fcreticileri rekabette zorlan\u0131yor<\/strong><\/p>\n<p>Ege Haz\u0131rgiyim ve Konfeksiyon \u0130hracat\u00e7\u0131lar\u0131 Birli\u011fi Ba\u015fkan Yard\u0131mc\u0131s\u0131 Seray Seyfeli, \u201cT\u00fcrk haz\u0131rgiyim \u00fcreticileri son d\u00f6nemde maliyet avantaj\u0131n\u0131 kaybetmesi sonras\u0131nda rekabette zorlan\u0131yor. Fransa pazar\u0131nda hemen arkam\u0131zdaki rakiplerimiz Hindistan, Vietnam ve Tunus. PV Paris gibi sekt\u00f6r\u00fcn \u00f6nemli fuarlar\u0131na d\u00fczenli kat\u0131l\u0131m sa\u011flayarak Pazar pay\u0131m\u0131z\u0131 geni\u015fletmek ayn\u0131 zamanda m\u00fc\u015fteriye yak\u0131n olarak mevcut pay\u0131m\u0131z\u0131 korumak hedefindeyiz. Firmalar\u0131m\u0131z \u0130lkbahar-Yaz 2027 kreasyonlar\u0131n\u0131 3 g\u00fcn boyunca d\u00fcnyan\u0131n \u00e7e\u015fitli \u00fclkelerinden gelen al\u0131c\u0131lar\u0131n be\u011fenilerine sunacak.\u201d dedi.<\/p>\n<p><strong>EHK\u0130B\u2019den \u00fc\u00e7 \u00fclkede 6 milli kat\u0131l\u0131m fuar\u0131 ve 1 sekt\u00f6rel ticaret heyeti\u00a0<\/strong><\/p>\n<p>Ege Haz\u0131rgiyim ve Konfeksiyon \u0130hracat\u00e7\u0131lar\u0131 Birli\u011fi Y\u00f6netim Kurulu \u00dcyesi ve D\u0131\u015f Pazar Komitesi Ba\u015fkan\u0131 Tala U\u011fuz, \u201cBirli\u011fimiz Fuara 2015 y\u0131l\u0131ndan itibaren senede iki kez d\u00fczenli olarak kat\u0131l\u0131m sa\u011fl\u0131yor. PV Paris Fuar\u0131 Birli\u011fimizin en b\u00fcy\u00fck d\u0131\u015f pazar faaliyeti konumunda, senede yakla\u015f\u0131k 50 firma EHK\u0130B arac\u0131l\u0131\u011f\u0131yla fuara kat\u0131l\u0131m sa\u011fl\u0131yor. Fuar\u0131n ikinci edisyonu Eyl\u00fcl\u2019de ger\u00e7ekle\u015fiyor.\u00a0Birli\u011fimiz 2026 d\u0131\u015f pazar faaliyetleri kapsam\u0131mda \u00fc\u00e7 \u00fclkede 6 milli kat\u0131l\u0131m fuar\u0131 ve 1 sekt\u00f6rel ticaret heyeti d\u00fczenlenmesi planlan\u0131yor.\u201d diye konu\u015ftu. \u00a0<\/p>\n<p>Fuar genelinde 40 \u00fclkeden 1.000 civar\u0131 \u00fcretici yer alacak. Eyl\u00fcl 2025 fuar\u0131 20 bin profesyonelce ziyaret edildi.<\/p>\n<p><strong>Premiere Vision Manufacturing Paris Fuar\u0131na kat\u0131lacak firmalar;<\/strong><\/p>\n<p>AK\u00c7AKAYA TEKST\u0130L<\/p>\n<p>AK\u00c7INAR G\u0130Y\u0130M<\/p>\n<p>AYDIN SCV TEKST\u0130L<\/p>\n<p>BETA KONFEKS\u0130YON<\/p>\n<p>BETOBE TEKST\u0130L<\/p>\n<p>COLETT\u0130 DI\u015e G\u0130Y\u0130M<\/p>\n<p>DND TEKST\u0130L<\/p>\n<p>ERTEN TEKST\u0130L<\/p>\n<p>FORMAL TR\u0130KO<\/p>\n<p>GULSEN TEKST\u0130L<\/p>\n<p>IYA TEKST\u0130L<\/p>\n<p>KREATEKS TEKST\u0130L<\/p>\n<p>LINO TEKST\u0130L<\/p>\n<p>MEBA G\u0130Y\u0130M<\/p>\n<p>MERGU TEKST\u0130L<\/p>\n<p>MODALT TEKST\u0130L<\/p>\n<p>OZTEK HAZIR G\u0130Y\u0130M<\/p>\n<p>RAL TEKST\u0130L<\/p>\n<p>R\u0130KKOTEKS TEKST\u0130L<\/p>\n<p>SARP JEANS<\/p>\n<p>SEYFEL\u0130 TEKST\u0130L<\/p>\n<p>YILMAZ TEKST\u0130L<\/p>\n<p>\u00a0<\/p>\n<p>Kaynak: (BYZHA) Beyaz Haber Ajans\u0131<\/p>\n","protected":false},"excerpt":{"rendered":"<p>T\u00fcrkiye, yakla\u015f\u0131k 200 kuma\u015f, haz\u0131rgiyim, deri ve aksesuar \u00fcreticisiyle Premiere Vision Manufacturing Paris Fuar\u0131na bu y\u0131l da en fazla kat\u0131l\u0131mc\u0131 g\u00f6nderen \u00fclkelerin ba\u015f\u0131nda geliyor.<\/p>\n","protected":false},"author":1,"featured_media":6783,"comment_status":"open","ping_status":"open","sticky":false,"template":"","format":"standard","meta":{"footnotes":""},"categories":[8],"tags":[1120,1577,1580,1579,347],"class_list":["post-6782","post","type-post","status-publish","format-standard","has-post-thumbnail","hentry","category-ekonomi","tag-firma","tag-fuari","tag-giyim","tag-katilim","tag-pazar"],"_links":{"self":[{"href":"https:\/\/bihavadis.com\/index.php\/wp-json\/wp\/v2\/posts\/6782","targetHints":{"allow":["GET"]}}],"collection":[{"href":"https:\/\/bihavadis.com\/index.php\/wp-json\/wp\/v2\/posts"}],"about":[{"href":"https:\/\/bihavadis.com\/index.php\/wp-json\/wp\/v2\/types\/post"}],"author":[{"embeddable":true,"href":"https:\/\/bihavadis.com\/index.php\/wp-json\/wp\/v2\/users\/1"}],"replies":[{"embeddable":true,"href":"https:\/\/bihavadis.com\/index.php\/wp-json\/wp\/v2\/comments?post=6782"}],"version-history":[{"count":1,"href":"https:\/\/bihavadis.com\/index.php\/wp-json\/wp\/v2\/posts\/6782\/revisions"}],"predecessor-version":[{"id":6784,"href":"https:\/\/bihavadis.com\/index.php\/wp-json\/wp\/v2\/posts\/6782\/revisions\/6784"}],"wp:featuredmedia":[{"embeddable":true,"href":"https:\/\/bihavadis.com\/index.php\/wp-json\/wp\/v2\/media\/6783"}],"wp:attachment":[{"href":"https:\/\/bihavadis.com\/index.php\/wp-json\/wp\/v2\/media?parent=6782"}],"wp:term":[{"taxonomy":"category","embeddable":true,"href":"https:\/\/bihavadis.com\/index.php\/wp-json\/wp\/v2\/categories?post=6782"},{"taxonomy":"post_tag","embeddable":true,"href":"https:\/\/bihavadis.com\/index.php\/wp-json\/wp\/v2\/tags?post=6782"}],"curies":[{"name":"wp","href":"https:\/\/api.w.org\/{rel}","templated":true}]}}