{"id":67869,"date":"2026-03-09T13:21:08","date_gmt":"2026-03-09T13:21:08","guid":{"rendered":"https:\/\/bihavadis.com\/?p=67869"},"modified":"2026-03-09T13:21:08","modified_gmt":"2026-03-09T13:21:08","slug":"chp-turkiyenin-duzenini-degistirecegiz","status":"publish","type":"post","link":"https:\/\/bihavadis.com\/index.php\/2026\/03\/09\/chp-turkiyenin-duzenini-degistirecegiz\/","title":{"rendered":"CHP, T\u00fcrkiye&#8217;nin D\u00fczenini De\u011fi\u015ftirece\u011fiz"},"content":{"rendered":"<p>CHP Grup Ba\u015fkanvekili G\u00f6khan G\u00fcnayd\u0131n, &#8220;Bu d\u00fczeni mutlaka de\u011fi\u015ftirece\u011fiz. T\u00fcrkiye&#8217;nin yarar\u0131na, memleketin hak etti\u011fi bir d\u00fczeni mutlaka kuraca\u011f\u0131z.&#8221; dedi.<\/p>\n<p>G\u00fcnayd\u0131n, partisinin \u00c7orum \u0130l Ba\u015fkanl\u0131\u011f\u0131&#8217;nda d\u00fczenledi\u011fi bas\u0131n toplant\u0131s\u0131nda, 6 \u015eubat Kahramanmara\u015f merkezli depremlerin 3. y\u0131l d\u00f6n\u00fcm\u00fc dolay\u0131s\u0131yla CHP&#8217;nin b\u00fct\u00fcn milletvekillerinin 5-6 \u015eubat&#8217;ta b\u00f6lgede bulundu\u011funu s\u00f6yledi.<\/p>\n<p>CHP Genel Ba\u015fkan\u0131 \u00d6zg\u00fcr \u00d6zel&#8217;in de 2 \u015eubat&#8217;tan itibaren bir haftas\u0131n\u0131 deprem b\u00f6lgesine ay\u0131rd\u0131\u011f\u0131n\u0131 belirten G\u00fcnayd\u0131n, &#8220;6 \u015eubat 2023&#8217;te tarihin g\u00f6rd\u00fc\u011f\u00fc en b\u00fcy\u00fck felaketlerden biri ya\u015fand\u0131. Sabaha kar\u015f\u0131 4.17 ve 13.24&#8217;te olmak \u00fczere iki deprem, yakla\u015f\u0131k 54 bin yurtta\u015f\u0131m\u0131z\u0131 hayattan ald\u0131. Elbette deprem \u00e7ok b\u00fcy\u00fck bir felaket ama \u00fclkeleri depreme haz\u0131rl\u0131kl\u0131 k\u0131lmak, diren\u00e7li kentler in\u015fa etmektir as\u0131l mesele.&#8221; diye konu\u015ftu.<\/p>\n<p>Depremin ilk g\u00fcn\u00fc milletvekillerinin, ikinci g\u00fcn\u00fc ise genel ba\u015fkan ve b\u00fcy\u00fck\u015fehir belediye ba\u015fkanlar\u0131n\u0131n b\u00f6lgeye ula\u015ft\u0131\u011f\u0131n\u0131 aktaran G\u00fcnayd\u0131n, &#8220;B\u00fct\u00fcn deprem b\u00f6lgelerini b\u00fcy\u00fck\u015fehir belediyelerimiz, il ve il\u00e7e belediyelerimiz payla\u015ft\u0131. Hala belediyelerimizin yapt\u0131klar\u0131 yerler orada duruyor. \u0130lk yeme\u011fi biz verdik, ilk \u00e7ad\u0131r\u0131 ve ilk konteyner kenti biz kurduk.&#8221; ifadelerini kulland\u0131.<\/p>\n<p>G\u00fcnayd\u0131n, CHP olarak erken se\u00e7im talep ettiklerine i\u015faret ederek, \u015f\u00f6yle devam etti: <\/p>\n<p>&#8220;Cumhurba\u015fkan\u0131 (Recep Tayyip) Erdo\u011fan memleketin bu kadar birikmi\u015f sorunu varken, sanayici, \u00e7ift\u00e7i, esnaf, herkes kan a\u011fl\u0131yorken diyor ki, &#8216;Adalet ve Kalk\u0131nma Partisi \u00fcye say\u0131s\u0131 12 milyon oldu. CHP&#8217;nin \u00fcye say\u0131s\u0131 2 milyon.&#8217; Senin derdin partilerin \u00fcye say\u0131s\u0131n\u0131 kar\u015f\u0131la\u015ft\u0131rmak olmamal\u0131. Senin derdin memleketin dertlerine derman olmak olmal\u0131 ama yine de s\u00f6yl\u00fcyorum: 12 milyon \u00fcyene g\u00fcveniyor musun? Yerel se\u00e7imlerde \u00fcye say\u0131n 11 milyondu, neredeyse elinde \u00f6nemli b\u00fcy\u00fck\u015fehir kalmad\u0131. Demek ki mesele \u00fcye say\u0131s\u0131 de\u011fil, mesele vatanda\u015f\u0131n kalbine girebilmekte. Art\u0131k vatanda\u015f\u0131n kalbine girme durumunuz yok \u00e7\u00fcnk\u00fc adalet kalmam\u0131\u015f memlekette, ekonomi, bar\u0131\u015f kalmam\u0131\u015f.&#8221;<\/p>\n<p>T\u00fcrkiye&#8217;nin iyi y\u00f6netilmedi\u011fini savunan G\u00fcnayd\u0131n, \u015funlar\u0131 kaydetti: <\/p>\n<p>&#8220;Bu \u00fclke y\u00f6netilemiyor. Erken se\u00e7im isteyenlerin oran\u0131 y\u00fczde 65&#8217;e gelmi\u015f. Tarihte b\u00f6yle bir oran g\u00f6r\u00fclmedi. Bir vatanda\u015f erken se\u00e7im istiyorsa, &#8216;Benim durumum iyi de\u011fil, memleketin durumu da iyi de\u011fil.&#8217; diyor. \u00d6yle ak\u0131ll\u0131lar ki diyorlar ki, &#8216;2027&#8217;nin kas\u0131m\u0131nda erken se\u00e7im yapaca\u011f\u0131z, CHP ka\u00e7mas\u0131n. Bu kafa, nas\u0131l bir kafad\u0131r? Biz size diyoruz ki, gelin bir aya erken se\u00e7im yapal\u0131m. 2027&#8217;nin kas\u0131m\u0131nda memleketi de\u011fil ancak Erdo\u011fan&#8217;\u0131 kurtarmaya \u00e7al\u0131\u015fabilirsin. Bizim derdimiz Erdo\u011fan de\u011fil. Bizim derdimiz tek ba\u015f\u0131na AKP de de\u011fil. Bizim derdimiz bu d\u00fczen. Bu d\u00fczeni mutlaka de\u011fi\u015ftirece\u011fiz. T\u00fcrkiye&#8217;nin yarar\u0131na, memleketin hak etti\u011fi bir d\u00fczeni mutlaka kuraca\u011f\u0131z.&#8221;<\/p>\n<p>G\u00f6khan G\u00fcnayd\u0131n, baz\u0131 mesleklere y\u0131ll\u0131k har\u00e7 zorunlulu\u011fu getiren kanun teklifinin Meclis&#8217;te kabul edilmesiyle ilgili d\u00fczenlemeyi Anayasa Mahkemesine g\u00f6t\u00fcreceklerini s\u00f6zlerine ekledi.<\/p>\n","protected":false},"excerpt":{"rendered":"<p>G\u00f6khan G\u00fcnayd\u0131n, CHP&#8217;nin deprem sonras\u0131 desteklerini vurgulad\u0131 ve erken se\u00e7im talep etti.<\/p>\n","protected":false},"author":1,"featured_media":67870,"comment_status":"open","ping_status":"open","sticky":false,"template":"","format":"standard","meta":{"footnotes":""},"categories":[12],"tags":[516,1637,60,3229,1054],"class_list":["post-67869","post","type-post","status-publish","format-standard","has-post-thumbnail","hentry","category-siyaset","tag-baskan","tag-chp","tag-deprem","tag-gunaydin","tag-uye"],"_links":{"self":[{"href":"https:\/\/bihavadis.com\/index.php\/wp-json\/wp\/v2\/posts\/67869","targetHints":{"allow":["GET"]}}],"collection":[{"href":"https:\/\/bihavadis.com\/index.php\/wp-json\/wp\/v2\/posts"}],"about":[{"href":"https:\/\/bihavadis.com\/index.php\/wp-json\/wp\/v2\/types\/post"}],"author":[{"embeddable":true,"href":"https:\/\/bihavadis.com\/index.php\/wp-json\/wp\/v2\/users\/1"}],"replies":[{"embeddable":true,"href":"https:\/\/bihavadis.com\/index.php\/wp-json\/wp\/v2\/comments?post=67869"}],"version-history":[{"count":1,"href":"https:\/\/bihavadis.com\/index.php\/wp-json\/wp\/v2\/posts\/67869\/revisions"}],"predecessor-version":[{"id":67871,"href":"https:\/\/bihavadis.com\/index.php\/wp-json\/wp\/v2\/posts\/67869\/revisions\/67871"}],"wp:featuredmedia":[{"embeddable":true,"href":"https:\/\/bihavadis.com\/index.php\/wp-json\/wp\/v2\/media\/67870"}],"wp:attachment":[{"href":"https:\/\/bihavadis.com\/index.php\/wp-json\/wp\/v2\/media?parent=67869"}],"wp:term":[{"taxonomy":"category","embeddable":true,"href":"https:\/\/bihavadis.com\/index.php\/wp-json\/wp\/v2\/categories?post=67869"},{"taxonomy":"post_tag","embeddable":true,"href":"https:\/\/bihavadis.com\/index.php\/wp-json\/wp\/v2\/tags?post=67869"}],"curies":[{"name":"wp","href":"https:\/\/api.w.org\/{rel}","templated":true}]}}