{"id":67872,"date":"2026-03-09T13:24:14","date_gmt":"2026-03-09T13:24:14","guid":{"rendered":"https:\/\/bihavadis.com\/?p=67872"},"modified":"2026-03-09T13:24:14","modified_gmt":"2026-03-09T13:24:14","slug":"ozgur-ozel-ilahiyi-hocalar-okur-mecliste-okunmaz","status":"publish","type":"post","link":"https:\/\/bihavadis.com\/index.php\/2026\/03\/09\/ozgur-ozel-ilahiyi-hocalar-okur-mecliste-okunmaz\/","title":{"rendered":"\u00d6zg\u00fcr \u00d6zel: \u0130lahiyi hocalar okur, Meclis&#8217;te okunmaz"},"content":{"rendered":"<p>CHP Genel Ba\u015fkan\u0131 \u00d6zg\u00fcr \u00d6zel, d\u00fcn ak\u015fam Bak\u0131rk\u00f6y&#8217;de konu\u015ftu.\u00a0<\/p>\n<p>Ekrem \u0130mamo\u011flu&#8217;nun yolsuzluk ve r\u00fc\u015fvetten tutuklanmas\u0131ndan sonra mitinglerine devam eden \u00d6zg\u00fcr \u00d6zel, Cumhurba\u015fkan\u0131 Recep Tayyip Erdo\u011fan&#8217;\u0131n grup toplant\u0131s\u0131 hakk\u0131nda konu\u015ftu.\u00a0<\/p>\n<p><strong>&#8220;\u00c7IKMI\u015e K\u00dcRS\u00dcYE \u0130LAH\u0130 OKUYOR&#8221;<\/strong><\/p>\n<p>Son zamanlar\u0131n pop\u00fcler ilahisi &#8220;<em><b>Kabe&#8217;de Hac\u0131lar&#8221;<\/b><\/em>\u00a0hakk\u0131nda konu\u015fan ve Cumhurba\u015fkan\u0131 Erdo\u011fan&#8217;\u0131 ele\u015ftiren \u00d6zg\u00fcr \u00d6zel, <b>&#8220;<em>Meclis&#8217;te ilahi okunmaz.&#8221;<\/em> <\/b>dedi.<\/p>\n<p><strong>TEK\u0130N&#8217;\u0130 YUHALATTI<\/strong><\/p>\n<p>\u00d6zel, ayn\u0131 konu\u015fmas\u0131nda okullara Ramazan genelgesi g\u00f6nderen Milli E\u011fitim Bakan\u0131 Yusuf Tekin&#8217;i de yuhalatt\u0131.<\/p>\n<p>\u00d6zel, \u015f\u00f6yle konu\u015ftu;\u00a0<\/p>\n<p><strong>&#8220;SEN K\u00dcRS\u00dcDE \u0130LAH\u0130 OKUMAYACAKSIN&#8221;<\/strong><\/p>\n<p><em><b>&#8220;Bug\u00fcn grup toplant\u0131s\u0131nda ilahi okuyor. O ilahi, okuyanlar\u0131n a\u011fz\u0131na yak\u0131\u015f\u0131r ama siyasetin konusu de\u011fildir. <\/b><\/em><\/p>\n<p><em><b>Sen \u00e7\u0131k\u0131nca oraya ilahi okumayacaks\u0131n.\u00a0Bug\u00fcn \u00e7\u0131km\u0131\u015f grup toplant\u0131s\u0131nda ilahi okuyor. <\/b><\/em><\/p>\n<p><em><b>O ilahiyi hocalar okur, haf\u0131zlar okur. \u0130lahi orada uygun mekanda, uygun yerde, uygun \u015fekilde okunur.<\/b><\/em><\/p>\n<p><img decoding=\"async\" src=\"https:\/\/bihavadis.com\/wp-content\/uploads\/2026\/03\/ozgur-ozel-ilahiyi-hocalar-okur-mecliste-okunmaz-0-pqROtQJ8.jpg\"\/><\/p>\n<p><strong>&#8220;M\u0130LL\u0130 E\u011e\u0130T\u0130M BAKANI&#8217;NA GE\u00c7\u0130T VERMEYECE\u011e\u0130Z&#8221;<\/strong><\/p>\n<p><em><b>Sabiciklere 4 ya\u015f\u0131nda, 5 ya\u015f\u0131nda\u2026 Ailesi kar\u0131\u015f\u0131r ailesi. Sen ne orucuna kar\u0131\u015f\u0131rs\u0131n, ne namaz\u0131na kar\u0131\u015f\u0131rs\u0131n? Ailesi kar\u0131\u015f\u0131r. <\/b><\/em><\/p>\n<p><em><b>Bu kutupla\u015ft\u0131r\u0131c\u0131, bile bile kriz \u00e7\u0131karmaya \u00e7al\u0131\u015fan Milli E\u011fitim Bakan\u0131\u2019na da onu atayan patronuna da ge\u00e7it vermeyece\u011fiz.&#8221;<\/b><\/em>\u00a0<\/p>\n<p><img decoding=\"async\" src=\"https:\/\/bihavadis.com\/wp-content\/uploads\/2026\/03\/ozgur-ozel-ilahiyi-hocalar-okur-mecliste-okunmaz-1-yvnAh8T8.jpg\"\/> <\/p>\n<div> <span><strong>Kaynak:<\/strong> Ensonhaber Haber Merkezi<\/span> <\/div>\n","protected":false},"excerpt":{"rendered":"<p>CHP Genel Ba\u015fkan\u0131 \u00d6zg\u00fcr \u00d6zel, d\u00fcn ak\u015fam Bak\u0131rk\u00f6y&#8217;de konu\u015ftu.\u00a0 Ekrem \u0130mamo\u011flu&#8217;nun yolsuzluk ve r\u00fc\u015fvetten tutuklanmas\u0131ndan sonra mitinglerine devam eden \u00d6zg\u00fcr \u00d6zel, Cumhurba\u015fkan\u0131 Recep Tayyip Erdo\u011fan&#8217;\u0131n grup toplant\u0131s\u0131 hakk\u0131nda konu\u015ftu.\u00a0 &#8220;\u00c7IKMI\u015e &#8230;<\/p>\n","protected":false},"author":1,"featured_media":67873,"comment_status":"open","ping_status":"open","sticky":false,"template":"","format":"standard","meta":{"footnotes":""},"categories":[9,13],"tags":[7437],"class_list":["post-67872","post","type-post","status-publish","format-standard","has-post-thumbnail","hentry","category-genel","category-son-dakika","tag-ilahi"],"_links":{"self":[{"href":"https:\/\/bihavadis.com\/index.php\/wp-json\/wp\/v2\/posts\/67872","targetHints":{"allow":["GET"]}}],"collection":[{"href":"https:\/\/bihavadis.com\/index.php\/wp-json\/wp\/v2\/posts"}],"about":[{"href":"https:\/\/bihavadis.com\/index.php\/wp-json\/wp\/v2\/types\/post"}],"author":[{"embeddable":true,"href":"https:\/\/bihavadis.com\/index.php\/wp-json\/wp\/v2\/users\/1"}],"replies":[{"embeddable":true,"href":"https:\/\/bihavadis.com\/index.php\/wp-json\/wp\/v2\/comments?post=67872"}],"version-history":[{"count":1,"href":"https:\/\/bihavadis.com\/index.php\/wp-json\/wp\/v2\/posts\/67872\/revisions"}],"predecessor-version":[{"id":67876,"href":"https:\/\/bihavadis.com\/index.php\/wp-json\/wp\/v2\/posts\/67872\/revisions\/67876"}],"wp:featuredmedia":[{"embeddable":true,"href":"https:\/\/bihavadis.com\/index.php\/wp-json\/wp\/v2\/media\/67873"}],"wp:attachment":[{"href":"https:\/\/bihavadis.com\/index.php\/wp-json\/wp\/v2\/media?parent=67872"}],"wp:term":[{"taxonomy":"category","embeddable":true,"href":"https:\/\/bihavadis.com\/index.php\/wp-json\/wp\/v2\/categories?post=67872"},{"taxonomy":"post_tag","embeddable":true,"href":"https:\/\/bihavadis.com\/index.php\/wp-json\/wp\/v2\/tags?post=67872"}],"curies":[{"name":"wp","href":"https:\/\/api.w.org\/{rel}","templated":true}]}}