{"id":6790,"date":"2026-01-30T20:09:05","date_gmt":"2026-01-30T20:09:05","guid":{"rendered":"https:\/\/bihavadis.com\/?p=6790"},"modified":"2026-01-30T20:09:05","modified_gmt":"2026-01-30T20:09:05","slug":"aksu-ve-kumlucada-sera-ziyareti","status":"publish","type":"post","link":"https:\/\/bihavadis.com\/index.php\/2026\/01\/30\/aksu-ve-kumlucada-sera-ziyareti\/","title":{"rendered":"Aksu ve Kumluca&#8217;da Sera Ziyareti"},"content":{"rendered":"<p> Tar\u0131m ve Orman Bakanl\u0131\u011f\u0131 ile Tar\u0131m Sigortalar\u0131 Havuzu&#8217;ndan (TARS\u0130M) \u00fcst d\u00fczey yetkililerin bulundu\u011fu heyet, Antalya&#8217;n\u0131n Aksu ve Kumluca il\u00e7elerinde su bask\u0131n\u0131 nedeniyle hasar g\u00f6ren seralara ziyarette bulundu.<\/p>\n<p>TARS\u0130M&#8217;den yap\u0131lan a\u00e7\u0131klamaya g\u00f6re, Tar\u0131m ve Orman Bakanl\u0131\u011f\u0131 Tar\u0131m Reformu Genel M\u00fcd\u00fcr\u00fc ve TARS\u0130M Y\u00f6netim Kurulu \u00dcyesi Osman Y\u0131ld\u0131z, Tar\u0131m ve Orman Bakanl\u0131\u011f\u0131 Bitkisel \u00dcretim Genel M\u00fcd\u00fcr\u00fc U\u011fur Erdem, Tar\u0131m ve Orman Bakanl\u0131\u011f\u0131 Tar\u0131m Reformu Genel M\u00fcd\u00fcrl\u00fc\u011f\u00fc Tar\u0131m Sigortalar\u0131 ve Do\u011fal Afetler Daire Ba\u015fkan\u0131 Kamil \u00d6zdemir, TARS\u0130M Y\u00f6netim Kurulu \u00dcyesi ve Tar\u0131m Sigortalar\u0131 Havuz \u0130\u015fletmesi Genel M\u00fcd\u00fcr\u00fc Bekir Eng\u00fcr\u00fcl\u00fc&#8217;n\u00fcn bulundu\u011fu heyet, Antalya&#8217;n\u0131n Aksu ve Kumluca il\u00e7elerine ziyaret ger\u00e7ekle\u015ftirdi.<\/p>\n<p>Ziyaret kapsam\u0131nda, b\u00f6lgedeki son durum hakk\u0131nda bilgi alan ve zarar g\u00f6ren seralar\u0131 inceleyen heyet, de\u011fi\u015fen iklim ko\u015fullar\u0131na ba\u011fl\u0131 olarak do\u011fal afetlerin ve risklerin her ge\u00e7en g\u00fcn artt\u0131\u011f\u0131na dikkat \u00e7ekerek, \u00fcreticilere tar\u0131m sigortas\u0131n\u0131n ihmal edilmemesi gerekti\u011fini hat\u0131rlatt\u0131.<\/p>\n","protected":false},"excerpt":{"rendered":"<p>Bakanl\u0131k heyeti, su bask\u0131n\u0131 nedeniyle hasar g\u00f6ren seralar\u0131 inceledi ve tar\u0131m sigortas\u0131 uyar\u0131s\u0131 yapt\u0131.<\/p>\n","protected":false},"author":1,"featured_media":6791,"comment_status":"open","ping_status":"open","sticky":false,"template":"","format":"standard","meta":{"footnotes":""},"categories":[12],"tags":[371],"class_list":["post-6790","post","type-post","status-publish","format-standard","has-post-thumbnail","hentry","category-siyaset","tag-tarim"],"_links":{"self":[{"href":"https:\/\/bihavadis.com\/index.php\/wp-json\/wp\/v2\/posts\/6790","targetHints":{"allow":["GET"]}}],"collection":[{"href":"https:\/\/bihavadis.com\/index.php\/wp-json\/wp\/v2\/posts"}],"about":[{"href":"https:\/\/bihavadis.com\/index.php\/wp-json\/wp\/v2\/types\/post"}],"author":[{"embeddable":true,"href":"https:\/\/bihavadis.com\/index.php\/wp-json\/wp\/v2\/users\/1"}],"replies":[{"embeddable":true,"href":"https:\/\/bihavadis.com\/index.php\/wp-json\/wp\/v2\/comments?post=6790"}],"version-history":[{"count":1,"href":"https:\/\/bihavadis.com\/index.php\/wp-json\/wp\/v2\/posts\/6790\/revisions"}],"predecessor-version":[{"id":6792,"href":"https:\/\/bihavadis.com\/index.php\/wp-json\/wp\/v2\/posts\/6790\/revisions\/6792"}],"wp:featuredmedia":[{"embeddable":true,"href":"https:\/\/bihavadis.com\/index.php\/wp-json\/wp\/v2\/media\/6791"}],"wp:attachment":[{"href":"https:\/\/bihavadis.com\/index.php\/wp-json\/wp\/v2\/media?parent=6790"}],"wp:term":[{"taxonomy":"category","embeddable":true,"href":"https:\/\/bihavadis.com\/index.php\/wp-json\/wp\/v2\/categories?post=6790"},{"taxonomy":"post_tag","embeddable":true,"href":"https:\/\/bihavadis.com\/index.php\/wp-json\/wp\/v2\/tags?post=6790"}],"curies":[{"name":"wp","href":"https:\/\/api.w.org\/{rel}","templated":true}]}}