{"id":68096,"date":"2026-03-09T16:09:08","date_gmt":"2026-03-09T16:09:08","guid":{"rendered":"https:\/\/bihavadis.com\/?p=68096"},"modified":"2026-03-09T16:09:08","modified_gmt":"2026-03-09T16:09:08","slug":"baskan-kilic-esnaf-ziyareti-gerceklestirdi","status":"publish","type":"post","link":"https:\/\/bihavadis.com\/index.php\/2026\/03\/09\/baskan-kilic-esnaf-ziyareti-gerceklestirdi\/","title":{"rendered":"Ba\u015fkan K\u0131l\u0131\u00e7 Esnaf Ziyareti Ger\u00e7ekle\u015ftirdi"},"content":{"rendered":"<p> Bafra Belediye Ba\u015fkan\u0131 Hamit K\u0131l\u0131\u00e7, esnaf ziyareti ger\u00e7ekle\u015ftirdi.<\/p>\n<p>Farkl\u0131 mahalle ve caddelerde ger\u00e7ekle\u015ftirilen ziyaretlerde K\u0131l\u0131\u00e7, esnaf\u0131n taleplerini dinleyerek belediyenin y\u00fcr\u00fctt\u00fc\u011f\u00fc projeler hakk\u0131nda bilgi verdi.<\/p>\n<p>Hizmetler hakk\u0131nda vatanda\u015flar\u0131n g\u00f6r\u00fc\u015flerini alan K\u0131l\u0131\u00e7, yerel y\u00f6netim s\u00fcre\u00e7lerinde isti\u015fare k\u00fclt\u00fcr\u00fcne \u00f6nem verdiklerini belirtti.<\/p>\n<p>Esnaf\u0131n ekonomik ve sosyal hayattaki rol\u00fcne de\u011finen K\u0131l\u0131\u00e7, &#8220;\u015eehrimizin temel ta\u015f\u0131 olan esnaf\u0131m\u0131zla bir araya gelerek talep ve \u00f6nerilerini dinledik. Bafra&#8217;y\u0131 ortak ak\u0131lla b\u00fcy\u00fctmek ad\u0131na hem\u015fehrilerimizin g\u00f6r\u00fc\u015fleri bizim i\u00e7in \u00f6nem arz ediyor. \u00c7\u00f6z\u00fcm odakl\u0131 belediyecilik anlay\u0131\u015f\u0131m\u0131z \u00e7er\u00e7evesinde esnaf\u0131m\u0131z\u0131n yan\u0131nda olmaya ve sorunlar\u0131na y\u00f6nelik ad\u0131mlar atmaya devam edece\u011fiz.&#8221; dedi.<\/p>\n","protected":false},"excerpt":{"rendered":"<p>Bafra Belediye Ba\u015fkan\u0131 Hamit K\u0131l\u0131\u00e7, esnaflarla bulu\u015farak taleplerini dinledi ve projeleri anlatt\u0131.<\/p>\n","protected":false},"author":1,"featured_media":68097,"comment_status":"open","ping_status":"open","sticky":false,"template":"","format":"standard","meta":{"footnotes":""},"categories":[12],"tags":[533],"class_list":["post-68096","post","type-post","status-publish","format-standard","has-post-thumbnail","hentry","category-siyaset","tag-esnaf"],"_links":{"self":[{"href":"https:\/\/bihavadis.com\/index.php\/wp-json\/wp\/v2\/posts\/68096","targetHints":{"allow":["GET"]}}],"collection":[{"href":"https:\/\/bihavadis.com\/index.php\/wp-json\/wp\/v2\/posts"}],"about":[{"href":"https:\/\/bihavadis.com\/index.php\/wp-json\/wp\/v2\/types\/post"}],"author":[{"embeddable":true,"href":"https:\/\/bihavadis.com\/index.php\/wp-json\/wp\/v2\/users\/1"}],"replies":[{"embeddable":true,"href":"https:\/\/bihavadis.com\/index.php\/wp-json\/wp\/v2\/comments?post=68096"}],"version-history":[{"count":1,"href":"https:\/\/bihavadis.com\/index.php\/wp-json\/wp\/v2\/posts\/68096\/revisions"}],"predecessor-version":[{"id":68098,"href":"https:\/\/bihavadis.com\/index.php\/wp-json\/wp\/v2\/posts\/68096\/revisions\/68098"}],"wp:featuredmedia":[{"embeddable":true,"href":"https:\/\/bihavadis.com\/index.php\/wp-json\/wp\/v2\/media\/68097"}],"wp:attachment":[{"href":"https:\/\/bihavadis.com\/index.php\/wp-json\/wp\/v2\/media?parent=68096"}],"wp:term":[{"taxonomy":"category","embeddable":true,"href":"https:\/\/bihavadis.com\/index.php\/wp-json\/wp\/v2\/categories?post=68096"},{"taxonomy":"post_tag","embeddable":true,"href":"https:\/\/bihavadis.com\/index.php\/wp-json\/wp\/v2\/tags?post=68096"}],"curies":[{"name":"wp","href":"https:\/\/api.w.org\/{rel}","templated":true}]}}