{"id":68147,"date":"2026-03-09T16:48:09","date_gmt":"2026-03-09T16:48:09","guid":{"rendered":"https:\/\/bihavadis.com\/?p=68147"},"modified":"2026-03-09T16:48:09","modified_gmt":"2026-03-09T16:48:09","slug":"galatasaray-juventusa-13-yil-sonra-ayni-kaderi-yasatti","status":"publish","type":"post","link":"https:\/\/bihavadis.com\/index.php\/2026\/03\/09\/galatasaray-juventusa-13-yil-sonra-ayni-kaderi-yasatti\/","title":{"rendered":"Galatasaray, Juventus&#8217;a 13 y\u0131l sonra ayn\u0131 kaderi ya\u015fatt\u0131"},"content":{"rendered":"<p>Temsilcimiz Galatasaray, Avrupa&#8217;n\u0131n en prestijli kupas\u0131nda \u0130talyan devi Juventus&#8217;u saf d\u0131\u015f\u0131 b\u0131rakt\u0131&#8230;<\/p>\n<p>Juventus&#8217;a r\u00f6van\u015f ma\u00e7\u0131nda 90 dakikada 3-0 kaybeden Aslan, uzatmalarda Victor Osimhen ve Bar\u0131\u015f Alper Y\u0131lmaz&#8217;la buldu\u011fu gollerle Devler Ligi&#8217;nde son 16&#8217;ya kald\u0131.<\/p>\n<p><strong>13 YIL SONRA AYNI KADER<\/strong><\/p>\n<p>Galatasaray&#8217;\u0131n Juventus&#8217;u elemesi sonras\u0131 \u0130talyanlar\u0131n 13 y\u0131l sonra yine ayn\u0131 kaderi ya\u015fad\u0131\u011f\u0131 g\u00f6r\u00fcld\u00fc.<\/p>\n<p>O d\u00f6nem tarihler\u00a011 Aral\u0131k 2013&#8217;\u00fc g\u00f6sterdi\u011finde oynanan m\u00fccadelede sahneye 85. dakikada Wesley Sneijder \u00e7\u0131km\u0131\u015ft\u0131.<\/p>\n<p>Sar\u0131-k\u0131rm\u0131z\u0131l\u0131lar yo\u011fun kar ya\u011f\u0131\u015f\u0131 alt\u0131nda oynanan m\u00fccadelede Sneijder&#8217;\u0131n gol\u00fcyle Juventus&#8217;u 1-0 yenerek son 16&#8217;ya kalm\u0131\u015ft\u0131.<\/p>\n<p><img decoding=\"async\" src=\"https:\/\/bihavadis.com\/wp-content\/uploads\/2026\/03\/galatasaray-juventusa-13-yil-sonra-ayni-kaderi-yasatti-0-hyMvGvn1.jpg\"\/><\/p>\n<p><strong>\u00d6NCE SNEIJDER, SONRA OSIMHEN&#8230;<\/strong><\/p>\n<p>D\u00fcn ak\u015fam ise Juventus ma\u00e7\u0131 uzatmalara g\u00f6t\u00fcrmesine ra\u011fmen Osimhen&#8217;in sahneye \u00e7\u0131kmas\u0131yla yine \u00fcz\u00fclen taraf oldu.<\/p>\n<p>Osimhen&#8217;in ard\u0131ndan Bar\u0131\u015f Alper&#8217;in gol\u00fc de \u0130talyanlar\u0131n umutlar\u0131n\u0131 bitiren an olarak kay\u0131tlara ge\u00e7ti.<\/p>\n<p><img decoding=\"async\" src=\"https:\/\/bihavadis.com\/wp-content\/uploads\/2026\/03\/galatasaray-juventusa-13-yil-sonra-ayni-kaderi-yasatti-1-hKJNORxN.jpg\"\/><\/p>\n<p><img decoding=\"async\" src=\"https:\/\/bihavadis.com\/wp-content\/uploads\/2026\/03\/galatasaray-juventusa-13-yil-sonra-ayni-kaderi-yasatti-2-h4tlpjBh.jpg\"\/> <\/p>\n<div> <span><strong>Kaynak:<\/strong> Ensonhaber Haber Merkezi<\/span> <\/div>\n","protected":false},"excerpt":{"rendered":"<p>Temsilcimiz Galatasaray, Avrupa&#8217;n\u0131n en prestijli kupas\u0131nda \u0130talyan devi Juventus&#8217;u saf d\u0131\u015f\u0131 b\u0131rakt\u0131&#8230; Juventus&#8217;a r\u00f6van\u015f ma\u00e7\u0131nda 90 dakikada 3-0 kaybeden Aslan, uzatmalarda Victor Osimhen ve Bar\u0131\u015f Alper Y\u0131lmaz&#8217;la buldu\u011fu gollerle Devler Ligi&#8217;nde son &#8230;<\/p>\n","protected":false},"author":1,"featured_media":68148,"comment_status":"open","ping_status":"open","sticky":false,"template":"","format":"standard","meta":{"footnotes":""},"categories":[14],"tags":[2147],"class_list":["post-68147","post","type-post","status-publish","format-standard","has-post-thumbnail","hentry","category-spor","tag-juventus"],"_links":{"self":[{"href":"https:\/\/bihavadis.com\/index.php\/wp-json\/wp\/v2\/posts\/68147","targetHints":{"allow":["GET"]}}],"collection":[{"href":"https:\/\/bihavadis.com\/index.php\/wp-json\/wp\/v2\/posts"}],"about":[{"href":"https:\/\/bihavadis.com\/index.php\/wp-json\/wp\/v2\/types\/post"}],"author":[{"embeddable":true,"href":"https:\/\/bihavadis.com\/index.php\/wp-json\/wp\/v2\/users\/1"}],"replies":[{"embeddable":true,"href":"https:\/\/bihavadis.com\/index.php\/wp-json\/wp\/v2\/comments?post=68147"}],"version-history":[{"count":1,"href":"https:\/\/bihavadis.com\/index.php\/wp-json\/wp\/v2\/posts\/68147\/revisions"}],"predecessor-version":[{"id":68152,"href":"https:\/\/bihavadis.com\/index.php\/wp-json\/wp\/v2\/posts\/68147\/revisions\/68152"}],"wp:featuredmedia":[{"embeddable":true,"href":"https:\/\/bihavadis.com\/index.php\/wp-json\/wp\/v2\/media\/68148"}],"wp:attachment":[{"href":"https:\/\/bihavadis.com\/index.php\/wp-json\/wp\/v2\/media?parent=68147"}],"wp:term":[{"taxonomy":"category","embeddable":true,"href":"https:\/\/bihavadis.com\/index.php\/wp-json\/wp\/v2\/categories?post=68147"},{"taxonomy":"post_tag","embeddable":true,"href":"https:\/\/bihavadis.com\/index.php\/wp-json\/wp\/v2\/tags?post=68147"}],"curies":[{"name":"wp","href":"https:\/\/api.w.org\/{rel}","templated":true}]}}