{"id":68168,"date":"2026-03-09T17:03:09","date_gmt":"2026-03-09T17:03:09","guid":{"rendered":"https:\/\/bihavadis.com\/?p=68168"},"modified":"2026-03-09T17:03:09","modified_gmt":"2026-03-09T17:03:09","slug":"nato-steadfast-dart-2026-tatbikati-icin-turk-askerleri-ugurlandi","status":"publish","type":"post","link":"https:\/\/bihavadis.com\/index.php\/2026\/03\/09\/nato-steadfast-dart-2026-tatbikati-icin-turk-askerleri-ugurlandi\/","title":{"rendered":"NATO Steadfast Dart 2026 Tatbikat\u0131 \u0130\u00e7in T\u00fcrk Askerleri U\u011furland\u0131"},"content":{"rendered":"<p>NATO&#8217;nun savunma ve cayd\u0131r\u0131c\u0131l\u0131\u011f\u0131n\u0131 g\u00fc\u00e7lendirmeyi ama\u00e7layan Steadfast Dart 2026 Tatbikat\u0131 kapsam\u0131nda Almanya&#8217;ya gidecek 66&#8217;nc\u0131 Mekanize Piyade Tugay Komutanl\u0131\u011f\u0131 birlikleri i\u00e7in Tekirda\u011f&#8217;da u\u011furlama t\u00f6reni d\u00fczenlendi.<\/p>\n<p>\u00c7orlu Hava Meydan Komutanl\u0131\u011f\u0131&#8217;nda ger\u00e7ekle\u015ftirilen t\u00f6ren, sayg\u0131 duru\u015funda bulunulmas\u0131 ve \u0130stiklal Mar\u015f\u0131&#8217;n\u0131n okunmas\u0131yla ba\u015flad\u0131.<\/p>\n<p>T\u00f6rende konu\u015fan 3. Kolordu Komutan\u0131 Korgeneral Rasim Yald\u0131z, T\u00fcrk Silahl\u0131 Kuvvetlerinin (TSK) d\u00fcnya ve b\u00f6lge bar\u0131\u015f\u0131na katk\u0131 sa\u011flamay\u0131 s\u00fcrd\u00fcr\u00fcrken, NATO&#8217;nun savunma ve cayd\u0131r\u0131c\u0131l\u0131\u011f\u0131na da etkin destek verdi\u011fini s\u00f6yledi.<\/p>\n<p>Steadfast Dart 2026&#8217;n\u0131n kapsam\u0131 ve niteli\u011fi itibar\u0131yla NATO&#8217;nun 2026 y\u0131l\u0131ndaki en \u00f6nemli arazi tatbikat\u0131 oldu\u011funu belirten Yald\u0131z, 66&#8217;nc\u0131 Mekanize Piyade Tugay\u0131 personelinin tatbikat \u00f6ncesinde yo\u011fun haz\u0131rl\u0131k s\u00fcrecinden ge\u00e7ti\u011fini kaydetti.<\/p>\n<p>Yald\u0131z, personelin g\u00f6revlerini y\u00fcksek disiplin, \u00f6zveri ve vazife bilinciyle yerine getirece\u011fine inand\u0131\u011f\u0131n\u0131 dile getirerek, T\u00fcrk Kara Kuvvetlerinin mazisinin \u015fan ve \u015ferefle dolu oldu\u011funu vurgulad\u0131.<\/p>\n<p>Bug\u00fcn ortaya konulan tablonun T\u00fcrk Silahl\u0131 Kuvvetlerinin b\u00fcy\u00fck aile ve g\u00fc\u00e7l\u00fc ordu oldu\u011funu g\u00f6sterdi\u011fini ifade eden Yald\u0131z, Gazi Mustafa Kemal Atat\u00fcrk ve silah arkada\u015flar\u0131 ba\u015fta olmak \u00fczere vatan i\u00e7in canlar\u0131n\u0131 seve seve veren \u015fehitlere Allah&#8217;tan rahmet diledi.<\/p>\n<p>66&#8217;nc\u0131 Mekanize Piyade Tugay Komutan\u0131 Tu\u011fgeneral Hulusi Ko\u00e7bay da tugaydan NATO M\u00fcttefik Mukabele Kuvveti b\u00fcnyesine g\u00f6revlendirilen birliklerin Almanya&#8217;da yakla\u015f\u0131k 3 hafta s\u00fcrecek tatbikata kat\u0131laca\u011f\u0131n\u0131 belirtti.<\/p>\n<p>Ko\u00e7bay, NATO M\u00fcttefik Mukabele Kuvvetinin, NATO&#8217;nun cayd\u0131r\u0131c\u0131l\u0131\u011f\u0131n\u0131 g\u00fc\u00e7lendirmek ve savunmas\u0131n\u0131 desteklemek amac\u0131yla kurulan, stratejik seviyede y\u00fcksek haz\u0131rl\u0131k d\u00fczeyine sahip, hava, kara ve deniz unsurlar\u0131n\u0131n m\u00fc\u015fterek g\u00f6rev yapt\u0131\u011f\u0131 \u00e7ok uluslu bir kuvvet oldu\u011funu anlatt\u0131.<\/p>\n<p>Steadfast Dart 2026&#8217;n\u0131n NATO&#8217;nun bu y\u0131l i\u00e7in planlad\u0131\u011f\u0131 en \u00f6nemli tatbikatlardan oldu\u011funu aktaran Ko\u00e7bay, \u015funlar\u0131 payla\u015ft\u0131: <\/p>\n<p>&#8220;Alarm, intikal ve y\u0131\u011f\u0131naklanma faaliyetlerini i\u00e7eren bu tatbikata, envanterimizde bulunan yerli ve milli silah, te\u00e7hizat ve m\u00fchimmat\u0131yla toplam 650 personel ve 149 ara\u00e7la kat\u0131l\u0131m sa\u011flanmaktad\u0131r. 20 Ocak 2026 tarihinde TCG Anadolu ve sivil nakliye gemisiyle intikale ba\u015flayan ara\u00e7 gere\u00e7, silah ve m\u00fchimmat\u0131m\u0131z, Almanya&#8217;n\u0131n Emden Liman\u0131&#8217;na ula\u015fm\u0131\u015f olup bug\u00fcnden itibaren hava yoluyla sevk edilecek personelimizle bulu\u015fmay\u0131 m\u00fcteakip, g\u00f6rev alaca\u011f\u0131m\u0131z Bergen Tatbikat Alan\u0131&#8217;nda konu\u015flanmam\u0131z\u0131 tamamlayaca\u011f\u0131z. Burada tatbikata kat\u0131lan m\u00fcttefik \u00fclkelerin personeliyle \u00e7e\u015fitli muharebe sahas\u0131 fonksiyon alanlar\u0131na y\u00f6nelik ortak e\u011fitimler icra ederek, NATO kapsam\u0131nda birlikte \u00e7al\u0131\u015fabilirlik yeteneklerimizi geli\u015ftirece\u011fiz.&#8221;<\/p>\n<p>Konu\u015fmalar\u0131n ard\u0131ndan askeri personel ve aileleri hat\u0131ra foto\u011fraf\u0131 \u00e7ektirdi.<\/p>\n<p>E\u015fini u\u011furlayan Yasemin Duygu Bolat, T\u00fcrk askerlerinin tatbikatta T\u00fcrkiye&#8217;yi en iyi \u015fekilde temsil edece\u011fine inand\u0131\u011f\u0131n\u0131 dile getirerek, &#8220;Ayr\u0131l\u0131klar ge\u00e7icidir ama \u00fclkeye hizmet etmenin verdi\u011fi manevi g\u00fc\u00e7 kal\u0131c\u0131d\u0131r. Rabb&#8217;im hepsinin yan\u0131nda olsun.&#8221; dedi.<\/p>\n<p>Yasemin Tezcan da e\u015finden ayr\u0131laca\u011f\u0131 i\u00e7in h\u00fcz\u00fcnl\u00fc oldu\u011funu ifade ederek, T\u00fcrk askerlerinin g\u00f6revlerini ba\u015far\u0131yla yerine getirece\u011fine inand\u0131\u011f\u0131n\u0131 s\u00f6yledi.<\/p>\n<p>Babas\u0131n\u0131 u\u011furlayan Eyl\u00fcl Aky\u00fcz ise onunla gurur duydu\u011funu kaydetti.<\/p>\n<p>T\u00f6renin ard\u0131ndan personel, u\u00e7akla Almanya&#8217;ya u\u011furland\u0131.<\/p>\n<p>Steadfast Dart 2026 Tatbikat\u0131<\/p>\n<p>NATO&#8217;nun savunma ve cayd\u0131r\u0131c\u0131l\u0131\u011f\u0131n\u0131 g\u00fc\u00e7lendirmeyi ama\u00e7layan Steadfast Dart 2026 Tatbikat\u0131&#8217;na, 66&#8217;nc\u0131 Mekanize Piyade Tugay Komutanl\u0131\u011f\u0131 unsurlar\u0131yla kat\u0131l\u0131m sa\u011flanacak.<\/p>\n<p>NATO M\u00fcttefik Mukabele Kuvveti kapsam\u0131ndaki taahh\u00fctler do\u011frultusunda Motorlu Piyade Taburu, Top\u00e7u Bataryas\u0131, \u0130stihkam Sava\u015f B\u00f6l\u00fc\u011f\u00fc, Bak\u0131m Birli\u011fi ve Sahra Hizmet B\u00f6l\u00fc\u011f\u00fcnden olu\u015fan muharebe grubu, Almanya&#8217;da yakla\u015f\u0131k 3 hafta s\u00fcrecek tatbikatta g\u00f6rev alacak.<\/p>\n<p>NATO&#8217;nun 2026 y\u0131l\u0131nda ger\u00e7ekle\u015ftirece\u011fi en geni\u015f kapsaml\u0131 tatbikat olan Steadfast Dart 2026&#8217;ya, 8 \u00fclkeden yakla\u015f\u0131k 10 bin asker kat\u0131lacak.<\/p>\n<p>T\u00fcrk birlikleri, 650 personel ve 149 ara\u00e7la yerli ve milli silah, te\u00e7hizat ve m\u00fchimmat kullanarak tatbikatta yer alacak.<\/p>\n<p>Tatbikat kapsam\u0131nda 20 Ocak 2026&#8217;da TCG Anadolu ve sivil nakliye gemisiyle intikal eden ara\u00e7 ve m\u00fchimmat, Almanya&#8217;n\u0131n Emden Liman\u0131&#8217;na ula\u015ft\u0131. Hava yoluyla sevk edilecek personelin de kat\u0131l\u0131m\u0131yla birlikler Bergen Tatbikat Alan\u0131&#8217;nda konu\u015flanacak.<\/p>\n<p>Tatbikat s\u00fcresince m\u00fcttefik \u00fclke personeliyle ortak e\u011fitimler icra edilerek NATO kapsam\u0131nda birlikte \u00e7al\u0131\u015fabilirlik kabiliyetlerinin art\u0131r\u0131lmas\u0131 hedefleniyor.<\/p>\n","protected":false},"excerpt":{"rendered":"<p>NATO&#8217;nun savunma ve cayd\u0131r\u0131c\u0131l\u0131\u011f\u0131n\u0131 g\u00fc\u00e7lendirmeyi ama\u00e7layan Steadfast Dart 2026 Tatbikat\u0131 kapsam\u0131nda Almanya&#8217;ya gidecek 66&#8217;nc\u0131 Mekanize Piyade Tugay Komutanl\u0131\u011f\u0131 birlikleri i\u00e7in Tekirda\u011f&#8217;da u\u011furlama t\u00f6reni d\u00fczenlendi.<\/p>\n","protected":false},"author":1,"featured_media":0,"comment_status":"open","ping_status":"open","sticky":false,"template":"","format":"standard","meta":{"footnotes":""},"categories":[9,4,13],"tags":[5114,7662,674,275,517],"class_list":["post-68168","post","type-post","status-publish","format-standard","hentry","category-genel","category-gundem","category-son-dakika","tag-kuvvet","tag-natonun","tag-personel","tag-tatbikat","tag-turk"],"_links":{"self":[{"href":"https:\/\/bihavadis.com\/index.php\/wp-json\/wp\/v2\/posts\/68168","targetHints":{"allow":["GET"]}}],"collection":[{"href":"https:\/\/bihavadis.com\/index.php\/wp-json\/wp\/v2\/posts"}],"about":[{"href":"https:\/\/bihavadis.com\/index.php\/wp-json\/wp\/v2\/types\/post"}],"author":[{"embeddable":true,"href":"https:\/\/bihavadis.com\/index.php\/wp-json\/wp\/v2\/users\/1"}],"replies":[{"embeddable":true,"href":"https:\/\/bihavadis.com\/index.php\/wp-json\/wp\/v2\/comments?post=68168"}],"version-history":[{"count":1,"href":"https:\/\/bihavadis.com\/index.php\/wp-json\/wp\/v2\/posts\/68168\/revisions"}],"predecessor-version":[{"id":68169,"href":"https:\/\/bihavadis.com\/index.php\/wp-json\/wp\/v2\/posts\/68168\/revisions\/68169"}],"wp:attachment":[{"href":"https:\/\/bihavadis.com\/index.php\/wp-json\/wp\/v2\/media?parent=68168"}],"wp:term":[{"taxonomy":"category","embeddable":true,"href":"https:\/\/bihavadis.com\/index.php\/wp-json\/wp\/v2\/categories?post=68168"},{"taxonomy":"post_tag","embeddable":true,"href":"https:\/\/bihavadis.com\/index.php\/wp-json\/wp\/v2\/tags?post=68168"}],"curies":[{"name":"wp","href":"https:\/\/api.w.org\/{rel}","templated":true}]}}