{"id":68182,"date":"2026-03-09T17:15:09","date_gmt":"2026-03-09T17:15:09","guid":{"rendered":"https:\/\/bihavadis.com\/?p=68182"},"modified":"2026-03-09T17:15:09","modified_gmt":"2026-03-09T17:15:09","slug":"inegolde-motosiklet-kazasi-2-yarali","status":"publish","type":"post","link":"https:\/\/bihavadis.com\/index.php\/2026\/03\/09\/inegolde-motosiklet-kazasi-2-yarali\/","title":{"rendered":"\u0130neg\u00f6l&#8217;de Motosiklet Kazas\u0131: 2 Yaral\u0131"},"content":{"rendered":"<p>\n<p>BURSA&#8217;n\u0131n \u0130neg\u00f6l il\u00e7esinde iki motosikletin kafa kafaya \u00e7arp\u0131\u015ft\u0131\u011f\u0131 kazada, 1&#8217;i a\u011f\u0131r, 2 ki\u015fi yaraland\u0131. <\/p>\n<p> Kaza, saat 15.00 s\u0131ralar\u0131nda \u0130neg\u00f6l il\u00e7esinde meydana geldi. K\u0131rsal Kur\u015funlu Mahallesi y\u00f6n\u00fcne giden Adem B. (28) y\u00f6netimindeki plakas\u0131z motosiklet ile kar\u015f\u0131 y\u00f6nden gelen Osman G.&#8217;nin (59) kulland\u0131\u011f\u0131 16 BJC 464 plakal\u0131 motosiklet kafa kafaya \u00e7arp\u0131\u015ft\u0131. Kazada s\u00fcr\u00fcc\u00fcler yaraland\u0131. \u0130hbar \u00fczerine kaza yerine jandarma ve sa\u011fl\u0131k ekipleri sevk edildi. Sa\u011fl\u0131k g\u00f6revlilerinin ilk m\u00fcdahalesinin ard\u0131ndan yaral\u0131lar, \u0130neg\u00f6l Devlet Hastanesi&#8217;ne kald\u0131r\u0131ld\u0131. Tedaviye al\u0131nan yaral\u0131lardan Osman G.&#8217;nin sa\u011fl\u0131k durumunun ciddiyetini korudu\u011fu belirtildi. <\/p>\n<p>Jandarma ekipleri kazaya ili\u015fkin soru\u015fturma ba\u015flatt\u0131. <\/p>\n","protected":false},"excerpt":{"rendered":"<p>\u0130neg\u00f6l&#8217;de iki motosikletin kafa kafaya \u00e7arp\u0131\u015fmas\u0131 sonucu 1&#8217;i a\u011f\u0131r 2 ki\u015fi yaraland\u0131.<\/p>\n","protected":false},"author":1,"featured_media":68183,"comment_status":"open","ping_status":"open","sticky":false,"template":"","format":"standard","meta":{"footnotes":""},"categories":[9,4,13],"tags":[283],"class_list":["post-68182","post","type-post","status-publish","format-standard","has-post-thumbnail","hentry","category-genel","category-gundem","category-son-dakika","tag-kaza"],"_links":{"self":[{"href":"https:\/\/bihavadis.com\/index.php\/wp-json\/wp\/v2\/posts\/68182","targetHints":{"allow":["GET"]}}],"collection":[{"href":"https:\/\/bihavadis.com\/index.php\/wp-json\/wp\/v2\/posts"}],"about":[{"href":"https:\/\/bihavadis.com\/index.php\/wp-json\/wp\/v2\/types\/post"}],"author":[{"embeddable":true,"href":"https:\/\/bihavadis.com\/index.php\/wp-json\/wp\/v2\/users\/1"}],"replies":[{"embeddable":true,"href":"https:\/\/bihavadis.com\/index.php\/wp-json\/wp\/v2\/comments?post=68182"}],"version-history":[{"count":1,"href":"https:\/\/bihavadis.com\/index.php\/wp-json\/wp\/v2\/posts\/68182\/revisions"}],"predecessor-version":[{"id":68184,"href":"https:\/\/bihavadis.com\/index.php\/wp-json\/wp\/v2\/posts\/68182\/revisions\/68184"}],"wp:featuredmedia":[{"embeddable":true,"href":"https:\/\/bihavadis.com\/index.php\/wp-json\/wp\/v2\/media\/68183"}],"wp:attachment":[{"href":"https:\/\/bihavadis.com\/index.php\/wp-json\/wp\/v2\/media?parent=68182"}],"wp:term":[{"taxonomy":"category","embeddable":true,"href":"https:\/\/bihavadis.com\/index.php\/wp-json\/wp\/v2\/categories?post=68182"},{"taxonomy":"post_tag","embeddable":true,"href":"https:\/\/bihavadis.com\/index.php\/wp-json\/wp\/v2\/tags?post=68182"}],"curies":[{"name":"wp","href":"https:\/\/api.w.org\/{rel}","templated":true}]}}