{"id":68257,"date":"2026-03-09T18:12:09","date_gmt":"2026-03-09T18:12:09","guid":{"rendered":"https:\/\/bihavadis.com\/?p=68257"},"modified":"2026-03-09T18:12:09","modified_gmt":"2026-03-09T18:12:09","slug":"alevi-ve-bektasi-ogrenciler-icin-yeni-din-dersi","status":"publish","type":"post","link":"https:\/\/bihavadis.com\/index.php\/2026\/03\/09\/alevi-ve-bektasi-ogrenciler-icin-yeni-din-dersi\/","title":{"rendered":"Alevi ve Bekta\u015fi \u00d6\u011frenciler \u0130\u00e7in Yeni Din Dersi"},"content":{"rendered":"<p> Milli E\u011fitim Bakan\u0131 Yusuf Tekin, &#8220;T\u00fcrkiye Y\u00fczy\u0131l\u0131 Maarif Modeliyle beraber, Alevi ve Bekta\u015fi vatanda\u015flar\u0131m\u0131z\u0131n \u00e7ocuklar\u0131n\u0131n dini inan\u00e7lar\u0131n\u0131 \u00f6\u011frenebilecekleri bir din k\u00fclt\u00fcr ve ahlak bilgisi dersi kurgulad\u0131k.&#8221; dedi.<\/p>\n<p>Bakan Tekin, Erzurum&#8217;da Hz. \u0130mam H\u00fcseyin Erzurum Cemevi&#8217;ni ziyaretinde, kat\u0131l\u0131mc\u0131lara, kendileriyle olman\u0131n mutlulu\u011funu ya\u015fad\u0131\u011f\u0131n\u0131 s\u00f6yledi.<\/p>\n<p>Bir d\u00f6nemler beraber ya\u015fanan &#8220;millet-i sad\u0131ka&#8221; diye bilinen milletlerin cetvelle \u00e7izilen devletlere d\u00f6n\u00fc\u015ft\u00fcr\u00fcld\u00fc\u011f\u00fcn\u00fc hat\u0131rlatan Tekin, &#8220;Bug\u00fcne kadar maalesef vatanda\u015flar aras\u0131nda, hi\u00e7 ayr\u0131m g\u00f6zetmeden herkes i\u00e7in, b\u00fct\u00fcn vatanda\u015flar i\u00e7in birlik ve beraberli\u011fi engelleyecek, vatanda\u015flar aras\u0131nda inanc\u0131, itikad\u0131, etnik kimli\u011fi a\u00e7\u0131s\u0131ndan bir d\u00fc\u015fmanl\u0131k k\u00fclt\u00fcr\u00fcn\u00fc s\u00fcrekli canl\u0131 tutacak vir\u00fcsler, bir \u015fekilde bu co\u011frafyada g\u00fc\u00e7l\u00fc bir devlet olarak var olmam\u0131z\u0131 istemeyen yap\u0131lar taraf\u0131m\u0131zdan i\u00e7imize enjekte edildi.&#8221; dedi.<\/p>\n<p>Bug\u00fcn hala bu \u015fekilde kurgulanan devlet yap\u0131lar\u0131n\u0131n i\u00e7erisinde bar\u0131\u015f\u0131n hukuk devletinin tesis edilmesinin m\u00fcmk\u00fcn olamayaca\u011f\u0131n\u0131 vurgulayan Tekin, \u015funlar\u0131 kaydetti: <\/p>\n<p>&#8220;\u00c7ok \u015f\u00fck\u00fcr T\u00fcrkiye Cumhuriyeti Devleti Kurtulu\u015f Sava\u015f\u0131 ile bir ulus devlet kurgusuyla \u00fcniter bir devlet yap\u0131s\u0131yla bug\u00fcne kadar geldi. Ancak cumhuriyetin ilan\u0131ndan bug\u00fcne kadar gelen s\u00fcre i\u00e7erisinde, i\u00e7erimize enjekte edilen vir\u00fcslerin \u00fclkemizi b\u00f6lebilece\u011fi veya b\u00f6lmesinden korkaca\u011f\u0131m\u0131z olaylar ya\u015fad\u0131k. Bu olaylar zaman zaman dini inan\u00e7lar\u0131 sebebiyle insanlar\u0131 birbirlerine d\u00fc\u015fman ettiler. Veysel&#8217;in \u015fiirindeki &#8216;Alevi S\u00fcnnilik nedir, menfaattir varvaras\u0131&#8217; ifadesi asl\u0131nda tam da bunu ifade ediyor. Umurlar\u0131nda bile de\u011fil insanlar\u0131n Alevi ya da S\u00fcnni oldu\u011fu. \u00d6nemli olan onlar a\u00e7\u0131s\u0131ndan kendi \u00e7\u0131karlar\u0131n\u0131, kendi politikalar\u0131n\u0131 devam ettirecek \u015fekilde birlik ve beraberlik duygusunu b\u00f6lmek, par\u00e7alamak.&#8221;<\/p>\n<p>Tekin, bunun bazen etnisite \u00fczerinden husumet tohumlar\u0131n\u0131n sokulmaya \u00e7al\u0131\u015f\u0131ld\u0131\u011f\u0131n\u0131 ifade ederek, bu tohumlardan bazen T\u00fcrkler, K\u00fcrtler, Aleviler, S\u00fcnnilerin zarar g\u00f6rd\u00fcn\u00fc kaydetti.<\/p>\n<p>Bakan Tekin, s\u00f6zlerini \u015f\u00f6yle s\u00fcrd\u00fcrd\u00fc: <\/p>\n<p>&#8220;Ge\u00e7mi\u015fe d\u00f6n\u00fcp bakt\u0131\u011f\u0131m\u0131zda bunun muhasebesini yapman\u0131n hi\u00e7bir faydas\u0131 yok. Kim daha \u00e7ok zarar g\u00f6rd\u00fc, kim daha az zarar g\u00f6rd\u00fc? Ama net olan bir \u015fey var. Bu \u00fclkenin birlik ve beraberli\u011finin g\u00fc\u00e7l\u00fc olmas\u0131n\u0131n, bu \u00fclkede milli birlik \u015fuurunun g\u00fc\u00e7lenmesini istemeyen insanlar hep kazand\u0131lar. Bu \u00fclke 12 Eyl\u00fcl \u00f6ncesini ya\u015fad\u0131. G\u00fcnahs\u0131z insanlar\u0131n birbirlerine silah \u00e7ektikleri, silah \u00e7ekecek husumetlerin i\u00e7lerine yerle\u015ftirildi\u011fi ortamlar\u0131 ya\u015fad\u0131k. Biz bu \u00fclkede etnik kimli\u011finden dolay\u0131 insanlar\u0131n \u00f6tekile\u015ftirildi\u011fi bir d\u00f6nemi g\u00f6rd\u00fck. Biz bu \u00fclkede n\u00fcfus c\u00fczdan\u0131nda n\u00fcfusa kay\u0131tl\u0131 oldu\u011fu il sebebiyle husumetle kar\u015f\u0131 kar\u015f\u0131ya kalan farkl\u0131 gruplardan insanlar\u0131n oldu\u011fu d\u00f6nemleri ya\u015fad\u0131k. Biz bu \u00fclkede insanlar\u0131n dini inanc\u0131 sebebiyle ba\u015f\u0131n\u0131 \u00f6rtt\u00fc\u011f\u00fc i\u00e7in kamusal hizmetlerin al\u0131nmas\u0131 noktas\u0131nda \u00f6tekile\u015ftirildi\u011fi insan yerine konulmad\u0131\u011f\u0131 28 \u015eubat gibi d\u00f6nemleri g\u00f6rd\u00fck. 2001 y\u0131l\u0131nda AK Parti kurulurken Say\u0131n Cumhurba\u015fkan\u0131m\u0131z bu anlamda yola \u00e7\u0131karken b\u00fct\u00fcn bu ge\u00e7mi\u015fte ya\u015fanan \u00f6tekile\u015ftirici, ayr\u0131\u015ft\u0131r\u0131c\u0131, etnik ya da dini kimlikleri sebebiyle insanlar aras\u0131nda farkl\u0131 muamele yapan, insanlar\u0131n dini ile inan\u00e7lar\u0131n\u0131 ya\u015famas\u0131n\u0131 yasaklayan b\u00fct\u00fcn bu yap\u0131yla topyek\u00fcn m\u00fccadele edecek bir program ortaya koyduk.&#8221;<\/p>\n<p>Anlatt\u0131klar\u0131n\u0131n sembolik bir \u015fey olmad\u0131\u011f\u0131na de\u011finen Tekin, &#8220;Bir \u00f6rnek olsun diye s\u00f6yleyeyim, 3 Kas\u0131m 2002 g\u00fcn\u00fc T\u00fcrkiye&#8217;de se\u00e7imler yap\u0131ld\u0131. \u00dczerinden 15 g\u00fcn ge\u00e7tikten sonra 18 Kas\u0131m&#8217;da AK Parti&#8217;nin ilk h\u00fck\u00fcmeti kuruldu. 30 Kas\u0131m 2002 g\u00fcn\u00fc yani h\u00fck\u00fcmet kurulduktan 12 g\u00fcn sonra bu h\u00fck\u00fcmetin ilk bu anlamdaki icraat\u0131 OHAL uygulamas\u0131n\u0131n kald\u0131r\u0131lmas\u0131 oldu. Ter\u00f6r sebebiyle uygulanan bask\u0131lar\u0131n bo\u015falt\u0131lan k\u00f6ylerin t\u00fcm bunlar\u0131n sebebi haline d\u00f6n\u00fc\u015fen bir uygulamay\u0131, antidemokratik bir uygulamay\u0131 kald\u0131rd\u0131k. Bunu yaparkenki hedefimiz de i\u015fte biraz \u00f6nce s\u00f6yledi\u011fim o milli birlik ve beraberli\u011fi tesis etmek.&#8221; diye konu\u015ftu.<\/p>\n<p>&#8220;18 tane farkl\u0131 leh\u00e7eden okullar\u0131m\u0131zda \u00e7ocuklar\u0131m\u0131za ana dillerini \u00f6\u011fretiyoruz&#8221;<\/p>\n<p>Anlatt\u0131klar\u0131n\u0131n gen\u00e7lere \u00e7ok farkl\u0131 gelebilece\u011fini ifade eden Tekin, &#8220;Bu \u00fclkede AK Parti h\u00fck\u00fcmetinden \u00f6nce Ahmet Kaya K\u00fcrt\u00e7e \u015fark\u0131 s\u00f6yledi\u011fi i\u00e7in magazin d\u00fcnyas\u0131nda o bug\u00fcn bize demokrasi pazarl\u0131\u011f\u0131 yapan, bize demokrasi pazarlad\u0131\u011f\u0131n\u0131 iddia eden b\u00fcy\u00fck sanat\u00e7\u0131lar taraf\u0131ndan lin\u00e7 edildi Ahmet Kaya. AK Parti b\u00f6yle bir zemin \u00fczerinde kuruldu ve bug\u00fcn gelinen noktada devlet okullar\u0131nda isteyen \u00e7ocuklar K\u00fcrt\u00e7e e\u011fitim alabiliyorlar. \u0130steyen \u00e7ocuklar d\u0131\u015far\u0131da \u00f6zel kurslarda K\u00fcrt\u00e7e \u00f6\u011frenebiliyorlar. Bu sadece etnik kimlikler \u00fczerinden y\u00fcr\u00fcmedi ve sadece K\u00fcrtler \u00fczerinden de y\u00fcr\u00fcmedi. 18 tane farkl\u0131 leh\u00e7eden okullar\u0131m\u0131zda \u00e7ocuklar\u0131m\u0131za ana dillerini \u00f6\u011fretiyoruz.&#8221; \u015feklinde konu\u015ftu.<\/p>\n<p>Tekin, 2011 y\u0131l\u0131ndan itibaren bilhassa din, k\u00fclt\u00fcr ve ahlak bilgisi kitaplar\u0131nda Alevi ve Bekta\u015fi vatanda\u015flar\u0131 \u00f6tekileyen, ayr\u0131\u015ft\u0131ran b\u00fct\u00fcn ifadelerin m\u00fcfredattan \u00e7\u0131kar\u0131ld\u0131\u011f\u0131n\u0131 i\u015faret etti.<\/p>\n<p>Bakan Tekin, \u015f\u00f6yle devam etti: <\/p>\n<p>&#8220;T\u00fcrkiye Y\u00fczy\u0131l\u0131 Maarif Modeliyle beraber, Alevi ve Bekta\u015fi vatanda\u015flar\u0131m\u0131z\u0131n \u00e7ocuklar\u0131n\u0131n dini inan\u00e7lar\u0131n\u0131 \u00f6\u011frenebilecekleri bir din k\u00fclt\u00fcr ve ahlak bilgisi dersi kurgulad\u0131k. Yine Say\u0131n Cumhurba\u015fkan\u0131m\u0131z\u0131n ve MHP Genel Ba\u015fkan\u0131 Devlet Bah\u00e7eli&#8217;nin \u00e7ok yo\u011fun gayretleriyle Cumhuriyet tarihinde ilk defa Alevi ve Bekta\u015fi vatanda\u015flar\u0131m\u0131z\u0131n problemleriyle ilgilenen bir ba\u015fkanl\u0131k kurduk. AK Parti iktidarlar\u0131 boyunca, yerel y\u00f6netimler, i\u015fte buras\u0131 bir \u00f6rne\u011fi.<\/p>\n<p>Bulunduklar\u0131 illerde AK Partili belediye ba\u015fkanlar\u0131 bulunduklar\u0131 illerde Alevi Bekta\u015fi vatanda\u015flar\u0131m\u0131z\u0131n dini inan\u00e7l\u0131 ibadetlerini ihtiya\u00e7lar\u0131n\u0131 giderebilecekleri cemevleri yapmaya gayret ettiler. Bug\u00fcn b\u00fct\u00fcn bu \u00e7abalar Alevi Bekta\u015f Cemevi Ba\u015fkanl\u0131\u011f\u0131&#8217;n\u0131n uhdesinde y\u00fcr\u00fcyor. Derdimiz \u015fu, ben bir T\u00fcrkiye Cumhuriyeti vatanda\u015f\u0131 olarak bu \u00fclkede ya\u015fayan herkesin birle\u015ftirici, bizi bir arada tutan, birle\u015ftirici unsurlar etraf\u0131nda bir araya gelmesinin d\u00fc\u015fmanlar\u0131m\u0131z\u0131 \u00e7atlataca\u011f\u0131na inan\u0131yorum.&#8221;<\/p>\n<p>&#8220;Hep beraber milli birli\u011fimize, bizi bir arada tutan de\u011ferlerimize s\u0131ms\u0131k\u0131 sar\u0131lal\u0131m&#8221;<\/p>\n<p>Birlikte olunmakla d\u00fc\u015fmanlar\u0131n bekledi\u011fi s\u00fcrecin bo\u015fa \u00e7\u0131kaca\u011f\u0131na inand\u0131\u011f\u0131n\u0131 vurgulayan Tekin, s\u00f6zlerini \u015f\u00f6yle tamamlad\u0131: <\/p>\n<p>&#8220;Hep beraber milli birli\u011fimize, bizi bir arada tutan de\u011ferlerimize s\u0131ms\u0131k\u0131 sar\u0131lal\u0131m. Bak\u0131n bunu yapt\u0131\u011f\u0131m\u0131zda \u015funu g\u00f6receksiniz, \u015fu an ya\u015fad\u0131\u011f\u0131m\u0131z co\u011frafya \u00e7ok metanetli bir co\u011frafya. Bu co\u011frafyada birbirine kenetlenmi\u015f insanlar\u0131n olu\u015fturdu\u011fu bir T\u00fcrkiye Cumhuriyeti Devleti ger\u00e7ekten d\u00fcnya siyasetine y\u00f6n veren, \u00f6n\u00fcm\u00fczdeki y\u00fczy\u0131l\u0131 T\u00fcrkiye Y\u00fczy\u0131l\u0131 yapabilecek kudretli bir \u00fclke olacakt\u0131r. D\u00fcn Osmaniye&#8217;deydik. Asr\u0131n felaketi sonras\u0131 devlet, millet el ele yapt\u0131\u011f\u0131m\u0131z \u015feyleri hem vatanda\u015flar\u0131m\u0131zla payla\u015ft\u0131k hem de ac\u0131lar\u0131 bir kez daha and\u0131k. Tekrar ben bir daha ba\u015fsa\u011fl\u0131\u011f\u0131 diliyorum. Allah rahmet eylesin. Mekanlar\u0131 cennet olsun. Devlet Bah\u00e7eli Bey konu\u015fmas\u0131n\u0131 bitirirken, say\u0131n Cumhurba\u015fkan\u0131m\u0131z\u0131 k\u00fcrs\u00fcye davet ederken &#8216;b\u00f6lge lideri&#8217; ifadesini kulland\u0131. Bu \u00e7ok \u00f6nemli.<\/p>\n<p>Bunlar\u0131n hayata ge\u00e7mesi i\u00e7in hem Say\u0131n Cumhurba\u015fkan\u0131m\u0131z\u0131n hem Say\u0131n Devlet Bah\u00e7eli&#8217;nin \u0131srarla alt\u0131n\u0131 \u00e7izdi\u011fi i\u00e7 cepheyi g\u00fc\u00e7lendirmek, aram\u0131za ekilen nifak tohumlar\u0131n\u0131 ortadan kald\u0131rmak o da vatanda\u015f olarak vatanda\u015f T\u00fcrkiye Cumhuriyeti Devleti vatanda\u015f\u0131 olarak bizim vazifemiz. Biz bunun i\u00e7in \u00e7aba sarf ediyoruz. Bunun i\u00e7in ben 2,5 y\u0131ld\u0131r Milli E\u011fitim Bakan\u0131 olarak gitti\u011fim her toplant\u0131da, her ilde mutlaka Alev Bekta\u015fi canlar\u0131m\u0131zla oturuyoruz, sohbet ediyoruz. Ankara&#8217;da bu konuda \u00e7al\u0131\u015ftaylar organize ettik. Bu konuda neler yap\u0131lmas\u0131 gerekti\u011fine dair ben Milli E\u011fitim Bakan\u0131 olarak at\u0131lmas\u0131, atmam gereken ad\u0131mlarla ilgili olarak isti\u015fareler yap\u0131yoruz. Derdimiz, meram\u0131m\u0131z alt\u0131nda, g\u00f6lgesinde ya\u015famaktan, \u00fczerimizde dalgalanmas\u0131ndan gurur duydu\u011fumuz, onur duydu\u011fumuz T\u00fcrkiye Cumhuriyeti Devleti&#8217;nin bayra\u011f\u0131n\u0131 \u00e7ok daha g\u00fc\u00e7l\u00fc bir \u015fekilde gelecek ku\u015faklara ya\u015fatt\u0131racak bir devleti hep beraber in\u015fa etmek. Bug\u00fcn de bu vesileyle buraday\u0131z.&#8221;<\/p>\n<p>Dede Seyit Mahmut Baba birlik duas\u0131 etti\u011fi, cemevi dedesi Kenan Y\u0131ld\u0131r\u0131m&#8217;\u0131n deyi\u015f yapt\u0131\u011f\u0131 programda Bakan Tekin&#8217;e plaket ve ba\u011flama hediye edildi.<\/p>\n","protected":false},"excerpt":{"rendered":"<p>Milli E\u011fitim Bakan\u0131 Tekin, Alevi ve Bekta\u015fi \u00e7ocuklar\u0131 i\u00e7in din k\u00fclt\u00fcr\u00fc dersi haz\u0131rland\u0131\u011f\u0131n\u0131 a\u00e7\u0131klad\u0131.<\/p>\n","protected":false},"author":1,"featured_media":68258,"comment_status":"open","ping_status":"open","sticky":false,"template":"","format":"standard","meta":{"footnotes":""},"categories":[12],"tags":[6456,536,1247,7664,3466],"class_list":["post-68257","post","type-post","status-publish","format-standard","has-post-thumbnail","hentry","category-siyaset","tag-alevi","tag-beraber","tag-devlet","tag-insanlari","tag-tekin"],"_links":{"self":[{"href":"https:\/\/bihavadis.com\/index.php\/wp-json\/wp\/v2\/posts\/68257","targetHints":{"allow":["GET"]}}],"collection":[{"href":"https:\/\/bihavadis.com\/index.php\/wp-json\/wp\/v2\/posts"}],"about":[{"href":"https:\/\/bihavadis.com\/index.php\/wp-json\/wp\/v2\/types\/post"}],"author":[{"embeddable":true,"href":"https:\/\/bihavadis.com\/index.php\/wp-json\/wp\/v2\/users\/1"}],"replies":[{"embeddable":true,"href":"https:\/\/bihavadis.com\/index.php\/wp-json\/wp\/v2\/comments?post=68257"}],"version-history":[{"count":1,"href":"https:\/\/bihavadis.com\/index.php\/wp-json\/wp\/v2\/posts\/68257\/revisions"}],"predecessor-version":[{"id":68259,"href":"https:\/\/bihavadis.com\/index.php\/wp-json\/wp\/v2\/posts\/68257\/revisions\/68259"}],"wp:featuredmedia":[{"embeddable":true,"href":"https:\/\/bihavadis.com\/index.php\/wp-json\/wp\/v2\/media\/68258"}],"wp:attachment":[{"href":"https:\/\/bihavadis.com\/index.php\/wp-json\/wp\/v2\/media?parent=68257"}],"wp:term":[{"taxonomy":"category","embeddable":true,"href":"https:\/\/bihavadis.com\/index.php\/wp-json\/wp\/v2\/categories?post=68257"},{"taxonomy":"post_tag","embeddable":true,"href":"https:\/\/bihavadis.com\/index.php\/wp-json\/wp\/v2\/tags?post=68257"}],"curies":[{"name":"wp","href":"https:\/\/api.w.org\/{rel}","templated":true}]}}