{"id":68291,"date":"2026-03-09T18:36:13","date_gmt":"2026-03-09T18:36:13","guid":{"rendered":"https:\/\/bihavadis.com\/?p=68291"},"modified":"2026-03-09T18:36:13","modified_gmt":"2026-03-09T18:36:13","slug":"bilal-erdogan-uskup-camiinde-teravih-namazi-kildirdi","status":"publish","type":"post","link":"https:\/\/bihavadis.com\/index.php\/2026\/03\/09\/bilal-erdogan-uskup-camiinde-teravih-namazi-kildirdi\/","title":{"rendered":"Bilal Erdo\u011fan, \u00dcsk\u00fcp Camii&#8217;nde teravih namaz\u0131 k\u0131ld\u0131rd\u0131"},"content":{"rendered":"<p>Kuzey Makedonya\u2019n\u0131n ba\u015fkenti \u00dcsk\u00fcp\u2019te, Yurtd\u0131\u015f\u0131 T\u00fcrkler ve Akraba Topluluklar Ba\u015fkanl\u0131\u011f\u0131 taraf\u0131ndan Balkanlar Karde\u015flik \u0130ftar program\u0131 d\u00fczenlendi.<\/p>\n<p>Program\u0131n \u00f6nemli de bir konu\u011fu vard\u0131.\u00a0<\/p>\n<p>\u0130lim Yayma Vakf\u0131 M\u00fctevelli Heyeti Ba\u015fkan\u0131 Necmeddin Bilal Erdo\u011fan, d\u00fczenlenen iftar yeme\u011fine kat\u0131ld\u0131.\u00a0<\/p>\n<p><strong>\u0130FTAR PROGRAMI \u0130\u00c7\u0130N TE\u015eEKK\u00dcR ETT\u0130<\/strong><\/p>\n<p>Bilal Erdo\u011fan, bir otelde d\u00fczenlenen etkinlikteki konu\u015fmas\u0131nda, YTB&#8217;ye iftar program\u0131n\u0131 d\u00fczenledi\u011fi i\u00e7in te\u015fekk\u00fcr etti.<\/p>\n<p>Erdo\u011fan, \u00dcsk\u00fcp&#8217;te T\u00fcrkiye Diyanet Vakf\u0131 (TDV) taraf\u0131ndan in\u015faat\u0131 yap\u0131lan caminin ramazan ba\u015f\u0131nda ibadete a\u00e7\u0131lmas\u0131ndan mutluluk duyduklar\u0131n\u0131 s\u00f6yledi.<\/p>\n<p><img decoding=\"async\" src=\"https:\/\/bihavadis.com\/wp-content\/uploads\/2026\/03\/bilal-erdogan-uskup-camiinde-teravih-namazi-kildirdi-0-UtFRAjJB.jpg\"\/><\/p>\n<p><strong>&#8220;BALKANLAR&#8217;A \u0130LG\u0130M\u0130Z BAMBA\u015eKA&#8221;<\/strong><\/p>\n<p>T\u00fcrkiye ile Kuzey Makedonya aras\u0131ndaki birlikteli\u011fin g\u00fczel meyveler verdi\u011fini g\u00f6rmekten memnun olduklar\u0131n\u0131 ifade eden Bilal Erdo\u011fan, &#8220;<em><b>T\u00fcrkiye olarak Balkanlar&#8217;a olan ba\u011f\u0131m\u0131z ve ilgimiz bamba\u015fka.<\/b><\/em>&#8221; dedi.<\/p>\n<p><img decoding=\"async\" src=\"https:\/\/bihavadis.com\/wp-content\/uploads\/2026\/03\/bilal-erdogan-uskup-camiinde-teravih-namazi-kildirdi-1-qVnDVSNi.jpg\"\/><\/p>\n<p><strong>&#8220;T\u00dcRK\u0130YE KALB\u0130N\u0130 B\u00dcT\u00dcN G\u00d6N\u00dcL CO\u011eRAFYAMIZA A\u00c7TI&#8221;<\/strong><\/p>\n<p>Bilal Erdo\u011fan, <em><b>&#8220;Cumhurba\u015fkan\u0131&#8217;m\u0131z\u0131n liderli\u011finde T\u00fcrkiye ger\u00e7ekten kalbini yeniden b\u00fct\u00fcn g\u00f6n\u00fcl co\u011frafyam\u0131za a\u00e7t\u0131 ve bunun da sonu\u00e7lar\u0131n\u0131, meyvelerini i\u015fte bu g\u00fczel toplanmalarla g\u00f6r\u00fcyoruz<\/b><\/em>.&#8221; ifadesini kulland\u0131.<\/p>\n<p><img decoding=\"async\" src=\"https:\/\/bihavadis.com\/wp-content\/uploads\/2026\/03\/bilal-erdogan-uskup-camiinde-teravih-namazi-kildirdi-2-MWFkbjz4.jpg\"\/><\/p>\n<p><strong>TERAV\u0130H NAMAZI KILDIRDI<\/strong><\/p>\n<p>\u00dcsk\u00fcp\u2019te bulunan Bilal Erdo\u011fan, iftar yeme\u011finin ard\u0131ndan T\u00fcrkiye taraf\u0131ndan in\u015fa edilen \u00dcsk\u00fcp Camii&#8217;nde teravih namaz\u0131 k\u0131ld\u0131rd\u0131.<\/p>\n<p>Bilal Erdo\u011fan, namaz\u0131n ard\u0131ndan Bakara Suresi&#8217;nin son iki ayetini okudu.\u00a0<\/p>\n<p><img decoding=\"async\" src=\"https:\/\/bihavadis.com\/wp-content\/uploads\/2026\/03\/bilal-erdogan-uskup-camiinde-teravih-namazi-kildirdi-3-fvpCunR5.jpg\"\/><\/p>\n<p><img decoding=\"async\" src=\"https:\/\/bihavadis.com\/wp-content\/uploads\/2026\/03\/bilal-erdogan-uskup-camiinde-teravih-namazi-kildirdi-4-kdW9Zj2I.jpg\"\/> <\/p>\n<div> <span><strong>Kaynak:<\/strong> Anadolu Ajans\u0131 (AA)<\/span> <\/div>\n","protected":false},"excerpt":{"rendered":"<p>Kuzey Makedonya\u2019n\u0131n ba\u015fkenti \u00dcsk\u00fcp\u2019te, Yurtd\u0131\u015f\u0131 T\u00fcrkler ve Akraba Topluluklar Ba\u015fkanl\u0131\u011f\u0131 taraf\u0131ndan Balkanlar Karde\u015flik \u0130ftar program\u0131 d\u00fczenlendi. Program\u0131n \u00f6nemli de bir konu\u011fu vard\u0131.\u00a0 \u0130lim Yayma Vakf\u0131 M\u00fctevelli Heyeti Ba\u015fkan\u0131 Necmeddin Bilal &#8230;<\/p>\n","protected":false},"author":1,"featured_media":68292,"comment_status":"open","ping_status":"open","sticky":false,"template":"","format":"standard","meta":{"footnotes":""},"categories":[9,13],"tags":[4037,675,197],"class_list":["post-68291","post","type-post","status-publish","format-standard","has-post-thumbnail","hentry","category-genel","category-son-dakika","tag-bilal-erdogan","tag-iftar","tag-turkiye"],"_links":{"self":[{"href":"https:\/\/bihavadis.com\/index.php\/wp-json\/wp\/v2\/posts\/68291","targetHints":{"allow":["GET"]}}],"collection":[{"href":"https:\/\/bihavadis.com\/index.php\/wp-json\/wp\/v2\/posts"}],"about":[{"href":"https:\/\/bihavadis.com\/index.php\/wp-json\/wp\/v2\/types\/post"}],"author":[{"embeddable":true,"href":"https:\/\/bihavadis.com\/index.php\/wp-json\/wp\/v2\/users\/1"}],"replies":[{"embeddable":true,"href":"https:\/\/bihavadis.com\/index.php\/wp-json\/wp\/v2\/comments?post=68291"}],"version-history":[{"count":1,"href":"https:\/\/bihavadis.com\/index.php\/wp-json\/wp\/v2\/posts\/68291\/revisions"}],"predecessor-version":[{"id":68298,"href":"https:\/\/bihavadis.com\/index.php\/wp-json\/wp\/v2\/posts\/68291\/revisions\/68298"}],"wp:featuredmedia":[{"embeddable":true,"href":"https:\/\/bihavadis.com\/index.php\/wp-json\/wp\/v2\/media\/68292"}],"wp:attachment":[{"href":"https:\/\/bihavadis.com\/index.php\/wp-json\/wp\/v2\/media?parent=68291"}],"wp:term":[{"taxonomy":"category","embeddable":true,"href":"https:\/\/bihavadis.com\/index.php\/wp-json\/wp\/v2\/categories?post=68291"},{"taxonomy":"post_tag","embeddable":true,"href":"https:\/\/bihavadis.com\/index.php\/wp-json\/wp\/v2\/tags?post=68291"}],"curies":[{"name":"wp","href":"https:\/\/api.w.org\/{rel}","templated":true}]}}