{"id":68341,"date":"2026-03-09T19:03:07","date_gmt":"2026-03-09T19:03:07","guid":{"rendered":"https:\/\/bihavadis.com\/?p=68341"},"modified":"2026-03-09T19:03:07","modified_gmt":"2026-03-09T19:03:07","slug":"baskan-ozarslan-ve-esi-filiz-ozarslan-kadinlarla-iftar-sofrasinda-bulustu","status":"publish","type":"post","link":"https:\/\/bihavadis.com\/index.php\/2026\/03\/09\/baskan-ozarslan-ve-esi-filiz-ozarslan-kadinlarla-iftar-sofrasinda-bulustu\/","title":{"rendered":"Ba\u015fkan \u00d6zarslan ve E\u015fi Filiz \u00d6zarslan Kad\u0131nlarla \u0130ftar Sofras\u0131nda Bulu\u015ftu"},"content":{"rendered":"<p><b>Ke\u00e7i\u00f6ren Belediye Ba\u015fkan\u0131 Dr. Mesut \u00d6zarslan<\/b>\u00a0ve e\u015fi<b>\u00a0Filiz \u00d6zarslan<\/b>,\u00a08 Mart D\u00fcnya Kad\u0131nlar G\u00fcn\u00fc dolay\u0131s\u0131yla Mevlana K\u00fclt\u00fcr Merkezi\u2019nde d\u00fczenlenen iftar program\u0131nda kad\u0131nlarla bir araya geldi. Ankara ve Ke\u00e7i\u00f6ren\u2019de ya\u015fayan \u00e7ok say\u0131da kad\u0131n\u0131 bulu\u015fturan iftar program\u0131nda \u015fehit yak\u0131n\u0131 kad\u0131nlar ve T\u00fcrkiye Karate Federasyonu Premier Ligi Genel Klasman\u0131 \u015fampiyonu sporcular da yer ald\u0131. Ramazan ay\u0131n\u0131n maneviyat\u0131n\u0131n ya\u015fand\u0131\u011f\u0131 iftarda, kad\u0131n\u0131n T\u00fcrk toplumundaki \u00f6nemi vurguland\u0131.<\/p>\n<p>\u0130ftar program\u0131na;\u00a0<b>Ke\u00e7i\u00f6ren Belediye Ba\u015fkan\u0131 Dr. Mesut \u00d6zarslan\u00a0<\/b>ve<b>\u00a0<\/b>e\u015fi<b>\u00a0Filiz \u00d6zarslan<\/b>\u2019\u0131n yan\u0131 s\u0131ra; Mardin Nusaybin\u2019de \u015fehit edilen Piyade Astsubay \u00c7avu\u015f Arif \u00c7ak\u0131r\u2019\u0131n annesi Nazife \u00c7ak\u0131r ve e\u015fi Semra \u00c7ak\u0131r, AK Parti Ke\u00e7i\u00f6ren Kad\u0131n Kollar\u0131 Ba\u015fkan\u0131 Merve Bibero\u011flu Erdo\u011fan, Anahtar Parti \u0130l\u00e7e Ba\u015fkan Yard\u0131mc\u0131s\u0131 Gizem G\u00fczel, Anahtar Parti Ke\u00e7i\u00f6ren \u0130l\u00e7e Kad\u0131n Kollar\u0131 Y\u00f6netim Kurulu \u00fcyeleri, Ankara Esnaf ve Sanatk\u00e2rlar Odas\u0131 Ba\u015fkan\u0131 \u015e\u00fckr\u00fc Orhan ve y\u00f6netimi, Ayval\u0131 Mahalle Muhtar\u0131 H\u00fcsniye Ayd\u0131n, Ufuktepe Mahalle Muhtar\u0131 Dilek Sar\u0131 K\u0131l\u0131\u00e7, Uyan\u0131\u015f Mahalle Muhtar\u0131 Zahide Uslu, Kanuni Mahalle Muhtar\u0131 Arzu Ad\u0131g\u00fczel, P\u0131narba\u015f\u0131 Mahalle Muhtar\u0131 Meral Do\u011fan, \u015eehit Kubilay Mahalle Muhtar\u0131 Sultan Bilecen, \u015eefkat Mahalle Muhtar\u0131 Burcu Y\u00fcksel Dinler, Ke\u00e7i\u00f6ren Gen\u00e7lik Derne\u011fi y\u00f6netim kurulu ve kad\u0131n \u00fcyeleri, T\u00fcrkiye Karate Federasyonu Premier Ligi genel klasman \u015fampiyonlar\u0131, AH\u0130D Ankaral\u0131lar ve Ankara\u2019ya Hizmet Edenler Derne\u011fi Kad\u0131n Kollar\u0131 Ba\u015fkan\u0131 Nihal T\u00fcrkmen, Bolulu Kad\u0131nlar Derne\u011fi Ba\u015fkan\u0131 Aynur Arabac\u0131o\u011flu, Ba\u015fkent \u00c7\u0131nar Spor Kul\u00fcb\u00fc Ba\u015fkan\u0131 Sema Nur \u00c7\u0131nar, Ankarag\u00fcc\u00fc ve Milli Tak\u0131m Kondisyoneri, Marvel\u2019s Gym Fitness E\u011fitmeni Sevda \u00d6zg\u00fcl ile birlikte milli sporcular, antren\u00f6rler ve sanat, sa\u011fl\u0131k, siyaset, bilim ile i\u015f d\u00fcnyas\u0131ndan \u00e7ok say\u0131da kad\u0131n kat\u0131ld\u0131.<\/p>\n<p><b>\u201cBu toplum varsa kad\u0131nlar sayesinde vard\u0131r\u201d<\/b><\/p>\n<p><b>Ke\u00e7i\u00f6ren Belediye Ba\u015fkan\u0131 Dr. Mesut \u00d6zarslan,<\/b>\u00a0davetlilere hitaben yapt\u0131\u011f\u0131 konu\u015fmada, kad\u0131nlar\u0131n T\u00fcrk toplumunda \u00f6nemli bir yere sahip oldu\u011funu belirterek \u015funlar\u0131 s\u00f6yledi: \u201cT\u00fcrk kad\u0131n\u0131n\u0131n g\u00f6nl\u00fc imanl\u0131d\u0131r, y\u00fcre\u011fi maneviyatl\u0131d\u0131r ve hedefleri millidir. Ba\u015fta Rasulullah (s.a.v.) Efendimizin annesi Amine anam\u0131z, e\u015fleri Hatice anam\u0131z ve di\u011ferleri; Gazi Mustafa Kemal Atat\u00fcrk\u2019\u00fcm\u00fcz\u00fcn k\u0131ymetli annesi Z\u00fcbeyde Han\u0131m ve bu \u00fclkenin de\u011ferleri; Nene Hatunlar, \u015eerife Bac\u0131lar, Kara Fatmalar, Halide Edip Ad\u0131varlar\u2026 G\u00f6nl\u00fc bu vatan co\u011frafyas\u0131nda olan, bizleri yeti\u015ftiren, gelecek nesilleri olu\u015fturan ve bizlere emanet eden o elleri \u00f6p\u00fclesi g\u00fczel analar\u0131m; hepinizi ellerinizden \u00f6p\u00fcyorum. Kad\u0131nlar G\u00fcn\u00fcn\u00fcz kutlu olsun. Bu toplum varsa kad\u0131nlar sayesinde vard\u0131r. T\u00fcrk toplumu \u00f6yle ataerkil bir yap\u0131da de\u011fildir, anaerkil bir yap\u0131dad\u0131r. Ertu\u011frul Gazi sava\u015f meydanlar\u0131nda hak, hukuk, adalet i\u00e7in m\u00fccadele etti\u011finde; obas\u0131na, devletin y\u00f6netimine Hayme Ana bakm\u0131\u015ft\u0131r. Onun i\u00e7in sizler bizim i\u00e7in \u00e7ok k\u0131ymetlisiniz. Biz kad\u0131nlara olan h\u00fcrmeti, Hz. Muhammed Mustafa (s.a.v.) Efendimizin Hatice anam\u0131zla yapt\u0131\u011f\u0131 ticaretten anlar\u0131z. Onun i\u00e7in kad\u0131nlar sadece evde de\u011fil, toplumun her noktas\u0131nda ba\u015f\u0131m\u0131z\u0131n tac\u0131d\u0131r. Ke\u00e7i\u00f6ren\u2019de, \u2018halka hizmet, Hakk\u2019a hizmet\u2019 mant\u0131\u011f\u0131yla \u00e7al\u0131\u015f\u0131yoruz. Bu yolculu\u011fumuzda beni hi\u00e7bir zaman yaln\u0131z b\u0131rakmayan muhtarlar\u0131m var. Hele hele o kad\u0131n muhtarlar\u0131m var ya, ba\u015f \u00fcst\u00fcnde gezdirilecek insanlar. Sonsuz \u015f\u00fckranlar\u0131m\u0131 sunuyorum sizlere. Kad\u0131n muhtar\u0131n\u0131n oldu\u011fu bir mahallede biz biliriz; kimse yata\u011fa a\u00e7 girmez, \u00fc\u015f\u00fcyerek, titreyerek girmez. Evlad\u0131 sabah kalkt\u0131\u011f\u0131nda servise verilmezse canla ba\u015fla verdirir, ya\u015fl\u0131s\u0131na bakt\u0131r\u0131r, engellisine bakt\u0131r\u0131r. K\u0131sacas\u0131 kad\u0131n, toplumun en \u00fcst\u00fcndedir. \u0130yi ki vars\u0131n\u0131z. Ne mutlu T\u00fcrk\u2019\u00fcm diyene!\u201d<\/p>\n<p><b>\u201cEmek\u00e7i t\u00fcm kad\u0131nlara selam ediyorum\u201d<\/b><\/p>\n<p><b>AK Parti Ke\u00e7i\u00f6ren Kad\u0131n Kollar\u0131 Ba\u015fkan\u0131 Merve Bibero\u011flu Erdo\u011fan\u00a0<\/b>ise yapt\u0131\u011f\u0131 konu\u015fmada 8 Mart D\u00fcnya Kad\u0131nlar G\u00fcn\u00fc\u2019n\u00fc \u015fu s\u00f6zlerle kutlad\u0131: \u201c8 Mart D\u00fcnya Kad\u0131nlar G\u00fcn\u00fc vesilesiyle; azimle, kararl\u0131l\u0131kla, eme\u011fiyle m\u00fccadele veren t\u00fcm emek\u00e7i kad\u0131nlara selam ediyorum. E\u015fini, evlad\u0131n\u0131, babas\u0131n\u0131 \u015fehit vermi\u015f \u015fehit annelerinin, \u015fehit e\u015flerinin, \u015fehit k\u0131zlar\u0131n\u0131n ve karde\u015flerinin g\u00fcnlerini tebrik ediyorum. Her zaman yanlar\u0131nda oldu\u011fumu bir kez daha ifade etmek istiyorum. Gazze\u2019den Suriye\u2019ye, Suriye\u2019den Yemen\u2019e, Sudan\u2019a, Do\u011fu T\u00fcrkistan\u2019a; t\u00fcm g\u00f6n\u00fcl ve k\u00fclt\u00fcr co\u011frafyam\u0131z\u0131n ac\u0131l\u0131 han\u0131mefendilerinin de g\u00fcn\u00fcn\u00fc kutluyorum. Ac\u0131lar\u0131n\u0131 payla\u015ft\u0131\u011f\u0131m\u0131z\u0131 bir kez daha ifade ediyorum.\u201d<\/p>\n<p><b>\u201cK\u0131z karde\u015flerimin D\u00fcnya Kad\u0131nlar G\u00fcn\u00fc\u2019n\u00fc kutluyorum\u201d<\/b><\/p>\n<p><b>Anahtar Parti Ke\u00e7i\u00f6ren \u0130l\u00e7e Ba\u015fkan Yard\u0131mc\u0131s\u0131 Gizem G\u00fczel<\/b>\u00a0de \u201cBelediye Ba\u015fkan\u0131m\u0131z Mesut \u00d6zarslan Beyefendi\u2019ye daveti i\u00e7in te\u015fekk\u00fcr ediyorum. Buradaki b\u00fct\u00fcn k\u0131z karde\u015flerimin D\u00fcnya Kad\u0131nlar G\u00fcn\u00fc\u2019n\u00fc kutluyorum.\u201d dedi.<\/p>\n<p><b>\u201cKad\u0131n sadece bir birey de\u011fil, bir milletin ruhudur\u201d<\/b><\/p>\n<p>Kad\u0131nlar\u0131n T\u00fcrk toplumundaki milli ve manevi de\u011ferine dikkat \u00e7eken\u00a0<b>AH\u0130D Ankaral\u0131lar ve Ankara\u2019ya Hizmet Edenler Derne\u011fi Kad\u0131n Kollar\u0131 Ba\u015fkan\u0131 Nihal T\u00fcrkmen,\u00a0<\/b>\u201cT\u00fcrk-\u0130slam medeniyetinde kad\u0131n sadece bir birey de\u011fil, bir milletin ruhudur. Anad\u0131r, \u00f6\u011fretmendir, yol g\u00f6stericidir. Nene Hatun\u2019dur, \u015eerife Bac\u0131\u2019d\u0131r. Gerekti\u011finde oca\u011f\u0131n ba\u015f\u0131nda, vatan\u0131n y\u00fck\u00fcn\u00fc omuzlayan bir iradedir. \u0130slam\u2019\u0131n izzet verdi\u011fi, T\u00fcrk t\u00f6resinin ba\u015f tac\u0131 etti\u011fi ba\u015fta \u015fehit ve gazi annelerimiz olmak \u00fczere t\u00fcm kad\u0131nlar\u0131m\u0131z\u0131n ve t\u00fcm siz k\u0131ymetli han\u0131mefendilerin 8 Mart D\u00fcnya Kad\u0131nlar G\u00fcn\u00fc\u2019n\u00fc kutluyorum.\u201d ifadelerini kulland\u0131.<\/p>\n<p><b>\u201c\u0130yi ki vars\u0131n\u0131z\u201d<\/b><\/p>\n<p><b>Bolulu Kad\u0131nlar Derne\u011fi Ba\u015fkan\u0131 Aynur Arabac\u0131o\u011flu<\/b>\u00a0yapt\u0131\u011f\u0131 konu\u015fmada, \u201cBizleri bir araya getirdi\u011fi i\u00e7in Say\u0131n Ba\u015fkan\u0131m\u0131za ve e\u015fine te\u015fekk\u00fcr ediyorum. Burada bulunan b\u00fct\u00fcn misafirlerimizin, sivil toplum kurulu\u015flar\u0131n\u0131n ve muhtarlar\u0131m\u0131z\u0131n ayaklar\u0131na sa\u011fl\u0131k. D\u00fcnya Kad\u0131nlar G\u00fcn\u00fcm\u00fcz kutlu olsun. \u0130yi ki vars\u0131n\u0131z.\u201d diyerek memnuniyetini ifade etti.<\/p>\n<p><b>\u201cHayat\u0131 g\u00fczelle\u015ftirmeye devam ediyoruz\u201d<\/b><\/p>\n<p><b>Mardin Nusaybin\u2019de \u015fehit olan Piyade Astsubay \u00c7avu\u015f Arif \u00c7ak\u0131r\u2019\u0131n e\u015fi Semra \u00c7ak\u0131r,\u00a0<\/b>yapt\u0131\u011f\u0131 konu\u015fmada, \u201cBu g\u00fczel g\u00fcnde iftar davetinde ve Kad\u0131nlar G\u00fcn\u00fc\u2019nde sizlerle olmaktan \u00e7ok mutluyum. G\u00fc\u00e7l\u00fc kad\u0131nlar, hepimiz \u00e7ok g\u00fc\u00e7l\u00fcy\u00fcz. Hayat\u0131 g\u00fczelle\u015ftirmeye devam ediyoruz. \u0130yi ki vars\u0131n\u0131z. Ke\u00e7i\u00f6ren&#8217;in k\u0131ymetli han\u0131mefendileriyle birlikte iftarda olmaktan \u00e7ok gurur duyuyorum.\u201d diye konu\u015ftu.<\/p>\n<p><b>\u201cD\u00fcnya Kad\u0131nlar G\u00fcn\u00fc&#8217;n\u00fc can\u0131 g\u00f6n\u00fclden kutluyorum\u201d<\/b><\/p>\n<p>Ke\u00e7i\u00f6ren\u2019deki kad\u0131n muhtarlar\u0131 temsilen konu\u015fan\u00a0<b>\u015eehit Kubilay Mahalle Muhtar\u0131 Sultan Bilecen<\/b>, \u201cKe\u00e7i\u00f6ren&#8217;in g\u00fczel han\u0131mlar\u0131, hepinizin 8 Mart D\u00fcnya Kad\u0131nlar G\u00fcn\u00fc&#8217;n\u00fc can\u0131 g\u00f6n\u00fclden kutluyorum. \u00c7ok te\u015fekk\u00fcr ediyorum.\u201d s\u00f6zleriyle duygular\u0131n\u0131 ifade etti.<\/p>\n<p>\u00a0<\/p>\n<p>\u00a0<\/p>\n<p>Kaynak: (BYZHA) Beyaz Haber Ajans\u0131<\/p>\n","protected":false},"excerpt":{"rendered":"<p>Ke\u00e7i\u00f6ren Belediye Ba\u015fkan\u0131 Dr. Mesut \u00d6zarslan\u00a0ve e\u015fi\u00a0Filiz \u00d6zarslan,\u00a08 Mart D\u00fcnya Kad\u0131nlar G\u00fcn\u00fc dolay\u0131s\u0131yla Mevlana K\u00fclt\u00fcr Merkezi\u2019nde d\u00fczenlenen iftar program\u0131nda kad\u0131nlarla bir araya geldi.<\/p>\n","protected":false},"author":1,"featured_media":68342,"comment_status":"open","ping_status":"open","sticky":false,"template":"","format":"standard","meta":{"footnotes":""},"categories":[4],"tags":[986,380,1614,4614,517],"class_list":["post-68341","post","type-post","status-publish","format-standard","has-post-thumbnail","hentry","category-gundem","tag-baskani","tag-kadin","tag-kadinlar","tag-kecioren","tag-turk"],"_links":{"self":[{"href":"https:\/\/bihavadis.com\/index.php\/wp-json\/wp\/v2\/posts\/68341","targetHints":{"allow":["GET"]}}],"collection":[{"href":"https:\/\/bihavadis.com\/index.php\/wp-json\/wp\/v2\/posts"}],"about":[{"href":"https:\/\/bihavadis.com\/index.php\/wp-json\/wp\/v2\/types\/post"}],"author":[{"embeddable":true,"href":"https:\/\/bihavadis.com\/index.php\/wp-json\/wp\/v2\/users\/1"}],"replies":[{"embeddable":true,"href":"https:\/\/bihavadis.com\/index.php\/wp-json\/wp\/v2\/comments?post=68341"}],"version-history":[{"count":1,"href":"https:\/\/bihavadis.com\/index.php\/wp-json\/wp\/v2\/posts\/68341\/revisions"}],"predecessor-version":[{"id":68343,"href":"https:\/\/bihavadis.com\/index.php\/wp-json\/wp\/v2\/posts\/68341\/revisions\/68343"}],"wp:featuredmedia":[{"embeddable":true,"href":"https:\/\/bihavadis.com\/index.php\/wp-json\/wp\/v2\/media\/68342"}],"wp:attachment":[{"href":"https:\/\/bihavadis.com\/index.php\/wp-json\/wp\/v2\/media?parent=68341"}],"wp:term":[{"taxonomy":"category","embeddable":true,"href":"https:\/\/bihavadis.com\/index.php\/wp-json\/wp\/v2\/categories?post=68341"},{"taxonomy":"post_tag","embeddable":true,"href":"https:\/\/bihavadis.com\/index.php\/wp-json\/wp\/v2\/tags?post=68341"}],"curies":[{"name":"wp","href":"https:\/\/api.w.org\/{rel}","templated":true}]}}