{"id":68357,"date":"2026-03-09T19:12:07","date_gmt":"2026-03-09T19:12:07","guid":{"rendered":"https:\/\/bihavadis.com\/?p=68357"},"modified":"2026-03-09T19:12:07","modified_gmt":"2026-03-09T19:12:07","slug":"kuresel-belirsizlige-karsi-recete-guven-teknoloji-ve-ortak-akil","status":"publish","type":"post","link":"https:\/\/bihavadis.com\/index.php\/2026\/03\/09\/kuresel-belirsizlige-karsi-recete-guven-teknoloji-ve-ortak-akil\/","title":{"rendered":"K\u00fcresel Belirsizli\u011fe Kar\u015f\u0131 Re\u00e7ete: G\u00fcven, Teknoloji ve Ortak Ak\u0131l"},"content":{"rendered":"<p><span><span><span><span><span><span>Ege Sanayicileri ve \u0130\u015f \u0130nsanlar\u0131 Derne\u011fi\u2019nin (ES\u0130AD) Y\u00f6netim Kurulu Ba\u015fkan\u0131 Sibel Zorlu, \u0130ran\u2019a y\u00f6nelik askeri m\u00fcdahalenin enerji fiyatlar\u0131, ticaret yollar\u0131 ve finansman ko\u015fullar\u0131 \u00fczerinden T\u00fcrkiye ekonomisine do\u011frudan yans\u0131malar\u0131 olaca\u011f\u0131n\u0131 s\u00f6yledi. Zorlu, ekonomik istikrar ve \u00f6ng\u00f6r\u00fclebilir bir yat\u0131r\u0131m ortam\u0131n\u0131n g\u00fc\u00e7lendirilmesinin her zamankinden daha \u00f6nemli hale geldi\u011fini vurgulad\u0131.<\/span><\/span><\/span><\/span><\/span><\/span><\/p>\n<p><span><span><span><span><span><span>ES\u0130AD 27. Ola\u011fan\u00fcst\u00fc Genel Kurulu, dernek merkezinde ger\u00e7ekle\u015ftirildi. Divan Ba\u015fkanl\u0131\u011f\u0131n\u0131 ES\u0130AD\u2019\u0131n kurucular\u0131ndan ve 10. D\u00f6nem Y\u00fcksek \u0130sti\u015fare Konseyi Ba\u015fkan\u0131 Kemal \u00c7olako\u011flu\u2019nun yapt\u0131\u011f\u0131 genel kurulda, katip \u00fcyeliklere Y\u00fccel \u00d6zt\u00fcrk ve Sibel Katranc\u0131 se\u00e7ildi. <\/span><\/span><\/span><\/span><\/span><\/span><\/p>\n<p><span><span><span><span><span><span>AKGERMAN: PUSULAMIZ NET OLMALI<\/span><\/span><\/span><\/span><\/span><\/span><\/p>\n<p><span><span><span><span><span><span>Toplant\u0131n\u0131n a\u00e7\u0131l\u0131\u015f\u0131nda konu\u015fan ES\u0130AD Y\u00fcksek \u0130sti\u015fare Konseyi (Y\u0130K) Ba\u015fkan\u0131 B\u00fclent Akgerman, k\u00fcresel d\u00fczenin sars\u0131ld\u0131\u011f\u0131, kurallar\u0131n yeniden yaz\u0131ld\u0131\u011f\u0131 bir d\u00f6nemden ge\u00e7ildi\u011fini belirterek, \u015f\u00f6yle devam etti: <\/span><\/span><\/span><\/span><\/span><\/span><\/p>\n<p><span><span><span><span><span><span>\u201cEskiden \u2018jeopolitik riskler\u2019 kar\u015f\u0131s\u0131nda haz\u0131rl\u0131kl\u0131 olmaktan bahsediyorduk. \u015eimdi \u2018jeopolitik ger\u00e7eklik\u2019 ile ya\u015f\u0131yoruz. T\u00fcrkiye bu tablonun tam merkezinde yer al\u0131yor. Co\u011frafi konumu kadar siyasi ve ekonomik ekseni bu d\u00f6n\u00fc\u015f\u00fcmde kritik bir fakt\u00f6r. Zor bir d\u00f6nemden ge\u00e7ti\u011fimiz a\u00e7\u0131k. \u0130\u015f d\u00fcnyas\u0131 olarak \u015funu \u00e7ok iyi biliyoruz: Zor d\u00f6nemler, pusulan\u0131n en net olmas\u0131 gereken d\u00f6nemlerdir. Bug\u00fcn \u00fclkemizde en \u00e7ok ihtiya\u00e7 duydu\u011fumuz kavramlar\u0131n ba\u015f\u0131nda g\u00fcven geliyor. Ekonomik, kurumsal ve toplumsal g\u00fcven olmadan yat\u0131r\u0131m olmaz, uzun vadeli planlama olmaz, sermaye kal\u0131c\u0131 olmaz. Bu g\u00fcveni duyabilmemiz i\u00e7in yarg\u0131n\u0131n ba\u011f\u0131ms\u0131zl\u0131\u011f\u0131, \u00f6ng\u00f6r\u00fclebilirlik ve \u015feffafl\u0131\u011f\u0131n tam olarak tesis edilmesi gerekmektedir. T\u00fcrkiye\u2019nin potansiyeli b\u00fcy\u00fckt\u00fcr. Hala gen\u00e7 n\u00fcfusu, giri\u015fimci ruhu, \u00fcretim kabiliyeti ve Avrupa ile b\u00fct\u00fcnle\u015fmi\u015f de\u011fer zincirlerindeki konumu \u00f6nemli bir avantajd\u0131r. Ancak bu potansiyelin tam anlam\u0131yla hayata ge\u00e7ebilmesi i\u00e7in \u00fclkemizde g\u00fcven ikliminin g\u00fc\u00e7lendirilmesi \u015fartt\u0131r. Yar\u0131nlar\u0131m\u0131z\u0131, ak\u0131lla, bilimle, ortak de\u011ferler etraf\u0131nda kenetlenerek in\u015fa etmek zorunday\u0131z.\u201d<\/span><\/span><\/span><\/span><\/span><\/span><\/p>\n<p><span><span><span><span><span><span>ZORLU: SAVA\u015e, \u00dcZER\u0130M\u0130ZDE EK BASKI YARATACAK<\/span><\/span><\/span><\/span><\/span><\/span><\/p>\n<p><span><span><span><span><span><span>ES\u0130AD Y\u00f6netim Kurulu Ba\u015fkan\u0131 Sibel Zorlu da, T\u00fcrkiye&#8217;nin g\u00fcney ve do\u011fu s\u0131n\u0131rlar\u0131n\u0131n bir &#8220;yang\u0131n hatt\u0131na&#8221; d\u00f6n\u00fc\u015ft\u00fc\u011f\u00fcn\u00fc belirterek, ABD ve \u0130srail&#8217;in \u0130ran\u2019a y\u00f6nelik askeri m\u00fcdahalesinin b\u00f6lgeyi b\u00fcy\u00fck bir belirsizli\u011fe ta\u015f\u0131d\u0131\u011f\u0131n\u0131 ifade etti. \u0130ran&#8217;\u0131n T\u00fcrkiye i\u00e7in \u00fc\u00e7\u00fcnc\u00fc b\u00fcy\u00fck do\u011falgaz tedarik\u00e7isi oldu\u011funu hat\u0131rlatan Zorlu, \u015funlar\u0131 s\u00f6yledi:<\/span><\/span><\/span><\/span><\/span><\/span><\/p>\n<p><span><span><span><span><span><span>&#8220;H\u00fcrm\u00fcz bo\u011faz\u0131n\u0131n kapat\u0131lmas\u0131n\u0131n ard\u0131ndan petrol fiyatlar\u0131n\u0131n 100 dolarlar\u0131 ge\u00e7mesi, enerji faturam\u0131za milyarlarca dolarl\u0131k ek y\u00fck getirecek ve cari a\u00e7\u0131\u011f\u0131m\u0131zda ciddi sapma riski yaratacakt\u0131r. Bu maliyet art\u0131\u015flar\u0131, Merkez Bankas\u0131\u2019n\u0131n y\u00fczde 15-21 aral\u0131\u011f\u0131ndaki enflasyon tahminine ula\u015f\u0131lmas\u0131n\u0131 neredeyse imkans\u0131z hale getirmekte ve dezenflasyon s\u00fcrecini zorla\u015ft\u0131rmaktad\u0131r. Bir di\u011fer \u00f6nemli konu da finansman ko\u015fullar\u0131d\u0131r. Jeopolitik gerilimler y\u00fcksek faiz ortam\u0131ndaki i\u015f d\u00fcnyam\u0131z i\u00e7in ilave bir bask\u0131 anlam\u0131na gelir. Ayr\u0131ca \u0130ran, yaln\u0131zca bir enerji tedarik\u00e7isi de\u011fil; Orta Asya\u2019ya a\u00e7\u0131lan stratejik bir ticaret koridorudur. S\u0131n\u0131r ge\u00e7i\u015flerinde ya\u015fanabilecek aksamalar, ihracat ve transit ticaret gelirlerimizi do\u011frudan etkileyecektir. Buna ek olarak, olas\u0131 insani hareketlilik ve artan g\u00fcvenlik maliyetleri de kamu maliyesi \u00fczerinde yeni y\u00fckler olu\u015fturabilir.\u201d<\/span><\/span><\/span><\/span><\/span><\/span><\/p>\n<p><span><span><span><span><span><span>Zorlu, Trump\u2019\u0131n ikinci d\u00f6nemiyle artan k\u00fcresel korumac\u0131l\u0131k ve AB\u2019nin Hindistan-Mercosur gibi yeni ortakl\u0131klar\u0131na dikkat \u00e7ekerek, rekabet g\u00fcc\u00fcn\u00fcn art\u0131k ucuz i\u015fg\u00fcc\u00fcnden de\u011fil y\u00fcksek katma de\u011ferli \u00fcretimden, teknoloji yat\u0131r\u0131mlar\u0131ndan ve inovasyondan ge\u00e7ti\u011fini vurgulad\u0131. Zorlu, &#8220;D\u00fcnya h\u0131zla de\u011fi\u015fiyor, jeopolitik riskler art\u0131yor ve rekabet sertle\u015fiyor. B\u00f6yle d\u00f6nemlerde en b\u00fcy\u00fck g\u00fcc\u00fcm\u00fcz; ortak akl\u0131m\u0131z, kurumsal haf\u0131zam\u0131z ve birlikte hareket etme irademizdir. Bizim y\u00f6n\u00fcm\u00fcz; y\u00fcksek katma de\u011ferli \u00fcretimdir. Y\u00f6n\u00fcm\u00fcz; enerji ve kaynak verimlili\u011fidir. Y\u00f6n\u00fcm\u00fcz; teknoloji yat\u0131r\u0131m\u0131 ve kurumsal g\u00fcven ortam\u0131d\u0131r. Yolumuz ise ak\u0131l ve i\u015f birli\u011fidir&#8221; dedi. <\/span><\/span><\/span><\/span><\/span><\/span><\/p>\n<p><span><span><span><span><span><span>\u00dcRET\u0130M B\u0130R\u0130NC\u0130 MADDE OLMALI<\/span><\/span><\/span><\/span><\/span><\/span><\/p>\n<p><span><span><span><span><span><span>Toplant\u0131n\u0131n Divan Ba\u015fkanl\u0131\u011f\u0131n\u0131 \u00fcstlenen ES\u0130AD 10. D\u00f6nem Y\u0130K Ba\u015fkan\u0131 Kemal \u00c7olako\u011flu, d\u00fcnyada ya\u015fanan geli\u015fmelere dikkat \u00e7ekerek, \u015f\u00f6yle konu\u015ftu: <\/span><\/span><\/span><\/span><\/span><\/span><\/p>\n<p><span><span><span><span><span><span>\u201cTabiri caizse silahlar\u0131n g\u00f6lgesinde bir genel kurul yap\u0131yoruz. \u00d6nce bir Gazze facias\u0131 ya\u015fad\u0131k. O bitiyor derken zaten devam etmekte olan bir Ukrayna-Rusya sava\u015f\u0131 vard\u0131. Ona ilave olarak \u015fimdi \u0130srail ve Amerika Birle\u015fik Devletleri\u2019nin \u0130ran\u2019a y\u00f6nelik ba\u015flatt\u0131\u011f\u0131 \u00e7at\u0131\u015fmalar ve b\u00f6lgedeki di\u011fer gerilimler\u2026 Yani d\u00fcnyada \u00e7ok ciddi bir sava\u015f atmosferi var. Biz zaten her g\u00fcn T\u00fcrkiye\u2019nin sorunlar\u0131yla birlikte \u00fcretimin i\u00e7inde olan insanlar\u0131z. \u00dclkeyi y\u00f6netenlerden sokaktaki vatanda\u015fa kadar herkese, bu \u00fclkenin ancak \u00fcretimle, ihracatla ve onun yaratt\u0131\u011f\u0131 istihdamla kalk\u0131nabilece\u011fini anlatmaya \u00e7al\u0131\u015f\u0131yoruz. Ama g\u00f6r\u00fcyoruz ki bug\u00fcn \u00fcretim ger\u00e7ekten g\u00fcndemin birinci maddesi de\u011fil. Ekonomi birinci madde, ama \u00fcretim ve \u00fcretime ba\u011fl\u0131 imkanlar birinci madde de\u011fil. Ekonominin \u00f6n\u00fc a\u00e7\u0131lmad\u0131k\u00e7a enflasyonun sadece parasal tedbirlerle d\u00fc\u015f\u00fcr\u00fclemeyece\u011fini y\u0131llard\u0131r s\u00f6yl\u00fcyoruz. Ge\u00e7mi\u015fte s\u00f6ylediklerimizle bug\u00fcn s\u00f6ylediklerimiz aras\u0131nda en ufak bir fark yok. Ben bug\u00fcn ES\u0130AD genel kurulunu y\u00f6neten bir ba\u015fkan olarak inovasyondan, \u00e7evreden, k\u00fclt\u00fcrden, sanattan bahsetmek isterdim. Bunlar\u0131 konu\u015fup ard\u0131ndan ekonomiyi de\u011ferlendirelim isterdim. Ama maalesef bunlara ay\u0131racak ne vaktimiz var ne de g\u00fcndemimiz. Bu nedenle T\u00fcrkiye\u2019de sanayicinin ve i\u015f insan\u0131n\u0131n \u00fcretime d\u00f6rt elle sar\u0131lmas\u0131 gerekti\u011fini anlatmaya devam edece\u011fiz.\u201d<\/span><\/span><\/span><\/span><\/span><\/span><\/p>\n<p><span><span><span><span><span><span>Konu\u015fmalar\u0131n ard\u0131ndan 2025 y\u0131l\u0131 faaliyet raporu ve mali rapor okundu. Y\u00f6netim ve Denetim Kurulu raporlar\u0131 oy birli\u011fiyle ibra edildi.<\/span><\/span><\/span><\/span><\/span><\/span><\/p>\n<p>\u00a0<\/p>\n<p>\u00a0<\/p>\n<p>Kaynak: (BYZHA) Beyaz Haber Ajans\u0131<\/p>\n","protected":false},"excerpt":{"rendered":"<p>Ege Sanayicileri ve \u0130\u015f \u0130nsanlar\u0131 Derne\u011fi\u2019nin (ES\u0130AD) Y\u00f6netim Kurulu Ba\u015fkan\u0131 Sibel Zorlu, \u0130ran\u2019a y\u00f6nelik askeri m\u00fcdahalenin enerji fiyatlar\u0131, ticaret yollar\u0131 ve finansman ko\u015fullar\u0131 \u00fczerinden T\u00fcrkiye ekonomisine do\u011frudan yans\u0131malar\u0131 olaca\u011f\u0131n\u0131 s\u00f6yledi.<\/p>\n","protected":false},"author":1,"featured_media":68358,"comment_status":"open","ping_status":"open","sticky":false,"template":"","format":"standard","meta":{"footnotes":""},"categories":[4],"tags":[3449,72,407,197,375],"class_list":["post-68357","post","type-post","status-publish","format-standard","has-post-thumbnail","hentry","category-gundem","tag-donem","tag-ekonomi","tag-orta","tag-turkiye","tag-uretim"],"_links":{"self":[{"href":"https:\/\/bihavadis.com\/index.php\/wp-json\/wp\/v2\/posts\/68357","targetHints":{"allow":["GET"]}}],"collection":[{"href":"https:\/\/bihavadis.com\/index.php\/wp-json\/wp\/v2\/posts"}],"about":[{"href":"https:\/\/bihavadis.com\/index.php\/wp-json\/wp\/v2\/types\/post"}],"author":[{"embeddable":true,"href":"https:\/\/bihavadis.com\/index.php\/wp-json\/wp\/v2\/users\/1"}],"replies":[{"embeddable":true,"href":"https:\/\/bihavadis.com\/index.php\/wp-json\/wp\/v2\/comments?post=68357"}],"version-history":[{"count":1,"href":"https:\/\/bihavadis.com\/index.php\/wp-json\/wp\/v2\/posts\/68357\/revisions"}],"predecessor-version":[{"id":68359,"href":"https:\/\/bihavadis.com\/index.php\/wp-json\/wp\/v2\/posts\/68357\/revisions\/68359"}],"wp:featuredmedia":[{"embeddable":true,"href":"https:\/\/bihavadis.com\/index.php\/wp-json\/wp\/v2\/media\/68358"}],"wp:attachment":[{"href":"https:\/\/bihavadis.com\/index.php\/wp-json\/wp\/v2\/media?parent=68357"}],"wp:term":[{"taxonomy":"category","embeddable":true,"href":"https:\/\/bihavadis.com\/index.php\/wp-json\/wp\/v2\/categories?post=68357"},{"taxonomy":"post_tag","embeddable":true,"href":"https:\/\/bihavadis.com\/index.php\/wp-json\/wp\/v2\/tags?post=68357"}],"curies":[{"name":"wp","href":"https:\/\/api.w.org\/{rel}","templated":true}]}}