{"id":68372,"date":"2026-03-09T19:24:11","date_gmt":"2026-03-09T19:24:11","guid":{"rendered":"https:\/\/bihavadis.com\/?p=68372"},"modified":"2026-03-09T19:24:11","modified_gmt":"2026-03-09T19:24:11","slug":"davut-gulden-cumhurbaskani-erdoganin-dogum-gunune-ozel-paylasim","status":"publish","type":"post","link":"https:\/\/bihavadis.com\/index.php\/2026\/03\/09\/davut-gulden-cumhurbaskani-erdoganin-dogum-gunune-ozel-paylasim\/","title":{"rendered":"Davut G\u00fcl&#8217;den, Cumhurba\u015fkan\u0131 Erdo\u011fan&#8217;\u0131n do\u011fum g\u00fcn\u00fcne \u00f6zel payla\u015f\u0131m"},"content":{"rendered":"<p>Cumhurba\u015fkan\u0131 Recep Tayyip Erdo\u011fan bug\u00fcn 72. ya\u015f\u0131n\u0131 kutluyor.<\/p>\n<p>AK Parti, Cumhurba\u015fkan\u0131 Erdo\u011fan&#8217;\u0131n \u00e7ocukluk y\u0131llar\u0131ndan bug\u00fcne uzanan hayat hikayesini anlatan \u00f6zel bir video yay\u0131mlad\u0131.<\/p>\n<p>\u00dclke genelinde siyasi isimler, bakanlar, belediye ba\u015fkanlar\u0131 ve vatanda\u015flar da sosyal medya \u00fczerinden Cumhurba\u015fkan\u0131 Erdo\u011fan&#8217;a tebriklerini iletti.<\/p>\n<p>\u0130stanbul Valisi Davut G\u00fcl de bu isimlerden bir tanesi oldu.<\/p>\n<p><strong>CUMHURBA\u015eKANI ERDO\u011eANIN DO\u011eUM G\u00dcN\u00dcN\u00dc KUTLADI<\/strong><\/p>\n<p>Davut G\u00fcl sosyal medya platformu X hesab\u0131 \u00fczerinden Erdo\u011fan&#8217;\u0131n 72. ya\u015f g\u00fcn\u00fc dolay\u0131s\u0131yla anlaml\u0131 bir mesaj yay\u0131mlad\u0131.<\/p>\n<p>Vali G\u00fcl, gen\u00e7lik y\u0131llar\u0131na ait siyah-beyaz bir foto\u011fraf\u0131 payla\u015farak, <em><b>&#8220;Yorgunlu\u011fu kendine, umudu milletimize saklayan bir \u00f6m\u00fcr\u2026\u015eahidiz. Do\u011fum g\u00fcn\u00fcn\u00fcz kutlu olsun Say\u0131n Cumhurba\u015fkan\u0131m.&#8221; <\/b><\/em>notunu d\u00fc\u015ft\u00fc.<\/p>\n<p><strong>80&#8217;L\u0130 YILLARIN FOTO\u011eRAFINI PAYLA\u015eTI<\/strong><\/p>\n<p>Foto\u011frafta, 1980&#8217;li y\u0131llara ait bir karede Cumhurba\u015fkan\u0131 Erdo\u011fan, \u0130stanbul sokaklar\u0131nda y\u00fcr\u00fcrken g\u00f6r\u00fcld\u00fc.<\/p>\n<p>Foto\u011fraf karesinde Cumhurba\u015fkan\u0131 Erdo\u011fan, \u0130\u00e7i\u015fleri Bakan Yard\u0131mc\u0131s\u0131 B\u00fclent Turan, \u0130stanbul Valisi Davut G\u00fcl ve Gazeteci-Yazar Osman Diyadin yer ald\u0131.<\/p>\n<p><img decoding=\"async\" src=\"https:\/\/bihavadis.com\/wp-content\/uploads\/2026\/03\/davut-gulden-cumhurbaskani-erdoganin-dogum-gunune-ozel-paylasim-0-fI7pEzBF.jpg\"\/><\/p>\n<p><strong>AYNI G\u00dcNDEN B\u0130R BA\u015eKA KARE DAHA<\/strong><\/p>\n<p>Akabinde B\u00fclent Turan, ayn\u0131 g\u00fcne ait bir ba\u015fka foto\u011fraf karesini yay\u0131mlayarak, payla\u015f\u0131m\u0131 yan\u0131tlad\u0131.<\/p>\n<p>Turan yan\u0131t\u0131na,<em><b> &#8220;Devam\u0131 da b\u00f6yle&#8230;&#8221;<\/b><\/em> ifadelerini ekledi.<\/p>\n<p><img decoding=\"async\" src=\"https:\/\/bihavadis.com\/wp-content\/uploads\/2026\/03\/davut-gulden-cumhurbaskani-erdoganin-dogum-gunune-ozel-paylasim-1-ATClhqB5.jpg\"\/> <\/p>\n<div> <span><strong>Kaynak:<\/strong> Ensonhaber Haber Merkezi<\/span> <\/div>\n","protected":false},"excerpt":{"rendered":"<p>Cumhurba\u015fkan\u0131 Recep Tayyip Erdo\u011fan bug\u00fcn 72. ya\u015f\u0131n\u0131 kutluyor. AK Parti, Cumhurba\u015fkan\u0131 Erdo\u011fan&#8217;\u0131n \u00e7ocukluk y\u0131llar\u0131ndan bug\u00fcne uzanan hayat hikayesini anlatan \u00f6zel bir video yay\u0131mlad\u0131. \u00dclke genelinde siyasi isimler, bakanlar, belediye ba\u015fkanlar\u0131 ve &#8230;<\/p>\n","protected":false},"author":1,"featured_media":68373,"comment_status":"open","ping_status":"open","sticky":false,"template":"","format":"standard","meta":{"footnotes":""},"categories":[9,13],"tags":[1297,1526,3662],"class_list":["post-68372","post","type-post","status-publish","format-standard","has-post-thumbnail","hentry","category-genel","category-son-dakika","tag-cumhurbaskani","tag-erdogan","tag-fotograf"],"_links":{"self":[{"href":"https:\/\/bihavadis.com\/index.php\/wp-json\/wp\/v2\/posts\/68372","targetHints":{"allow":["GET"]}}],"collection":[{"href":"https:\/\/bihavadis.com\/index.php\/wp-json\/wp\/v2\/posts"}],"about":[{"href":"https:\/\/bihavadis.com\/index.php\/wp-json\/wp\/v2\/types\/post"}],"author":[{"embeddable":true,"href":"https:\/\/bihavadis.com\/index.php\/wp-json\/wp\/v2\/users\/1"}],"replies":[{"embeddable":true,"href":"https:\/\/bihavadis.com\/index.php\/wp-json\/wp\/v2\/comments?post=68372"}],"version-history":[{"count":1,"href":"https:\/\/bihavadis.com\/index.php\/wp-json\/wp\/v2\/posts\/68372\/revisions"}],"predecessor-version":[{"id":68376,"href":"https:\/\/bihavadis.com\/index.php\/wp-json\/wp\/v2\/posts\/68372\/revisions\/68376"}],"wp:featuredmedia":[{"embeddable":true,"href":"https:\/\/bihavadis.com\/index.php\/wp-json\/wp\/v2\/media\/68373"}],"wp:attachment":[{"href":"https:\/\/bihavadis.com\/index.php\/wp-json\/wp\/v2\/media?parent=68372"}],"wp:term":[{"taxonomy":"category","embeddable":true,"href":"https:\/\/bihavadis.com\/index.php\/wp-json\/wp\/v2\/categories?post=68372"},{"taxonomy":"post_tag","embeddable":true,"href":"https:\/\/bihavadis.com\/index.php\/wp-json\/wp\/v2\/tags?post=68372"}],"curies":[{"name":"wp","href":"https:\/\/api.w.org\/{rel}","templated":true}]}}