{"id":68406,"date":"2026-03-09T19:51:05","date_gmt":"2026-03-09T19:51:05","guid":{"rendered":"https:\/\/bihavadis.com\/?p=68406"},"modified":"2026-03-09T19:51:05","modified_gmt":"2026-03-09T19:51:05","slug":"abdi-ibrahim-vakfinin-cesur-kulaclar-projesinde-dorduncu-donem-basladi","status":"publish","type":"post","link":"https:\/\/bihavadis.com\/index.php\/2026\/03\/09\/abdi-ibrahim-vakfinin-cesur-kulaclar-projesinde-dorduncu-donem-basladi\/","title":{"rendered":"Abdi \u0130brahim Vakf\u0131&#8217;n\u0131n &#8220;Cesur Kula\u00e7lar&#8221; Projesinde D\u00f6rd\u00fcnc\u00fc D\u00f6nem Ba\u015flad\u0131"},"content":{"rendered":"<p><em><strong>T\u00fcrkiye\u2019nin iyile\u015ftiren g\u00fcc\u00fc Abdi \u0130brahim\u2019in 2021 y\u0131l\u0131nda hayata ge\u00e7irdi\u011fi Abdi \u0130brahim Vakf\u0131\u2019n\u0131n Down sendromlu \u00e7ocuklara y\u00f6nelik olan sosyal sorumluluk projesi \u201cCesur Kula\u00e7lar\u201d, d\u00f6rd\u00fcnc\u00fc d\u00f6nemine ba\u015flad\u0131. 7 Mart 2026 \u2013 27 Haziran 2026 tarihleri aras\u0131nda ger\u00e7ekle\u015ftirilecek program kapsam\u0131nda y\u00fczme e\u011fitimi alacak olan \u00e7ocuklar suyla g\u00fcvenli bir ba\u011f kuracak ve \u00e7ok y\u00f6nl\u00fc geli\u015fimlerini destekleyecek yeni bir s\u00fcrece ad\u0131m atacak.<\/strong><\/em><\/p>\n<p>Hayat\u0131 ve gelece\u011fi iyile\u015ftirme misyonuyla toplumsal yat\u0131r\u0131m \u00e7al\u0131\u015fmalar\u0131n\u0131 s\u00fcrd\u00fcren Abdi \u0130brahim, kal\u0131c\u0131 sosyal etki yaratmay\u0131 hedefleyen projeleri kararl\u0131l\u0131kla b\u00fcy\u00fct\u00fcyor. T\u00fcrkiye Down Sendromu Derne\u011fi i\u015f birli\u011fiyle y\u00fcr\u00fct\u00fclen Cesur Kula\u00e7lar, her ge\u00e7en y\u0131l artan kat\u0131l\u0131mc\u0131 say\u0131s\u0131 ve somut geli\u015fim sonu\u00e7lar\u0131yla Abdi \u0130brahim Vakf\u0131\u2019n\u0131n en g\u00fc\u00e7l\u00fc sosyal fayda projelerinden biri haline geldi. \u00d6nceki d\u00f6nemlerde elde edilen kazan\u0131mlar ve ailelerden gelen olumlu geri bildirimler, projenin s\u00fcrd\u00fcr\u00fclebilir bir model olarak devam etmesini sa\u011flad\u0131. \u0130lk \u00fc\u00e7 d\u00f6nemde \u00e7ocuklar\u0131 suyla bulu\u015fturan proje, d\u00f6rd\u00fcnc\u00fc d\u00f6nemde de Down sendromlu \u00e7ocuklar\u0131 y\u00fczme sporuyla tan\u0131\u015ft\u0131rarak hem fiziksel hem sosyal hem de bili\u015fsel geli\u015fimlerini destekleyecek bir yolculu\u011fa \u00e7\u0131karacak.\u00a0<\/p>\n<p><strong>Suya At\u0131lan Her Kula\u00e7, G\u00fc\u00e7lenen Bir Gelecek<\/strong><\/p>\n<p>Cesur Kula\u00e7lar, y\u00fczme e\u011fitiminin \u00e7ok \u00f6tesinde; Down sendromlu \u00e7ocuklar\u0131n fiziksel ve sosyal becerilerini destekleyen b\u00fct\u00fcnc\u00fcl bir geli\u015fim program\u0131 olarak \u00f6ne \u00e7\u0131k\u0131yor. Program sayesinde \u00e7ocuklar suyla g\u00fcven ili\u015fkisi kurarken fiziksel dayan\u0131kl\u0131l\u0131klar\u0131n\u0131 art\u0131r\u0131yor ve beden koordinasyonlar\u0131n\u0131 geli\u015ftiriyor. Bununla birlikte kurs s\u00fcreci; \u00e7ocuklar\u0131n sosyal ortamlarda daha aktif rol almalar\u0131na, \u00f6zg\u00fcven kazanmalar\u0131na ve ba\u011f\u0131ms\u0131z hareket etme becerilerini g\u00fc\u00e7lendirmelerine de katk\u0131 sa\u011fl\u0131yor.<\/p>\n<p>\u00d6nceki d\u00f6nemlerde yap\u0131lan de\u011ferlendirmeler, Cesur Kula\u00e7lar\u2019a kat\u0131lan \u00e7ocuklar\u0131n fiziksel geli\u015fimlerinin yan\u0131 s\u0131ra sosyal uyum, davran\u0131\u015fsal geli\u015fim, bili\u015fsel beceriler ve \u00f6zerklik alanlar\u0131nda da belirgin ilerlemeler kaydetti\u011fini ortaya koydu.<\/p>\n<p><strong>Abdi \u0130brahim Vakf\u0131 Y\u00f6netim Kurulu Ba\u015fkan\u0131 ve Abdi \u0130brahim \u0130nsan Kaynaklar\u0131, Kurumsal \u0130leti\u015fim ve S\u00fcrd\u00fcr\u00fclebilirlik Grup Ba\u015fkan\u0131 Dr. M. O\u011fuzcan B\u00fclb\u00fcl<\/strong>\u00a0proje ile ilgili \u015funlar\u0131 s\u00f6yledi: \u201cCesur Kula\u00e7lar, bizim i\u00e7in yaln\u0131zca \u00e7ocuklara y\u00fczme \u00f6\u011fretmekten ibaret bir proje de\u011fil; onlar\u0131n \u00f6zg\u00fcvenlerini g\u00fc\u00e7lendiren, ba\u011f\u0131ms\u0131zl\u0131klar\u0131n\u0131 destekleyen ve hayata daha aktif kat\u0131l\u0131mlar\u0131na alan a\u00e7an uzun soluklu bir geli\u015fim yolculu\u011fu. \u00d6nceki d\u00f6nemlerde \u00e7ocuklar\u0131m\u0131z\u0131n g\u00f6sterdi\u011fi ilerleme ve ailelerimizden ald\u0131\u011f\u0131m\u0131z geri bildirimler, bu projenin ne kadar anlaml\u0131 ve do\u011fru bir ihtiyaca kar\u015f\u0131l\u0131k geldi\u011fini net bi\u00e7imde g\u00f6sterdi. D\u00f6rd\u00fcnc\u00fc d\u00f6nemimize ba\u015flarken ayn\u0131 heyecan\u0131 ve sorumlulu\u011fu ta\u015f\u0131yoruz. Hedefimiz, Cesur Kula\u00e7lar\u2019\u0131 her y\u0131l daha da geli\u015ftirerek daha fazla \u00e7ocu\u011fa ula\u015fmak ve kapsay\u0131c\u0131 sporun d\u00f6n\u00fc\u015ft\u00fcr\u00fcc\u00fc g\u00fcc\u00fcn\u00fc daha geni\u015f kitlelere yaymak.\u201d<\/p>\n<p>\u00a0<\/p>\n<p><strong>T\u00fcrkiye Down Sendromu Derne\u011fi Y\u00f6netim Kurulu Ba\u015fkan\u0131 G\u00fcn Bilgin ise proje ile ilgili \u015funlar\u0131 s\u00f6yledi:<\/strong><\/p>\n<p>\u201cDown sendromlu \u00e7ocuklar\u0131m\u0131z\u0131n geli\u015fiminde sporun ve \u00f6zellikle y\u00fczmenin \u00e7ok k\u0131ymetli bir yeri var. Su, \u00e7ocuklar\u0131m\u0131z i\u00e7in hem fiziksel g\u00fc\u00e7lenmenin hem de \u00f6zg\u00fcven kazanman\u0131n en etkili alanlar\u0131ndan biri. Cesur Kula\u00e7lar sayesinde \u00e7ocuklar\u0131m\u0131z yaln\u0131zca y\u00fczmeyi \u00f6\u011frenmiyor; ba\u015farma duygusunu deneyimliyor, sosyal ortamlarda daha aktif rol al\u0131yor ve ba\u011f\u0131ms\u0131zl\u0131k yolunda \u00f6nemli ad\u0131mlar at\u0131yor. T\u00fcrkiye Down Sendromu Derne\u011fi olarak, kapsay\u0131c\u0131 sporun yayg\u0131nla\u015fmas\u0131n\u0131 ve Down sendromlu bireylerin hayat\u0131n her alan\u0131nda e\u015fit f\u0131rsatlara eri\u015fmesini \u00f6nceliklendiriyoruz. Abdi \u0130brahim Vakf\u0131 ile y\u00fcr\u00fctt\u00fc\u011f\u00fcm\u00fcz bu s\u00fcrd\u00fcr\u00fclebilir i\u015f birli\u011fi, \u00f6zel gereksinimli \u00e7ocuklar\u0131m\u0131z\u0131n potansiyellerini ortaya koymalar\u0131 i\u00e7in g\u00fc\u00e7l\u00fc bir zemin olu\u015fturuyor. D\u00f6rd\u00fcnc\u00fc d\u00f6nemle birlikte daha fazla \u00e7ocu\u011fumuzun suyla g\u00fcvenli bir ba\u011f kuraca\u011f\u0131na ve geli\u015fim yolculuklar\u0131nda \u00f6nemli kazan\u0131mlar elde edece\u011fine y\u00fcrekten inan\u0131yor ve Abdi \u0130brahim Vakf\u0131\u2019na bir kez daha te\u015fekk\u00fcr ediyorum.\u201d<\/p>\n<p>\u00a0<\/p>\n<p>\u00a0<\/p>\n<p>Kaynak: (BYZHA) Beyaz Haber Ajans\u0131<\/p>\n","protected":false},"excerpt":{"rendered":"<p>T\u00fcrkiye\u2019nin iyile\u015ftiren g\u00fcc\u00fc Abdi \u0130brahim\u2019in 2021 y\u0131l\u0131nda hayata ge\u00e7irdi\u011fi Abdi \u0130brahim Vakf\u0131\u2019n\u0131n Down sendromlu \u00e7ocuklara y\u00f6nelik olan sosyal sorumluluk projesi \u201cCesur Kula\u00e7lar\u201d, d\u00f6rd\u00fcnc\u00fc d\u00f6nemine ba\u015flad\u0131.<\/p>\n","protected":false},"author":1,"featured_media":68407,"comment_status":"open","ping_status":"open","sticky":false,"template":"","format":"standard","meta":{"footnotes":""},"categories":[14],"tags":[7674,683,990,237,172],"class_list":["post-68406","post","type-post","status-publish","format-standard","has-post-thumbnail","hentry","category-spor","tag-abdi-ibrahim","tag-cocuklar","tag-gelisim","tag-proje","tag-sosyal"],"_links":{"self":[{"href":"https:\/\/bihavadis.com\/index.php\/wp-json\/wp\/v2\/posts\/68406","targetHints":{"allow":["GET"]}}],"collection":[{"href":"https:\/\/bihavadis.com\/index.php\/wp-json\/wp\/v2\/posts"}],"about":[{"href":"https:\/\/bihavadis.com\/index.php\/wp-json\/wp\/v2\/types\/post"}],"author":[{"embeddable":true,"href":"https:\/\/bihavadis.com\/index.php\/wp-json\/wp\/v2\/users\/1"}],"replies":[{"embeddable":true,"href":"https:\/\/bihavadis.com\/index.php\/wp-json\/wp\/v2\/comments?post=68406"}],"version-history":[{"count":1,"href":"https:\/\/bihavadis.com\/index.php\/wp-json\/wp\/v2\/posts\/68406\/revisions"}],"predecessor-version":[{"id":68408,"href":"https:\/\/bihavadis.com\/index.php\/wp-json\/wp\/v2\/posts\/68406\/revisions\/68408"}],"wp:featuredmedia":[{"embeddable":true,"href":"https:\/\/bihavadis.com\/index.php\/wp-json\/wp\/v2\/media\/68407"}],"wp:attachment":[{"href":"https:\/\/bihavadis.com\/index.php\/wp-json\/wp\/v2\/media?parent=68406"}],"wp:term":[{"taxonomy":"category","embeddable":true,"href":"https:\/\/bihavadis.com\/index.php\/wp-json\/wp\/v2\/categories?post=68406"},{"taxonomy":"post_tag","embeddable":true,"href":"https:\/\/bihavadis.com\/index.php\/wp-json\/wp\/v2\/tags?post=68406"}],"curies":[{"name":"wp","href":"https:\/\/api.w.org\/{rel}","templated":true}]}}