{"id":68484,"date":"2026-03-09T20:45:07","date_gmt":"2026-03-09T20:45:07","guid":{"rendered":"https:\/\/bihavadis.com\/?p=68484"},"modified":"2026-03-09T20:45:07","modified_gmt":"2026-03-09T20:45:07","slug":"cankayada-8-martta-kadin-dayanismasi-ve-esitlik-vurgusu","status":"publish","type":"post","link":"https:\/\/bihavadis.com\/index.php\/2026\/03\/09\/cankayada-8-martta-kadin-dayanismasi-ve-esitlik-vurgusu\/","title":{"rendered":"\u00c7ankaya&#8217;da 8 Mart&#8217;ta Kad\u0131n Dayan\u0131\u015fmas\u0131 ve E\u015fitlik Vurgusu&#8221;"},"content":{"rendered":"<p><b>\u00c7ankaya Belediyesi, 8 Mart D\u00fcnya Emek\u00e7i Kad\u0131nlar G\u00fcn\u00fc kapsam\u0131nda d\u00fczenledi\u011fi etkinliklerle kad\u0131nlar\u0131n e\u015fitlik ve \u00f6zg\u00fcrl\u00fck m\u00fccadelesine dikkat \u00e7ekti. K\u00fclt\u00fcr, sanat ve s\u00f6yle\u015fi programlar\u0131yla ger\u00e7ekle\u015fen etkinliklerde kad\u0131n dayan\u0131\u015fmas\u0131 ve toplumsal cinsiyet e\u015fitli\u011fi vurgusu \u00f6ne \u00e7\u0131kt\u0131.<\/b><\/p>\n<p>\u00c7ankaya Belediyesi, 8 Mart D\u00fcnya Emek\u00e7i Kad\u0131nlar G\u00fcn\u00fc dolay\u0131s\u0131yla ger\u00e7ekle\u015ftirdi\u011fi etkinliklerle kad\u0131nlar\u0131n e\u015fitlik ve \u00f6zg\u00fcrl\u00fck m\u00fccadelesine dikkat \u00e7ekti. K\u00fclt\u00fcr, sanat ve s\u00f6yle\u015filerden olu\u015fan programlarda kad\u0131n dayan\u0131\u015fmas\u0131 ve toplumsal cinsiyet e\u015fitli\u011fi mesaj\u0131 verildi.<\/p>\n<p>8 Mart etkinlikleri kapsam\u0131nda \u00c7ankaya\u2019n\u0131n farkl\u0131 k\u00fclt\u00fcr merkezlerinde ger\u00e7ekle\u015ftirilen programlarda kad\u0131nlar\u0131n toplumsal ya\u015famda e\u015fit haklara sahip olmas\u0131 gerekti\u011fine dikkat \u00e7ekildi. S\u00f6yle\u015fi ve dinleti programlar\u0131nda kad\u0131nlar\u0131n tarihsel m\u00fccadelesi, g\u00fcncel sorunlar\u0131 ve e\u015fitlik talebi ele al\u0131nd\u0131.<\/p>\n<p><b>ETK\u0130NL\u0130KLERLE DAYANI\u015eMAYI B\u00dcY\u00dcTT\u00dcLER<\/b><\/p>\n<p>Etkinlikler kapsam\u0131nda ilk olarak \u00c7ankaya Belediyesi Ba\u015fkanl\u0131k Binas\u0131 avlusunda d\u00f6viz at\u00f6lyesi d\u00fczenlendi. Belediyenin farkl\u0131 birimlerinde g\u00f6rev yapan kad\u0131nlar, \u00e7al\u0131\u015fma arkada\u015flar\u0131yla birlikte toplumsal cinsiyet e\u015fitli\u011fine dikkat \u00e7eken d\u00f6vizleri hep birlikte haz\u0131rlad\u0131.<\/p>\n<p>Ya\u015far Kemal K\u00fclt\u00fcr Merkezi ise iki etkinli\u011fe birden ev sahipli\u011fi yapt\u0131. Hediyelik Ke\u00e7e At\u00f6lyesi\u2019nde kad\u0131nlar el eme\u011fi \u00fcr\u00fcnler haz\u0131rlay\u0131p deprem b\u00f6lgesindeki k\u0131z \u00e7ocuklar\u0131na g\u00f6ndermek i\u00e7in \u00fcretirken,\u00a0\u201cD\u00fcnyay\u0131 \u0130\u015flemek\u201d ba\u015fl\u0131kl\u0131 s\u00f6yle\u015fide ise Aksu Bora ve \u00d6zlem Erden Aki, kad\u0131n eme\u011fi, toplumsal cinsiyet e\u015fitli\u011fi ve kad\u0131nlar\u0131n kamusal alandaki g\u00f6r\u00fcn\u00fcrl\u00fc\u011f\u00fc \u00fczerine de\u011ferlendirmelerde bulundu. Kat\u0131l\u0131mc\u0131lar\u0131n da dahil oldu\u011fu s\u00f6yle\u015fide kad\u0131nlar\u0131n tarihsel m\u00fccadelesi ve dayan\u0131\u015fman\u0131n \u00f6nemi ele al\u0131nd\u0131.<\/p>\n<p><b>G\u00dc\u00c7L\u00dcY\u00dcZ \u00c7\u00dcNK\u00dc\u2026<\/b><\/p>\n<p>\u00c7ankaya Belediyesi Ba\u015fkanl\u0131k Binas\u0131 Kad\u0131n Dan\u0131\u015fma Merkezi \u00f6n\u00fcnde ger\u00e7ekle\u015ftirilen \u201cG\u00fc\u00e7l\u00fc Kad\u0131nlar\u0131n \u0130zinden Gidiyoruz\u201d etkinli\u011finde ise T\u00fcrkiye tarihine damgas\u0131n\u0131 vuran kad\u0131nlar ve ba\u015far\u0131lar\u0131 sergilendi. Ayr\u0131ca kad\u0131nlar, \u201cG\u00fc\u00e7l\u00fcy\u00fcz \u00e7\u00fcnk\u00fc\u2026\u201d ifadesiyle ba\u015flayan notlar haz\u0131rlay\u0131p \u00f6zel olarak yerle\u015ftirilen panoyu kendi hikayeleriyle doldurdu. Kad\u0131nlar, neden g\u00fc\u00e7l\u00fc olduklar\u0131n\u0131 notlar\u0131nda payla\u015farak dayan\u0131\u015fma ve g\u00fc\u00e7 mesajlar\u0131n\u0131 g\u00f6r\u00fcn\u00fcr k\u0131ld\u0131.<\/p>\n<p><b>\u00d6RG\u00dc \u00d6REREK F\u0130LM \u0130ZLED\u0130LER<\/b><\/p>\n<p>Programda son olarak cumartesi g\u00fcn\u00fc \u00c7a\u011fda\u015f Sanatlar Merkezi\u2019nde d\u00fczenlenen film g\u00f6steriminde kad\u0131nlar \u201cLohusa\u201d filmini birlikte izledi. \u201cT\u0131\u011f\u0131n\u0131, \u015fi\u015fini, \u00f6rg\u00fcn\u00fc, nak\u0131\u015f\u0131n\u0131 al gel\u201d \u00e7a\u011fr\u0131s\u0131yla duyurulan etkinli\u011fe kom\u015fular yo\u011fun ilgi g\u00f6sterdi. Kad\u0131nlar bir yandan el i\u015flerini yaparken bir yandan filmi izleyerek keyifli ve dayan\u0131\u015fma dolu bir g\u00fcn ge\u00e7irdi.<\/p>\n<p>\u00a0<\/p>\n<p>\u00a0<\/p>\n<p>Kaynak: (BYZHA) Beyaz Haber Ajans\u0131<\/p>\n","protected":false},"excerpt":{"rendered":"<p>\u00c7ankaya Belediyesi, 8 Mart D\u00fcnya Emek\u00e7i Kad\u0131nlar G\u00fcn\u00fc kapsam\u0131nda d\u00fczenledi\u011fi etkinliklerle kad\u0131nlar\u0131n e\u015fitlik ve \u00f6zg\u00fcrl\u00fck m\u00fccadelesine dikkat \u00e7ekti.<\/p>\n","protected":false},"author":1,"featured_media":68485,"comment_status":"open","ping_status":"open","sticky":false,"template":"","format":"standard","meta":{"footnotes":""},"categories":[4],"tags":[2671,1057,236,1614,1631],"class_list":["post-68484","post","type-post","status-publish","format-standard","has-post-thumbnail","hentry","category-gundem","tag-dayanisma","tag-esit","tag-gun","tag-kadinlar","tag-toplumsal"],"_links":{"self":[{"href":"https:\/\/bihavadis.com\/index.php\/wp-json\/wp\/v2\/posts\/68484","targetHints":{"allow":["GET"]}}],"collection":[{"href":"https:\/\/bihavadis.com\/index.php\/wp-json\/wp\/v2\/posts"}],"about":[{"href":"https:\/\/bihavadis.com\/index.php\/wp-json\/wp\/v2\/types\/post"}],"author":[{"embeddable":true,"href":"https:\/\/bihavadis.com\/index.php\/wp-json\/wp\/v2\/users\/1"}],"replies":[{"embeddable":true,"href":"https:\/\/bihavadis.com\/index.php\/wp-json\/wp\/v2\/comments?post=68484"}],"version-history":[{"count":1,"href":"https:\/\/bihavadis.com\/index.php\/wp-json\/wp\/v2\/posts\/68484\/revisions"}],"predecessor-version":[{"id":68486,"href":"https:\/\/bihavadis.com\/index.php\/wp-json\/wp\/v2\/posts\/68484\/revisions\/68486"}],"wp:featuredmedia":[{"embeddable":true,"href":"https:\/\/bihavadis.com\/index.php\/wp-json\/wp\/v2\/media\/68485"}],"wp:attachment":[{"href":"https:\/\/bihavadis.com\/index.php\/wp-json\/wp\/v2\/media?parent=68484"}],"wp:term":[{"taxonomy":"category","embeddable":true,"href":"https:\/\/bihavadis.com\/index.php\/wp-json\/wp\/v2\/categories?post=68484"},{"taxonomy":"post_tag","embeddable":true,"href":"https:\/\/bihavadis.com\/index.php\/wp-json\/wp\/v2\/tags?post=68484"}],"curies":[{"name":"wp","href":"https:\/\/api.w.org\/{rel}","templated":true}]}}