{"id":68503,"date":"2026-03-09T21:03:06","date_gmt":"2026-03-09T21:03:06","guid":{"rendered":"https:\/\/bihavadis.com\/?p=68503"},"modified":"2026-03-09T21:03:06","modified_gmt":"2026-03-09T21:03:06","slug":"niluferin-sultanlari-8-martta-taraftariyla-bulustu","status":"publish","type":"post","link":"https:\/\/bihavadis.com\/index.php\/2026\/03\/09\/niluferin-sultanlari-8-martta-taraftariyla-bulustu\/","title":{"rendered":"Nil\u00fcfer&#8217;in Sultanlar\u0131 8 Mart&#8217;ta taraftar\u0131yla bulu\u015ftu"},"content":{"rendered":"<p><b>Vodafone Sultanlar Ligi\u2019nde Bursa\u2019y\u0131 ba\u015far\u0131yla temsil eden Nil\u00fcfer Belediyespor Eker Kad\u0131n Voleybol Tak\u0131m\u0131, 8 Mart D\u00fcnya Kad\u0131nlar G\u00fcn\u00fc dolay\u0131s\u0131yla d\u00fczenlenen imza g\u00fcn\u00fcnde taraftar\u0131yla bir araya geldi. Etkinlikte konu\u015fan Nil\u00fcfer Belediye Ba\u015fkan\u0131 \u015eadi \u00d6zdemir, \u201cNil\u00fcfer\u2019i bir kad\u0131n kenti olarak g\u00f6r\u00fcyor, gen\u00e7 k\u0131zlar\u0131m\u0131z\u0131n sporla b\u00fcy\u00fcmelerini sa\u011flamaya \u00e7al\u0131\u015f\u0131yoruz\u201d dedi.<\/b><\/p>\n<p>Nil\u00fcfer Belediyespor Eker Kad\u0131n Voleybol Tak\u0131m\u0131, 8 Mart D\u00fcnya Kad\u0131nlar G\u00fcn\u00fc kapsam\u0131nda d\u00fczenlenen imza g\u00fcn\u00fcnde taraftar\u0131yla bulu\u015ftu. Sevgi Yolu\u2019nda me\u015falelerle kar\u015f\u0131lanan sporcular, sahneye alk\u0131\u015flar e\u015fli\u011finde \u00e7\u0131kt\u0131.<\/p>\n<p>Co\u015fkulu anlara sahne olan bulu\u015fmada, Nil\u00fcfer Belediye Ba\u015fkan\u0131 \u015eadi \u00d6zdemir\u2019in e\u015fi Nuray \u00d6zdemir ile Eker Spor Kul\u00fcb\u00fc Ba\u015fkan\u0131 Ece Eker, voleybolculara g\u00fcn\u00fcn an\u0131s\u0131na \u00e7i\u00e7ek takdim etti.<\/p>\n<p>Etkinlikte konu\u015fan Nil\u00fcfer Belediye Ba\u015fkan\u0131 \u015eadi \u00d6zdemir, tak\u0131m\u0131n bu sezonki performans\u0131ndan duydu\u011fu memnuniyeti dile getirdi. Esas ba\u015far\u0131n\u0131n sporculara ait oldu\u011funu vurgulayan Ba\u015fkan \u015eadi \u00d6zdemir, \u201cBiz sadece uygun ortam\u0131 haz\u0131rl\u0131yoruz, arkada\u015flar\u0131m\u0131z b\u00fcy\u00fck bir emek veriyor. \u00c7ok \u00e7al\u0131\u015farak bu sezon y\u00fcz\u00fcm\u00fcz\u00fc g\u00fcld\u00fcrd\u00fcler. Kendilerini tebrik ediyor, seneye daha da iyi bir sezon ge\u00e7irmelerini diliyorum\u201d diye konu\u015ftu.<\/p>\n<p>Ba\u015fkan \u015eadi \u00d6zdemir, tak\u0131m\u0131n ana sponsoru Eker ailesine de desteklerinden dolay\u0131 te\u015fekk\u00fcr ederek, \u201cBizi hi\u00e7 yaln\u0131z b\u0131rakmad\u0131lar ve devaml\u0131 yan\u0131m\u0131zda oldular. Ahmet Eker ve Ece Eker\u2019e destekleri i\u00e7in ayr\u0131ca te\u015fekk\u00fcr ediyoruz\u201d dedi.<\/p>\n<p><b>N\u0130L\u00dcFER\u2019DE GEN\u00c7 KIZLAR SPORLA B\u00dcY\u00dcYOR<\/b><\/p>\n<p>8 Mart D\u00fcnya Kad\u0131nlar G\u00fcn\u00fc vesilesiyle kad\u0131n sporcular\u0131n elde etti\u011fi di\u011fer ba\u015far\u0131lara da dikkat \u00e7eken Ba\u015fkan \u015eadi \u00d6zdemir, \u015funlar\u0131 s\u00f6yledi: \u201cKad\u0131n voleybol gen\u00e7 tak\u0131m\u0131m\u0131z 2. Lig\u2019de \u015fampiyon olarak 1. Lig\u2019e y\u00fckseldi. Kad\u0131n basketbolda ise U16 ve U18 tak\u0131mlar\u0131m\u0131z Bursa \u015fampiyonu oldu. Nil\u00fcfer\u2019i bir \u2018kad\u0131n kenti\u2019 olarak g\u00f6r\u00fcyor, gen\u00e7 k\u0131zlar\u0131m\u0131z\u0131n her zaman \u00f6n\u00fcn\u00fc a\u00e7\u0131p sporla b\u00fcy\u00fcmelerini ve k\u00f6t\u00fc al\u0131\u015fkanl\u0131klardan uzak durmalar\u0131n\u0131 sa\u011flamaya \u00e7al\u0131\u015f\u0131yoruz. Bu ba\u015far\u0131larda eme\u011fi ge\u00e7en ba\u015fta antren\u00f6rlerimiz ve teknik ekibimiz olmak \u00fczere t\u00fcm sporcu karde\u015flerimize, kul\u00fcp y\u00f6netimimize ve sponsorlar\u0131m\u0131za te\u015fekk\u00fcr ediyorum.\u201d<\/p>\n<p>Konu\u015fmalar\u0131n ard\u0131ndan voleybolcular, kendileri i\u00e7in ayr\u0131lan alana ge\u00e7erek taraftarlar\u0131n forma, atk\u0131 ve \u00e7e\u015fitli \u00fcr\u00fcnlerini imzalad\u0131. Tak\u0131m maskotu Z\u0131p\u0131r\u2019\u0131n da renk katt\u0131\u011f\u0131 etkinlikte sporcular, sevenleriyle bol bol foto\u011fraf \u00e7ektirip sohbet etme imk\u00e2n\u0131 buldu.<\/p>\n<p>\u00a0<\/p>\n<p>\u00a0<\/p>\n<p>Kaynak: (BYZHA) Beyaz Haber Ajans\u0131<\/p>\n","protected":false},"excerpt":{"rendered":"<p>Vodafone Sultanlar Ligi\u2019nde Bursa\u2019y\u0131 ba\u015far\u0131yla temsil eden Nil\u00fcfer Belediyespor Eker Kad\u0131n Voleybol Tak\u0131m\u0131, 8 Mart D\u00fcnya Kad\u0131nlar G\u00fcn\u00fc dolay\u0131s\u0131yla d\u00fczenlenen imza g\u00fcn\u00fcnde taraftar\u0131yla bir araya geldi.<\/p>\n","protected":false},"author":1,"featured_media":68504,"comment_status":"open","ping_status":"open","sticky":false,"template":"","format":"standard","meta":{"footnotes":""},"categories":[14],"tags":[516,7684,380,440,366],"class_list":["post-68503","post","type-post","status-publish","format-standard","has-post-thumbnail","hentry","category-spor","tag-baskan","tag-eker","tag-kadin","tag-spor","tag-takim"],"_links":{"self":[{"href":"https:\/\/bihavadis.com\/index.php\/wp-json\/wp\/v2\/posts\/68503","targetHints":{"allow":["GET"]}}],"collection":[{"href":"https:\/\/bihavadis.com\/index.php\/wp-json\/wp\/v2\/posts"}],"about":[{"href":"https:\/\/bihavadis.com\/index.php\/wp-json\/wp\/v2\/types\/post"}],"author":[{"embeddable":true,"href":"https:\/\/bihavadis.com\/index.php\/wp-json\/wp\/v2\/users\/1"}],"replies":[{"embeddable":true,"href":"https:\/\/bihavadis.com\/index.php\/wp-json\/wp\/v2\/comments?post=68503"}],"version-history":[{"count":1,"href":"https:\/\/bihavadis.com\/index.php\/wp-json\/wp\/v2\/posts\/68503\/revisions"}],"predecessor-version":[{"id":68505,"href":"https:\/\/bihavadis.com\/index.php\/wp-json\/wp\/v2\/posts\/68503\/revisions\/68505"}],"wp:featuredmedia":[{"embeddable":true,"href":"https:\/\/bihavadis.com\/index.php\/wp-json\/wp\/v2\/media\/68504"}],"wp:attachment":[{"href":"https:\/\/bihavadis.com\/index.php\/wp-json\/wp\/v2\/media?parent=68503"}],"wp:term":[{"taxonomy":"category","embeddable":true,"href":"https:\/\/bihavadis.com\/index.php\/wp-json\/wp\/v2\/categories?post=68503"},{"taxonomy":"post_tag","embeddable":true,"href":"https:\/\/bihavadis.com\/index.php\/wp-json\/wp\/v2\/tags?post=68503"}],"curies":[{"name":"wp","href":"https:\/\/api.w.org\/{rel}","templated":true}]}}