{"id":68521,"date":"2026-03-09T21:15:12","date_gmt":"2026-03-09T21:15:12","guid":{"rendered":"https:\/\/bihavadis.com\/?p=68521"},"modified":"2026-03-09T21:15:12","modified_gmt":"2026-03-09T21:15:12","slug":"boluda-takla-atan-aracta-4-yarali","status":"publish","type":"post","link":"https:\/\/bihavadis.com\/index.php\/2026\/03\/09\/boluda-takla-atan-aracta-4-yarali\/","title":{"rendered":"Bolu&#8217;da Takla Atan Ara\u00e7ta 4 Yaral\u0131"},"content":{"rendered":"<p>\n<p>BOLU&#8217;nun Gerede il\u00e7esinde otomobilin takla att\u0131\u011f\u0131 kazada 4 ki\u015fi yaraland\u0131.<\/p>\n<p>Kaza, \u00f6\u011fle saatlerinde Gerede il\u00e7esi Akta\u015f mevkisinde meydana geldi. \u0130stanbul y\u00f6n\u00fcne giden Ali \u0130hsan S. y\u00f6netimindeki 06 FV 9278 plakal\u0131 otomobil, s\u00fcr\u00fcc\u00fcs\u00fcn\u00fcn direksiyon kontrol\u00fcn\u00fc kaybetmesi sonucu takla att\u0131. Kazada s\u00fcr\u00fcc\u00fc ile yan\u0131ndaki Hatice S., Emre C.S. ve Eren S.T. yaraland\u0131. Yoldan ge\u00e7en di\u011fer ara\u00e7 s\u00fcr\u00fcc\u00fcleri, durumu 112 Acil \u00c7a\u011fr\u0131 Merkezi&#8217;ne bildirdi. \u0130hbar \u00fczerine b\u00f6lgeye sa\u011fl\u0131k ve jandarma ekipleri sevk edildi. \u0130lk m\u00fcdahaleleri kaza yerinde yap\u0131lan yaral\u0131lar Gerede Devlet Hastanesi&#8217;ne kald\u0131r\u0131ld\u0131. Tedaviye al\u0131nan yaral\u0131lar\u0131n sa\u011fl\u0131k durumlar\u0131n\u0131n iyi oldu\u011fu \u00f6\u011frenildi.<\/p>\n<p>Jandarma, kazayla ilgili inceleme ba\u015flatt\u0131. <\/p>\n","protected":false},"excerpt":{"rendered":"<p>Bolu Gerede&#8217;de otomobil takla att\u0131, 4 ki\u015fi yaraland\u0131. Yaral\u0131lar hastaneye kald\u0131r\u0131ld\u0131.<\/p>\n","protected":false},"author":1,"featured_media":68522,"comment_status":"open","ping_status":"open","sticky":false,"template":"","format":"standard","meta":{"footnotes":""},"categories":[9,4,13],"tags":[283],"class_list":["post-68521","post","type-post","status-publish","format-standard","has-post-thumbnail","hentry","category-genel","category-gundem","category-son-dakika","tag-kaza"],"_links":{"self":[{"href":"https:\/\/bihavadis.com\/index.php\/wp-json\/wp\/v2\/posts\/68521","targetHints":{"allow":["GET"]}}],"collection":[{"href":"https:\/\/bihavadis.com\/index.php\/wp-json\/wp\/v2\/posts"}],"about":[{"href":"https:\/\/bihavadis.com\/index.php\/wp-json\/wp\/v2\/types\/post"}],"author":[{"embeddable":true,"href":"https:\/\/bihavadis.com\/index.php\/wp-json\/wp\/v2\/users\/1"}],"replies":[{"embeddable":true,"href":"https:\/\/bihavadis.com\/index.php\/wp-json\/wp\/v2\/comments?post=68521"}],"version-history":[{"count":1,"href":"https:\/\/bihavadis.com\/index.php\/wp-json\/wp\/v2\/posts\/68521\/revisions"}],"predecessor-version":[{"id":68523,"href":"https:\/\/bihavadis.com\/index.php\/wp-json\/wp\/v2\/posts\/68521\/revisions\/68523"}],"wp:featuredmedia":[{"embeddable":true,"href":"https:\/\/bihavadis.com\/index.php\/wp-json\/wp\/v2\/media\/68522"}],"wp:attachment":[{"href":"https:\/\/bihavadis.com\/index.php\/wp-json\/wp\/v2\/media?parent=68521"}],"wp:term":[{"taxonomy":"category","embeddable":true,"href":"https:\/\/bihavadis.com\/index.php\/wp-json\/wp\/v2\/categories?post=68521"},{"taxonomy":"post_tag","embeddable":true,"href":"https:\/\/bihavadis.com\/index.php\/wp-json\/wp\/v2\/tags?post=68521"}],"curies":[{"name":"wp","href":"https:\/\/api.w.org\/{rel}","templated":true}]}}