{"id":68609,"date":"2026-03-09T22:24:07","date_gmt":"2026-03-09T22:24:07","guid":{"rendered":"https:\/\/bihavadis.com\/?p=68609"},"modified":"2026-03-09T22:24:07","modified_gmt":"2026-03-09T22:24:07","slug":"turkiye-cin-ekonomik-iliskileri-gucleniyor","status":"publish","type":"post","link":"https:\/\/bihavadis.com\/index.php\/2026\/03\/09\/turkiye-cin-ekonomik-iliskileri-gucleniyor\/","title":{"rendered":"T\u00fcrkiye-\u00c7in Ekonomik \u0130li\u015fkileri G\u00fc\u00e7leniyor"},"content":{"rendered":"<p>Ticaret Bakan\u0131 \u00d6mer Bolat, T\u00fcrkiye&#8217;de 1419 \u00c7in firmas\u0131n\u0131n faaliyet g\u00f6sterdi\u011fini belirterek, &#8220;Yat\u0131r\u0131m miktar\u0131 olarak T\u00fcrkiye&#8217;den \u00c7in&#8217;e 175 milyon dolar, \u00c7in&#8217;den de T\u00fcrkiye&#8217;ye 3,2 milyar dolarl\u0131k bir yat\u0131r\u0131m hacmi s\u00f6z konusu.&#8221; dedi.<\/p>\n<p>D\u0131\u015f Ekonomik \u0130li\u015fkiler Kurulu (DE\u0130K), T\u00fcrk Sanayicileri ve \u0130\u015f \u0130nsanlar\u0131 Derne\u011fi (T\u00dcS\u0130AD) ile \u00c7in Uluslararas\u0131 Ticareti Destekleme Konseyi (CCPIT) taraf\u0131ndan \u0130stanbul&#8217;da bir otelde d\u00fczenlenen 3. T\u00fcrkiye-\u00c7in \u0130\u015f Konferans\u0131, Bakan Bolat&#8217;\u0131n kat\u0131l\u0131m\u0131yla ger\u00e7ekle\u015ftirildi.<\/p>\n<p>4. \u00c7in Uluslararas\u0131 Tedarik Zinciri Fuar\u0131&#8217;n\u0131n tan\u0131t\u0131ld\u0131\u011f\u0131 konferansta, &#8220;DE\u0130K ile CCPIT&#8221;, &#8220;T\u00dcS\u0130AD ile CCPIT&#8221; ve China International Expo Center (CIEC) ve ATA Holding aras\u0131nda i\u015fbirli\u011fi anla\u015fmas\u0131 imzaland\u0131.<\/p>\n<p>Bakan Bolat, burada yapt\u0131\u011f\u0131 konu\u015fmada, T\u00fcrkiye-\u00c7in diplomatik ili\u015fkilerinin 55. y\u0131l\u0131n\u0131n kutland\u0131\u011f\u0131n\u0131 an\u0131msatarak, etkinli\u011fin ve 4. \u00c7in Uluslararas\u0131 Tedarik Zinciri Fuar\u0131 tan\u0131t\u0131m\u0131n\u0131n ger\u00e7ekle\u015ftirilmesinin iki \u00fclke ili\u015fkilerine b\u00fcy\u00fck katk\u0131 yapaca\u011f\u0131n\u0131 bildirdi.<\/p>\n<p>Konferanstan \u00f6nce \u00c7in heyetiyle g\u00f6r\u00fc\u015fmelerinde T\u00fcrkiye ve \u00c7in ekonomik ili\u015fkilerini her alanda geli\u015ftirme noktas\u0131ndaki konular\u0131 ele ald\u0131klar\u0131n\u0131 aktaran Bolat, kar\u015f\u0131l\u0131kl\u0131 yap\u0131lacak hususlar\u0131 ve beklentileri konu\u015farak samimi yap\u0131c\u0131 bir g\u00f6r\u00fc\u015fme ger\u00e7ekle\u015ftirdiklerini ifade etti.<\/p>\n<p>Bolat, d\u00fcnya ekonomisi ve d\u00fcnya ticaretinin \u00e7etin bir d\u00f6nemden ge\u00e7mekte oldu\u011funa dikkati \u00e7ekerek, &#8220;Ge\u00e7en y\u0131l, d\u00fcnyada siyasi, askeri, ekonomi, parasal ve ticaret sistemleri a\u00e7\u0131s\u0131ndan ciddi sars\u0131nt\u0131lar\u0131n ya\u015fand\u0131\u011f\u0131 bir y\u0131l oldu. D\u00fcnya ekonomisinin motoru olan k\u00fcresel ticaretin kar\u015f\u0131la\u015ft\u0131\u011f\u0131 g\u00fc\u00e7l\u00fckler herkesin malumu.&#8221; diye konu\u015ftu.<\/p>\n<p>&#8220;D\u00fcnya halklar\u0131n\u0131n ekonomik refahlar\u0131n\u0131n artmas\u0131 noktas\u0131nda ticarete ihtiyac\u0131m\u0131z var&#8221;<\/p>\n<p>Uluslararas\u0131 Para Fonu (IMF) verilerine g\u00f6re ge\u00e7en y\u0131l d\u00fcnya ekonomisinin y\u00fczde 3,2 b\u00fcy\u00fcd\u00fc\u011f\u00fcn\u00fc vurgulayan \u00d6mer Bolat, bu y\u0131l i\u00e7in de y\u00fczde 3,1 b\u00fcy\u00fcme tahmininin oldu\u011funu kaydetti.<\/p>\n<p>Bolat, d\u00fcnya ticareti i\u00e7in ge\u00e7en y\u0131l y\u00fczde 2,5&#8217;lik bir b\u00fcy\u00fcme kar\u015f\u0131s\u0131nda bu y\u0131l i\u00e7in y\u00fczde 0,6&#8217;l\u0131k c\u0131l\u0131z bir art\u0131\u015f tahminlerinin oldu\u011funu belirterek, &#8220;\u00dcmit ediyoruz ki \u00f6n\u00fcm\u00fczdeki aylardaki ger\u00e7ekle\u015fmeler ve tahminler bu oran\u0131n \u00fcst\u00fcnde olur. D\u00fcnya halklar\u0131n\u0131n ekonomik refahlar\u0131n\u0131n artmas\u0131 noktas\u0131nda ticarete ihtiyac\u0131m\u0131z var.&#8221; de\u011ferlendirmesinde bulundu.<\/p>\n<p>Birle\u015fmi\u015f Milletler (BM) Ticaret ve Kalk\u0131nma Ajans\u0131 (UNCTAD) verilerine g\u00f6re k\u00fcresel do\u011frudan yat\u0131r\u0131mlar\u0131n 2024-2025 y\u0131llar\u0131nda 1,5 trilyon dolar civar\u0131nda oldu\u011funu an\u0131msatan Bolat, &#8220;Tedarik zincirleri yeniden \u015fekilleniyor. Maliyetler ve riskler art\u0131yor. \u00d6ng\u00f6r\u00fclebilirlik noktas\u0131nda da ciddi bir geriye gidi\u015f var. Bizlerin g\u00f6revleri de bu anlamda \u00f6ng\u00f6r\u00fclebilir, d\u00fczenli i\u015fleyen bir k\u00fcresel ticaret sistemini ortaya koymak.&#8221; a\u00e7\u0131klamas\u0131n\u0131 yapt\u0131.<\/p>\n<p>&#8220;T\u00fcrkiye-\u00c7in toplam ticaretinin ge\u00e7en y\u0131l 53 milyar dolar olarak ger\u00e7ekle\u015fti\u011fini g\u00f6r\u00fcyoruz&#8221;<\/p>\n<p>Bakan Bolat, T\u00fcrkiye ekonomisinin tarihinde ilk defa ge\u00e7en y\u0131l 1,5 trilyon dolarl\u0131k milli gelire ula\u015ft\u0131\u011f\u0131n\u0131 ifade ederek, ki\u015fi ba\u015f\u0131na milli gelirin de yakla\u015f\u0131k 18 bin dolar\u0131 a\u015fmakta oldu\u011funa dikkati \u00e7ekti.<\/p>\n<p>Toplam mal ve hizmet ihracat\u0131nda 397 milyar dolarl\u0131k b\u00fcy\u00fckl\u00fc\u011fe ula\u015f\u0131ld\u0131\u011f\u0131n\u0131 hat\u0131rlatan Bolat, &#8220;T\u00fcrkiye-\u00c7in toplam ticaretinin ge\u00e7en y\u0131l 53 milyar dolar olarak ger\u00e7ekle\u015fti\u011fini g\u00f6r\u00fcyoruz. Burada \u00f6zellikle d\u0131\u015f ticaretimizde, \u00c7in lehine olan b\u00fcy\u00fck fazla noktas\u0131nda \u00c7inli ortaklar\u0131m\u0131za da bu a\u00e7\u0131\u011f\u0131n kapat\u0131lmas\u0131 konusundaki tekliflerimizi yapm\u0131\u015f bulunuyoruz.&#8221; dedi.<\/p>\n<p>Bolat, T\u00fcrkiye ile \u00c7in aras\u0131ndaki d\u0131\u015f ticaret a\u00e7\u0131\u011f\u0131n\u0131 kapatma noktas\u0131nda yap\u0131sal bir d\u00f6n\u00fc\u015f\u00fcm \u00f6nerdiklerini dile getirerek, &#8220;Bu noktada samimi g\u00f6r\u00fc\u015fmelerimiz devam ediyor. Amac\u0131m\u0131z, ticareti daraltmak de\u011fil, tam tersine T\u00fcrkiye&#8217;nin de \u00c7in pazar\u0131nda daha fazla g\u00f6r\u00fcn\u00fcr olmas\u0131, pay\u0131n\u0131n artmas\u0131, \u00fcr\u00fcn \u00e7e\u015fitlili\u011finin sa\u011flanmas\u0131, katma de\u011feri y\u00fcksek \u00fcr\u00fcnlerle, kazan kazan ilkesiyle dengeli bir ticaretin yap\u0131sal temellerini olu\u015fturmakt\u0131r. Bu y\u0131l ilk ayda T\u00fcrkiye&#8217;den \u00c7in&#8217;e ihracat\u0131n y\u00fczde 32 art\u0131\u015fla 335 milyon dolara y\u00fckselmesi, bu konuda att\u0131\u011f\u0131m\u0131z ad\u0131mlar noktas\u0131nda bizleri \u00fcmitli k\u0131lmaktad\u0131r.&#8221; \u015feklinde konu\u015ftu.<\/p>\n<p>&#8220;T\u00fcrkiye&#8217;de 1419 \u00c7in firmas\u0131 faaliyet g\u00f6steriyor&#8221;<\/p>\n<p>Gerek tek tarafl\u0131 olarak gerekse ortak yat\u0131r\u0131mlarla T\u00fcrkiye ile \u00c7in aras\u0131nda baz\u0131 f\u0131rsatlar oldu\u011funa inand\u0131klar\u0131n\u0131 belirten \u00d6mer Bolat, &#8220;T\u00fcrkiye&#8217;den \u00c7in&#8217;e yat\u0131r\u0131m konusunda yakla\u015f\u0131k 1465 T\u00fcrk firmas\u0131 \u00c7in&#8217;de i\u015ftigal ediyor.&#8221; bilgisini verdi.<\/p>\n<p>Bolat, T\u00fcrkiye&#8217;de 1419 \u00c7in firmas\u0131n\u0131n faaliyet g\u00f6sterdi\u011fini aktararak, &#8220;Yat\u0131r\u0131m miktar\u0131 olarak T\u00fcrkiye&#8217;den \u00c7in&#8217;e 175 milyon dolar, \u00c7in&#8217;den de T\u00fcrkiye&#8217;ye 3,2 milyar dolarl\u0131k bir yat\u0131r\u0131m hacmi s\u00f6z konusu.&#8221; ifadesini kulland\u0131.<\/p>\n<p> Finans, enerji, hizmetler ve ula\u015ft\u0131rma ile telekom\u00fcnikasyon alan\u0131nda \u00f6nemli \u00c7in yat\u0131r\u0131mlar\u0131n\u0131n bulundu\u011funa i\u015faret eden Bolat, \u00c7in&#8217;in toplamda d\u00fcnyaya 3,1 trilyon dolarl\u0131k do\u011frudan yat\u0131r\u0131m hacminin oldu\u011funu, buna ba\u011fl\u0131 olarak T\u00fcrkiye&#8217;deki yat\u0131r\u0131mlar\u0131n\u0131n da \u00e7ok daha fazla olabilece\u011fini s\u00f6yledi.<\/p>\n<p>&#8220;Ge\u00e7en y\u0131l 425 bin \u00c7in vatanda\u015f\u0131 T\u00fcrkiye&#8217;yi ziyaret etti&#8221;<\/p>\n<p>Tedarik zinciri noktas\u0131nda T\u00fcrkiye ve \u00c7in sanayileri aras\u0131nda g\u00fc\u00e7l\u00fc i\u015fbirlikleri ve ortakl\u0131klar i\u00e7in f\u0131rsatlar oldu\u011funa de\u011finen Bolat, &#8220;CCPIT, bu anlamda \u00c7in i\u015f d\u00fcnyas\u0131n\u0131n \u00f6nc\u00fc \u00fcs kurulu\u015fu anlam\u0131nda, bu konuda i\u015fbirliklerini te\u015fvik edeceklerine y\u00fcrekten inan\u0131yorum.&#8221; dedi.<\/p>\n<p>Bolat, ula\u015f\u0131m ve ba\u011flant\u0131sall\u0131k anlam\u0131nda Ku\u015fak ve Yol Projesi&#8217;nin \u00f6nemli bir i\u015fbirli\u011fi alan\u0131 olarak h\u0131zla geli\u015fti\u011fine dikkati \u00e7ekerek, T\u00fcrkiye&#8217;nin turizm alan\u0131nda \u00c7in&#8217;den beklentisinin b\u00fcy\u00fck oldu\u011funu kaydetti.<\/p>\n<p>Ge\u00e7en y\u0131l 425 bin \u00c7in vatanda\u015f\u0131n\u0131n T\u00fcrkiye&#8217;yi ziyaret etti\u011fini aktaran Bolat, &#8220;Bu, \u00c7in&#8217;in y\u0131ll\u0131k toplam d\u00fcnyaya g\u00f6nderdi\u011fi toplam turist say\u0131s\u0131n\u0131n sadece y\u00fczde 1&#8217;i. \u00c7in turist kitlesinin de iki \u00fclke aras\u0131ndaki ekonomik ili\u015fkiye katk\u0131lar yapaca\u011f\u0131n\u0131 ve \u00c7inli turistlerin T\u00fcrkiye&#8217;mizi tan\u0131mak konusunda memnuniyet duyacaklar\u0131n\u0131 ifade etmek istiyoruz. Hava yolu ba\u011flant\u0131lar\u0131, u\u00e7u\u015f frekans say\u0131lar\u0131n\u0131n art\u0131r\u0131lmas\u0131 konusunda iki \u00fclke aras\u0131nda yap\u0131c\u0131 bir i\u015fbirli\u011fi var.&#8221; diye konu\u015ftu.<\/p>\n<p>Ticaret Bakan\u0131 Bolat, s\u00f6zlerini \u015f\u00f6yle tamamlad\u0131: <\/p>\n<p>&#8220;\u00d6n\u00fcm\u00fczdeki s\u00fcre\u00e7te T\u00fcrkiye&#8217;de daha fazla \u00c7inli turistleri g\u00f6rebilece\u011fiz. T\u00fcrkiye&#8217;den de \u00c7in&#8217;e yolcu ak\u0131n\u0131 olabiliyor. Transit u\u00e7u\u015flar anlam\u0131nda da potansiyel b\u00fcy\u00fck. T\u00fcrkiye, \u00c7inli turist say\u0131s\u0131n\u0131n artmas\u0131 i\u00e7in 2 Ocak 2026 tarihi itibar\u0131yla \u00c7in vatanda\u015flar\u0131na vize muafiyeti getirdi. Biz benzeri bir kolayl\u0131\u011f\u0131n da T\u00fcrk i\u015f d\u00fcnyas\u0131na vize alan\u0131nda g\u00f6sterilmesini \u00c7inli ortaklar\u0131m\u0131zdan hassasiyetle bekliyoruz.&#8221;<\/p>\n","protected":false},"excerpt":{"rendered":"<p>Bakan \u00d6mer Bolat, T\u00fcrkiye-\u00c7in aras\u0131nda 1419 \u00c7in firmas\u0131yla 3,2 milyar dolarl\u0131k yat\u0131r\u0131m hacmi oldu\u011funu belirtti.<\/p>\n","protected":false},"author":1,"featured_media":0,"comment_status":"open","ping_status":"open","sticky":false,"template":"","format":"standard","meta":{"footnotes":""},"categories":[8],"tags":[1896,400,437,406,517],"class_list":["post-68609","post","type-post","status-publish","format-standard","hentry","category-ekonomi","tag-bolat","tag-cin","tag-dunya","tag-ticaret","tag-turk"],"_links":{"self":[{"href":"https:\/\/bihavadis.com\/index.php\/wp-json\/wp\/v2\/posts\/68609","targetHints":{"allow":["GET"]}}],"collection":[{"href":"https:\/\/bihavadis.com\/index.php\/wp-json\/wp\/v2\/posts"}],"about":[{"href":"https:\/\/bihavadis.com\/index.php\/wp-json\/wp\/v2\/types\/post"}],"author":[{"embeddable":true,"href":"https:\/\/bihavadis.com\/index.php\/wp-json\/wp\/v2\/users\/1"}],"replies":[{"embeddable":true,"href":"https:\/\/bihavadis.com\/index.php\/wp-json\/wp\/v2\/comments?post=68609"}],"version-history":[{"count":1,"href":"https:\/\/bihavadis.com\/index.php\/wp-json\/wp\/v2\/posts\/68609\/revisions"}],"predecessor-version":[{"id":68610,"href":"https:\/\/bihavadis.com\/index.php\/wp-json\/wp\/v2\/posts\/68609\/revisions\/68610"}],"wp:attachment":[{"href":"https:\/\/bihavadis.com\/index.php\/wp-json\/wp\/v2\/media?parent=68609"}],"wp:term":[{"taxonomy":"category","embeddable":true,"href":"https:\/\/bihavadis.com\/index.php\/wp-json\/wp\/v2\/categories?post=68609"},{"taxonomy":"post_tag","embeddable":true,"href":"https:\/\/bihavadis.com\/index.php\/wp-json\/wp\/v2\/tags?post=68609"}],"curies":[{"name":"wp","href":"https:\/\/api.w.org\/{rel}","templated":true}]}}