{"id":68679,"date":"2026-03-09T23:15:07","date_gmt":"2026-03-09T23:15:07","guid":{"rendered":"https:\/\/bihavadis.com\/?p=68679"},"modified":"2026-03-09T23:15:07","modified_gmt":"2026-03-09T23:15:07","slug":"buyukakin-ramazanin-bereketini-gonul-sofralarinda-paylasiyoruz","status":"publish","type":"post","link":"https:\/\/bihavadis.com\/index.php\/2026\/03\/09\/buyukakin-ramazanin-bereketini-gonul-sofralarinda-paylasiyoruz\/","title":{"rendered":"B\u00fcy\u00fckak\u0131n: &#8220;Ramazan&#8217;\u0131n bereketini g\u00f6n\u00fcl sofralar\u0131nda payla\u015f\u0131yoruz&#8221;"},"content":{"rendered":"<p>Kocaeli B\u00fcy\u00fck\u015fehir Belediye Ba\u015fkan\u0131 Tahir B\u00fcy\u00fckak\u0131n, Ramazan ay\u0131n\u0131n bereketini her ak\u015fam farkl\u0131 sofralarda vatanda\u015flarla birlikte payla\u015ft\u0131klar\u0131n\u0131 kaydetti. B\u00fcy\u00fckak\u0131n, hafta sonu da 6 sivil toplum kurulu\u015funun iftar\u0131ndayd\u0131.<\/p>\n<p><b>HEM\u015eEHR\u0130LER\u0130N\u0130 YALNIZ BIRAKMADI<\/b><\/p>\n<p>Kocaeli B\u00fcy\u00fck\u015fehir Belediye Ba\u015fkan\u0131 Tahir B\u00fcy\u00fckak\u0131n, yo\u011fun mesaisine Ramazan Ay\u0131\u2019nda da devam ediyor. \u00d6zellikle de, \u201cKocaelimizin en b\u00fcy\u00fck zenginli\u011fi\u201d olarak nitelendirdi\u011fi sivil toplum kurulu\u015flar\u0131n\u0131n programlar\u0131n\u0131 aksatm\u0131yor. Ba\u015fkan B\u00fcy\u00fckak\u0131n, geride b\u0131rakt\u0131\u011f\u0131m\u0131z hafta sonu 6 sivil toplum kurulu\u015fu iftar\u0131na kat\u0131l\u0131m g\u00f6stererek hem\u015fehrilerini yaln\u0131z b\u0131rakmazken, Ramazan Ay\u0131\u2019n\u0131n maneviyat\u0131n\u0131 da kendileri ile birlikte ya\u015fad\u0131.<\/p>\n<p><b>ARTV\u0130NL\u0130LERLE B\u0130R ARADA<\/b><\/p>\n<p>Ba\u015fkan B\u00fcy\u00fckak\u0131n hafta sonu mesaisine Kocaeli \u00dclk\u00fc Ocaklar\u0131\u2019n\u0131n d\u00fczenledi\u011fi iftar ile ba\u015flad\u0131. Ard\u0131ndan, Kocaeli Artvin K\u00fclt\u00fcr ve Hizmet Vakf\u0131\u2019n\u0131n ger\u00e7ekle\u015ftirdi\u011fi, 7 Mart Artvin\u2019in d\u00fc\u015fman i\u015fgalinden kurtulu\u015fu program\u0131na ve sonras\u0131nda verilen iftara kat\u0131ld\u0131. Her iki iftarda da hem\u015fehrileri ile bol bol sohbet eden Ba\u015fkan B\u00fcy\u00fckak\u0131n, \u00f6n\u00fcm\u00fczdeki g\u00fcnlerde idrak edece\u011fimiz Kadir Gecesi\u2019nin ve gelecek olan Ramazan Bayram\u0131\u2019n\u0131n \u015fimdiden hay\u0131rl\u0131 olmas\u0131n\u0131 diledi.<\/p>\n<p><b>MTTB\u2019DE G\u00dcN\u00dc TAMAMLADI<\/b><\/p>\n<p>Ba\u015fkan B\u00fcy\u00fckak\u0131n\u2019\u0131n 7 Mart Pazar g\u00fcnk\u00fc program\u0131 da son derece yo\u011fundu. \u0130lk olarak Kocaeli Erzurum Dernekleri Federasyonu\u2019nun Kocaeli Kongre Merkezi\u2019ndeki \u201cPaland\u00f6ken\u2019den Kartepe\u2019ye 1001 Hatim\u201d program\u0131na ve iftar\u0131na kat\u0131lan B\u00fcy\u00fckak\u0131n, iftara gelen Dada\u015flar\u0131 selamlad\u0131. Ba\u015fkan B\u00fcy\u00fckak\u0131n, daha sonra AK Parti Kocaeli \u0130l Kad\u0131n Kollar\u0131\u2019n\u0131n a\u00e7t\u0131\u011f\u0131 \u201cKarde\u015flik \u0130ftar\u0131 G\u00f6n\u00fcl Sofras\u0131\u201dna ge\u00e7ti. B\u00fcy\u00fckak\u0131n, Kocaeli Rize E\u011fitim K\u00fclt\u00fcr ve Sa\u011fl\u0131k Vakf\u0131\u2019n\u0131n Antikkap\u0131 Restoran\u2019da verdi\u011fi kurulu\u015f iftar\u0131na da kat\u0131ld\u0131. Ba\u015fkan B\u00fcy\u00fckak\u0131n g\u00fcn\u00fc, Milli T\u00fcrk Talebe Birli\u011fi (MTTB) Kocaeli \u0130l Ba\u015fkanl\u0131\u011f\u0131\u2019n\u0131n d\u00fczenledi\u011fi Geleneksel Vefa \u0130ftar\u0131\u2019nda tamamlad\u0131.<\/p>\n<p><b>BA\u015eKAN: BU RAMAZAN B\u0130R BA\u015eKA<\/b><\/p>\n<p>Bir yandan sivil toplum kurulu\u015flar\u0131n\u0131n iftar organizasyonlar\u0131n\u0131 destekleyerek bir yandan da kendi yapt\u0131klar\u0131 programlarla Ramazan\u2019\u0131n ruhunu en iyi \u015fekilde ya\u015fatmaya \u00e7al\u0131\u015ft\u0131klar\u0131n\u0131 vurgulayan Kocaeli B\u00fcy\u00fck\u015fehir Belediye Ba\u015fkan\u0131 Tahir B\u00fcy\u00fckak\u0131n, \u201cSTK\u2019lar\u0131m\u0131z\u0131n yapt\u0131\u011f\u0131 bu g\u00fczel programlar, y\u00fcre\u011fimize su serpiyor, bizi mutlu ediyor. De\u011ferlerimizi, gelene\u011fimizi ve ba\u011flar\u0131m\u0131z\u0131 g\u00fc\u00e7lendiren bu programlar\u0131 \u00e7ok \u00f6nemsiyoruz. Programlara kat\u0131l\u0131m\u0131n y\u00fcksekli\u011fi de bize g\u00f6steriyor ki, ruhu ya\u015fatt\u0131\u011f\u0131n\u0131zda o, kar\u015f\u0131l\u0131\u011f\u0131n\u0131 her zaman buluyor\u201d ifadesini kulland\u0131.<\/p>\n<p>\u00a0<\/p>\n<p>Kaynak: (BYZHA) Beyaz Haber Ajans\u0131<\/p>\n","protected":false},"excerpt":{"rendered":"<p>Kocaeli B\u00fcy\u00fck\u015fehir Belediye Ba\u015fkan\u0131 Tahir B\u00fcy\u00fckak\u0131n, Ramazan ay\u0131n\u0131n bereketini her ak\u015fam farkl\u0131 sofralarda vatanda\u015flarla birlikte payla\u015ft\u0131klar\u0131n\u0131 kaydetti. B\u00fcy\u00fckak\u0131n, hafta sonu da 6 sivil toplum kurulu\u015funun iftar\u0131ndayd\u0131.<\/p>\n","protected":false},"author":1,"featured_media":68680,"comment_status":"open","ping_status":"open","sticky":false,"template":"","format":"standard","meta":{"footnotes":""},"categories":[4],"tags":[516,586,675,240,2714],"class_list":["post-68679","post","type-post","status-publish","format-standard","has-post-thumbnail","hentry","category-gundem","tag-baskan","tag-buyukakin","tag-iftar","tag-kocaeli","tag-ramazan"],"_links":{"self":[{"href":"https:\/\/bihavadis.com\/index.php\/wp-json\/wp\/v2\/posts\/68679","targetHints":{"allow":["GET"]}}],"collection":[{"href":"https:\/\/bihavadis.com\/index.php\/wp-json\/wp\/v2\/posts"}],"about":[{"href":"https:\/\/bihavadis.com\/index.php\/wp-json\/wp\/v2\/types\/post"}],"author":[{"embeddable":true,"href":"https:\/\/bihavadis.com\/index.php\/wp-json\/wp\/v2\/users\/1"}],"replies":[{"embeddable":true,"href":"https:\/\/bihavadis.com\/index.php\/wp-json\/wp\/v2\/comments?post=68679"}],"version-history":[{"count":1,"href":"https:\/\/bihavadis.com\/index.php\/wp-json\/wp\/v2\/posts\/68679\/revisions"}],"predecessor-version":[{"id":68681,"href":"https:\/\/bihavadis.com\/index.php\/wp-json\/wp\/v2\/posts\/68679\/revisions\/68681"}],"wp:featuredmedia":[{"embeddable":true,"href":"https:\/\/bihavadis.com\/index.php\/wp-json\/wp\/v2\/media\/68680"}],"wp:attachment":[{"href":"https:\/\/bihavadis.com\/index.php\/wp-json\/wp\/v2\/media?parent=68679"}],"wp:term":[{"taxonomy":"category","embeddable":true,"href":"https:\/\/bihavadis.com\/index.php\/wp-json\/wp\/v2\/categories?post=68679"},{"taxonomy":"post_tag","embeddable":true,"href":"https:\/\/bihavadis.com\/index.php\/wp-json\/wp\/v2\/tags?post=68679"}],"curies":[{"name":"wp","href":"https:\/\/api.w.org\/{rel}","templated":true}]}}