{"id":68707,"date":"2026-03-09T23:39:06","date_gmt":"2026-03-09T23:39:06","guid":{"rendered":"https:\/\/bihavadis.com\/?p=68707"},"modified":"2026-03-09T23:39:06","modified_gmt":"2026-03-09T23:39:06","slug":"duraliler-1-ana-isale-hatti-tasinacak","status":"publish","type":"post","link":"https:\/\/bihavadis.com\/index.php\/2026\/03\/09\/duraliler-1-ana-isale-hatti-tasinacak\/","title":{"rendered":"Duraliler 1 Ana \u0130sale hatt\u0131 ta\u015f\u0131nacak"},"content":{"rendered":"<p><span><span><span>Konyaalt\u0131 \u0130l\u00e7esi H\u00fcrriyet Caddesi \u00fczerinde bulunan Karayollar\u0131 Katl\u0131 Kav\u015fak \u00c7al\u0131\u015fmas\u0131 nedeni ile ASAT Genel M\u00fcd\u00fcrl\u00fc\u011f\u00fc taraf\u0131ndan ana isale hatt\u0131n\u0131n ta\u015f\u0131nma i\u015flemi ger\u00e7ekle\u015ftirilecek. \u00c7al\u0131\u015fma kapsam\u0131nda 11 Mart \u00c7ar\u015famba g\u00fcn\u00fc saat 20.00\u2019den 12 Mart Per\u015fembe 06.00\u2019ya kadar su kesintisi ve bas\u0131n\u00e7 d\u00fc\u015f\u00fckl\u00fc\u011f\u00fc ya\u015fanacak. <\/span><\/span><\/span><\/p>\n<p><span><span><span>Antalya B\u00fcy\u00fck\u015fehir Belediyesi ASAT Genel M\u00fcd\u00fcrl\u00fc\u011f\u00fc, Karayollar\u0131 Katl\u0131 Kav\u015fak \u00c7al\u0131\u015fmas\u0131 nedeniyle Duraliler 1 Ana \u0130sale Hatt\u0131 \u00fczerinde ta\u015f\u0131ma \u00e7al\u0131\u015fmas\u0131 ger\u00e7ekle\u015ftirecek. 1000\u2019lik \u00e7elik\u00a0 boru deplase ba\u011flant\u0131lar\u0131 \u00e7al\u0131\u015fmalar\u0131 nedeniyle\u00a0 11 Mart 2026 \u00c7ar\u015famba 20.00 \u2013 12 Mart 2026 Per\u015fembe 06.00 saatleri aras\u0131nda su kesintisi ve bas\u0131n\u00e7 d\u00fc\u015f\u00fckl\u00fc\u011f\u00fc ya\u015fanacak. <\/span><\/span><\/span><\/p>\n<p><span><span><span>KES\u0130NT\u0130DEN ETK\u0130LENECEK B\u00d6LGELER \u00a0\u00a0\u00a0\u00a0\u00a0 <\/span><\/span><\/span><\/p>\n<p><span><span><span><span>Su kesintisi ve bas\u0131n\u00e7 d\u00fc\u015f\u00fckl\u00fc\u011f\u00fcnden; Baht\u0131l\u0131 (Bir k\u0131sm\u0131), A\u015fa\u011f\u0131karaman, Duraliler, Mollayusuf (Villalar B\u00f6lgesi), Avni Tolunay, Siteler, Akdeniz \u00dcniversitesi, Bay\u0131nd\u0131r, Meltem, Bah\u00e7elievler, Deniz, K\u0131\u015fla, K\u0131z\u0131lsaray, Elmal\u0131, Tah\u0131lpazar\u0131, Balbey, Sel\u00e7uk, Barbaros, K\u0131l\u0131\u00e7arslan, Ha\u015fimi\u015fcan, Sinan, Zerdalilik, Gen\u00e7lik, Demircikara, Ye\u015filbah\u00e7e, \u015eirinyal\u0131, Fener, \u00c7a\u011flayan, G\u00fczeloba, Kemera\u011fz\u0131, Kundu, Kundu Oteller B\u00f6lgesi etkilenecek. <\/span><\/span><\/span><\/span><\/p>\n<p><span><span><span><span>VATANDA\u015eLARA TEDB\u0130RL\u0130 OLUN UYARISI<\/span><\/span><\/span><\/span><\/p>\n<p><span><span><span><span>Ana isale hatt\u0131 \u00fczerinde yap\u0131lacak olan \u00e7al\u0131\u015fma nedeniyle, Kepez ve Muratpa\u015fa il\u00e7elerindeki baz\u0131 ana depolar da su kesintisinden ve bas\u0131n\u00e7 d\u00fc\u015f\u00fckl\u00fc\u011f\u00fcnden etkilenebilecek. \u00c7al\u0131\u015fmalar\u0131n belirtilen s\u00fcre zarf\u0131nda tamamlanmas\u0131 bekleniyor, ancak deplase edilecek hatt\u0131n ana isale hatt\u0131 olmas\u0131 nedeniyle hatt\u0131n kendini toplamas\u0131n\u0131n zaman alabilece\u011fi ve su kesintisinin s\u00fcresinin uzayabilece\u011fi uyar\u0131s\u0131 yap\u0131ld\u0131. ASAT Genel M\u00fcd\u00fcrl\u00fc\u011f\u00fc, \u00e7al\u0131\u015fma s\u00fcresince su kesintisi ve bas\u0131n\u00e7 d\u00fc\u015f\u00fckl\u00fc\u011f\u00fcnden olumsuz etkilenmemek i\u00e7in vatanda\u015flar\u0131 tedbirli olmaya \u00e7a\u011f\u0131rd\u0131.<\/span><\/span><\/span><\/span><\/p>\n<p>\u00a0<\/p>\n<p>\u00a0<\/p>\n<p>Kaynak: (BYZHA) Beyaz Haber Ajans\u0131<\/p>\n","protected":false},"excerpt":{"rendered":"<p>Konyaalt\u0131 \u0130l\u00e7esi H\u00fcrriyet Caddesi \u00fczerinde bulunan Karayollar\u0131 Katl\u0131 Kav\u015fak \u00c7al\u0131\u015fmas\u0131 nedeni ile ASAT Genel M\u00fcd\u00fcrl\u00fc\u011f\u00fc taraf\u0131ndan ana isale hatt\u0131n\u0131n ta\u015f\u0131nma i\u015flemi ger\u00e7ekle\u015ftirilecek. \u00c7al\u0131\u015fma kapsam\u0131nda 11 Mart \u00c7ar\u015famba g\u00fcn\u00fc saat 20.00\u2019den 12 Mart Per\u015fembe 06.00\u2019ya kadar su kesintisi ve bas\u0131n\u00e7 d\u00fc\u015f\u00fckl\u00fc\u011f\u00fc ya\u015fanacak.<\/p>\n","protected":false},"author":1,"featured_media":68708,"comment_status":"open","ping_status":"open","sticky":false,"template":"","format":"standard","meta":{"footnotes":""},"categories":[4],"tags":[378,1017,7693,7692],"class_list":["post-68707","post","type-post","status-publish","format-standard","has-post-thumbnail","hentry","category-gundem","tag-calisma","tag-hatti","tag-nedeni","tag-su-kesintisi"],"_links":{"self":[{"href":"https:\/\/bihavadis.com\/index.php\/wp-json\/wp\/v2\/posts\/68707","targetHints":{"allow":["GET"]}}],"collection":[{"href":"https:\/\/bihavadis.com\/index.php\/wp-json\/wp\/v2\/posts"}],"about":[{"href":"https:\/\/bihavadis.com\/index.php\/wp-json\/wp\/v2\/types\/post"}],"author":[{"embeddable":true,"href":"https:\/\/bihavadis.com\/index.php\/wp-json\/wp\/v2\/users\/1"}],"replies":[{"embeddable":true,"href":"https:\/\/bihavadis.com\/index.php\/wp-json\/wp\/v2\/comments?post=68707"}],"version-history":[{"count":1,"href":"https:\/\/bihavadis.com\/index.php\/wp-json\/wp\/v2\/posts\/68707\/revisions"}],"predecessor-version":[{"id":68709,"href":"https:\/\/bihavadis.com\/index.php\/wp-json\/wp\/v2\/posts\/68707\/revisions\/68709"}],"wp:featuredmedia":[{"embeddable":true,"href":"https:\/\/bihavadis.com\/index.php\/wp-json\/wp\/v2\/media\/68708"}],"wp:attachment":[{"href":"https:\/\/bihavadis.com\/index.php\/wp-json\/wp\/v2\/media?parent=68707"}],"wp:term":[{"taxonomy":"category","embeddable":true,"href":"https:\/\/bihavadis.com\/index.php\/wp-json\/wp\/v2\/categories?post=68707"},{"taxonomy":"post_tag","embeddable":true,"href":"https:\/\/bihavadis.com\/index.php\/wp-json\/wp\/v2\/tags?post=68707"}],"curies":[{"name":"wp","href":"https:\/\/api.w.org\/{rel}","templated":true}]}}