{"id":68770,"date":"2026-03-10T00:30:07","date_gmt":"2026-03-10T00:30:07","guid":{"rendered":"https:\/\/bihavadis.com\/?p=68770"},"modified":"2026-03-10T00:30:07","modified_gmt":"2026-03-10T00:30:07","slug":"anahtar-parti-kadin-kollari-100-bin-uye-hedefliyor","status":"publish","type":"post","link":"https:\/\/bihavadis.com\/index.php\/2026\/03\/10\/anahtar-parti-kadin-kollari-100-bin-uye-hedefliyor\/","title":{"rendered":"Anahtar Parti Kad\u0131n Kollar\u0131 100 Bin \u00dcye Hedefliyor"},"content":{"rendered":"<p>\n<p>ANAHTAR Parti Genel Merkez Kad\u0131n Kollar\u0131 Ba\u015fkanl\u0131\u011f\u0131 taraf\u0131ndan &#8216;Kad\u0131n Kollar\u0131 \u0130l Ba\u015fkanlar\u0131 Toplant\u0131s\u0131&#8217; ger\u00e7ekle\u015ftirildi.Toplant\u0131da, Anahtar Parti Genel Merkez Kad\u0131n Kollar\u0131 Ba\u015fkan\u0131 Hilal G\u00fcnt\u00fcl\u00fc Kavuncu Demirta\u015f, 100 bin kad\u0131n \u00fcye hedeflerinin oldu\u011funu s\u00f6yledi.<\/p>\n<p>Anahtar Parti Genel Ba\u015fkan\u0131 Yavuz A\u011f\u0131ralio\u011flu ile Genel Merkez Kad\u0131n Kollar\u0131 Ba\u015fkan\u0131 Hilal G\u00fcnt\u00fcl\u00fc Kavuncu Demirta\u015f, parti genel merkezinde ger\u00e7ekle\u015ftirilen programda \u00e7al\u0131\u015fmalar\u0131 de\u011ferlendirdi. Anahtar Parti lideri Yavuz A\u011f\u0131ralio\u011flu, burada yapt\u0131\u011f\u0131 konu\u015fmada, &#8220;Siyaset sahnesindeki rakiplerimizle ayn\u0131 kulvarda de\u011filiz. Biz ilkeli, \u00f6l\u00e7\u00fcl\u00fc, ahlakl\u0131 ve planl\u0131y\u0131z. Bir parti m\u00fcnaka\u015fas\u0131 hevesi ta\u015f\u0131m\u0131yoruz. Kimseyi utand\u0131rmaya \u00e7al\u0131\u015fm\u0131yoruz. Biz, memleketin sorunlar\u0131n\u0131 \u00e7\u00f6zmeye geliyoruz. Kimseyle kavga etmiyoruz; memleketin sorunlar\u0131yla kavga ediyoruz. Kavga edecek zaman\u0131m\u0131z yok. \u00c7ocuklar\u0131m\u0131za buldu\u011fumuzdan daha iyi bir vatan b\u0131rakma mesuliyetiyle hareket ediyor, bu y\u00fczden kavgaya tenezz\u00fcl etmiyoruz&#8221; dedi.<\/p>\n<p>Anahtar Parti \u0130l Kad\u0131n Kollar\u0131 temsilcileri, saha \u00e7al\u0131\u015fmalar\u0131nda kendilerine iletilen talepleri de Genel Ba\u015fkan A\u011f\u0131ralio\u011flu&#8217;na aktard\u0131. Anahtar Parti Genel Merkez Kad\u0131n Kollar\u0131 Ba\u015fkan\u0131 Hilal G\u00fcnt\u00fcl\u00fc Kavuncu Demirta\u015f ise Anahtar Parti Kad\u0131n Kollar\u0131&#8217;n\u0131n \u00f6n\u00fcndeki en \u00f6nemli hedeflerden birinin 100 bin kad\u0131n \u00fcye oldu\u011funu ifade etti. Demirta\u015f, bu hedefin yaln\u0131zca say\u0131sal bir b\u00fcy\u00fcmeyi de\u011fil; sahada aktif, bilin\u00e7li ve g\u00fc\u00e7l\u00fc bir kad\u0131n \u00f6rg\u00fctlenmesini ifade etti\u011fini belirtti. <\/p>\n<p>Demirta\u015f ayr\u0131ca il programlar\u0131 ve b\u00f6lge toplant\u0131lar\u0131n\u0131n, kad\u0131n kollar\u0131n\u0131n sahadaki etkinli\u011fini art\u0131rmada kritik rol oynad\u0131\u011f\u0131n\u0131 belirterek, te\u015fkilatlar aras\u0131 koordinasyonun g\u00fc\u00e7lendirilmesi gerekti\u011fine dikkat \u00e7ekti. Hilal G\u00fcnt\u00fcl\u00fc Kavuncu Demirta\u015f, &#8220;Anahtar Parti; T\u00fcrk milletine g\u00fcven veren, sa\u011fl\u0131kl\u0131 bir gelece\u011fi in\u015fa edecek g\u00fc\u00e7l\u00fc bir yuva olacak. Bu yuvan\u0131n temelinde emek, fedakarl\u0131k ve sorumluluk vard\u0131r. Yuvay\u0131 di\u015fi ku\u015f yapar derler; bu y\u00fczden kad\u0131n kollar\u0131m\u0131za b\u00fcy\u00fck bir g\u00f6rev ve \u00e7ok k\u0131ymetli bir emek d\u00fc\u015fmektedir&#8221; diye konu\u015ftu.<\/p>\n","protected":false},"excerpt":{"rendered":"<p>Anahtar Parti Kad\u0131n Kollar\u0131, il ba\u015fkanlar\u0131 toplant\u0131s\u0131nda 100 bin kad\u0131n \u00fcye hedefini a\u00e7\u0131klad\u0131.<\/p>\n","protected":false},"author":1,"featured_media":68771,"comment_status":"open","ping_status":"open","sticky":false,"template":"","format":"standard","meta":{"footnotes":""},"categories":[12],"tags":[7699,516,7700,7701,6838],"class_list":["post-68770","post","type-post","status-publish","format-standard","has-post-thumbnail","hentry","category-siyaset","tag-anahtar-parti","tag-baskan","tag-demirtas","tag-genel-merkez","tag-kadin-kollari"],"_links":{"self":[{"href":"https:\/\/bihavadis.com\/index.php\/wp-json\/wp\/v2\/posts\/68770","targetHints":{"allow":["GET"]}}],"collection":[{"href":"https:\/\/bihavadis.com\/index.php\/wp-json\/wp\/v2\/posts"}],"about":[{"href":"https:\/\/bihavadis.com\/index.php\/wp-json\/wp\/v2\/types\/post"}],"author":[{"embeddable":true,"href":"https:\/\/bihavadis.com\/index.php\/wp-json\/wp\/v2\/users\/1"}],"replies":[{"embeddable":true,"href":"https:\/\/bihavadis.com\/index.php\/wp-json\/wp\/v2\/comments?post=68770"}],"version-history":[{"count":1,"href":"https:\/\/bihavadis.com\/index.php\/wp-json\/wp\/v2\/posts\/68770\/revisions"}],"predecessor-version":[{"id":68772,"href":"https:\/\/bihavadis.com\/index.php\/wp-json\/wp\/v2\/posts\/68770\/revisions\/68772"}],"wp:featuredmedia":[{"embeddable":true,"href":"https:\/\/bihavadis.com\/index.php\/wp-json\/wp\/v2\/media\/68771"}],"wp:attachment":[{"href":"https:\/\/bihavadis.com\/index.php\/wp-json\/wp\/v2\/media?parent=68770"}],"wp:term":[{"taxonomy":"category","embeddable":true,"href":"https:\/\/bihavadis.com\/index.php\/wp-json\/wp\/v2\/categories?post=68770"},{"taxonomy":"post_tag","embeddable":true,"href":"https:\/\/bihavadis.com\/index.php\/wp-json\/wp\/v2\/tags?post=68770"}],"curies":[{"name":"wp","href":"https:\/\/api.w.org\/{rel}","templated":true}]}}