{"id":68776,"date":"2026-03-10T00:36:11","date_gmt":"2026-03-10T00:36:11","guid":{"rendered":"https:\/\/bihavadis.com\/?p=68776"},"modified":"2026-03-10T00:36:11","modified_gmt":"2026-03-10T00:36:11","slug":"erzincanda-kardan-524-koy-yolu-kapandi","status":"publish","type":"post","link":"https:\/\/bihavadis.com\/index.php\/2026\/03\/10\/erzincanda-kardan-524-koy-yolu-kapandi\/","title":{"rendered":"Erzincan\u2019da kardan 524 k\u00f6y yolu kapand\u0131"},"content":{"rendered":"<p>Erzincan&#8217;da gece ba\u015flayan kar ya\u011f\u0131\u015f\u0131 etkili oluyor.<\/p>\n<p>Ak\u015fam saatlerinde ba\u015flayan ve sabah saatlerine kadar etkisini s\u00fcrd\u00fcren kar, \u015fehri beyaz \u00f6rt\u00fcyle kaplad\u0131.<\/p>\n<p>Erzincan\u2019da a\u011fa\u00e7 ve binalar\u0131n \u00fczerleri karla kapland\u0131. Belediye ekipleri de ana arterlerde kar k\u00fcreme ve tuzlama \u00e7al\u0131\u015fmas\u0131na ba\u015flad\u0131.<\/p>\n<p><strong>E\u011e\u0130T\u0130ME ARA VER\u0130LD\u0130<\/strong><\/p>\n<p>Kar sebebiyle ilk ve orta dereceli okullar\u0131n ard\u0131ndan Erzincan Binali Y\u0131ld\u0131r\u0131m \u00dcniversitesi\u2019nde de e\u011fitime 1 g\u00fcn ara verildi.<\/p>\n<p>Rekt\u00f6rl\u00fck taraf\u0131ndan yap\u0131lan yaz\u0131l\u0131 a\u00e7\u0131klamada, <em><b>\u201cOlumsuz hava ko\u015fullar\u0131 nedeniyle Senato karar\u0131 ile 26 \u015eubat 2026 Per\u015fembe g\u00fcn\u00fc \u00fcniversitemizde e\u011fitime bir g\u00fcn s\u00fcreyle ara verilmi\u015ftir. <\/b><\/em><\/p>\n<p><em><b>\u00c7ocu\u011fu kre\u015f veya anaokuluna devam eden kad\u0131n personellerimiz, ayr\u0131ca engelli ve hamile \u00e7al\u0131\u015fanlar\u0131m\u0131z ile kronik rahats\u0131zl\u0131\u011f\u0131 bulunan personelimiz de ayn\u0131 tarihte izinli say\u0131lacakt\u0131r\u201d<\/b><\/em> denildi.<\/p>\n<p><img decoding=\"async\" src=\"https:\/\/bihavadis.com\/wp-content\/uploads\/2026\/03\/erzincanda-kardan-524-koy-yolu-kapandi-0-6ahy9Dlh.jpg\"\/><\/p>\n<p><strong>524 K\u00d6Y ULA\u015eIM SA\u011eLANAMIYOR<\/strong><\/p>\n<p>Bu arada kar ya\u011f\u0131\u015f\u0131 sebebiyle 524 k\u00f6y yolunun ula\u015f\u0131ma kapand\u0131\u011f\u0131 bildirildi. \u0130l \u00d6zel \u0130daresi ekipleri, yollar\u0131 a\u00e7mak i\u00e7in \u00e7al\u0131\u015fma ba\u015flatt\u0131.<\/p>\n<p><img decoding=\"async\" src=\"https:\/\/bihavadis.com\/wp-content\/uploads\/2026\/03\/erzincanda-kardan-524-koy-yolu-kapandi-1-jqDEJINi.jpg\"\/><\/p>\n<p><img decoding=\"async\" src=\"https:\/\/bihavadis.com\/wp-content\/uploads\/2026\/03\/erzincanda-kardan-524-koy-yolu-kapandi-2-qMhx4GjZ.jpg\"\/><\/p>\n<p><img decoding=\"async\" src=\"https:\/\/bihavadis.com\/wp-content\/uploads\/2026\/03\/erzincanda-kardan-524-koy-yolu-kapandi-3-mNXhaHHQ.jpg\"\/> <\/p>\n<div> <span><strong>Kaynak:<\/strong> Demir\u00f6ren Haber Ajans\u0131 (DHA)<\/span> <\/div>\n","protected":false},"excerpt":{"rendered":"<p>Erzincan&#8217;da gece ba\u015flayan kar ya\u011f\u0131\u015f\u0131 etkili oluyor. Ak\u015fam saatlerinde ba\u015flayan ve sabah saatlerine kadar etkisini s\u00fcrd\u00fcren kar, \u015fehri beyaz \u00f6rt\u00fcyle kaplad\u0131. Erzincan\u2019da a\u011fa\u00e7 ve binalar\u0131n \u00fczerleri karla kapland\u0131. Belediye ekipleri de ana arterlerde &#8230;<\/p>\n","protected":false},"author":1,"featured_media":68777,"comment_status":"open","ping_status":"open","sticky":false,"template":"","format":"standard","meta":{"footnotes":""},"categories":[4,13],"tags":[297],"class_list":["post-68776","post","type-post","status-publish","format-standard","has-post-thumbnail","hentry","category-gundem","category-son-dakika","tag-kar"],"_links":{"self":[{"href":"https:\/\/bihavadis.com\/index.php\/wp-json\/wp\/v2\/posts\/68776","targetHints":{"allow":["GET"]}}],"collection":[{"href":"https:\/\/bihavadis.com\/index.php\/wp-json\/wp\/v2\/posts"}],"about":[{"href":"https:\/\/bihavadis.com\/index.php\/wp-json\/wp\/v2\/types\/post"}],"author":[{"embeddable":true,"href":"https:\/\/bihavadis.com\/index.php\/wp-json\/wp\/v2\/users\/1"}],"replies":[{"embeddable":true,"href":"https:\/\/bihavadis.com\/index.php\/wp-json\/wp\/v2\/comments?post=68776"}],"version-history":[{"count":1,"href":"https:\/\/bihavadis.com\/index.php\/wp-json\/wp\/v2\/posts\/68776\/revisions"}],"predecessor-version":[{"id":68782,"href":"https:\/\/bihavadis.com\/index.php\/wp-json\/wp\/v2\/posts\/68776\/revisions\/68782"}],"wp:featuredmedia":[{"embeddable":true,"href":"https:\/\/bihavadis.com\/index.php\/wp-json\/wp\/v2\/media\/68777"}],"wp:attachment":[{"href":"https:\/\/bihavadis.com\/index.php\/wp-json\/wp\/v2\/media?parent=68776"}],"wp:term":[{"taxonomy":"category","embeddable":true,"href":"https:\/\/bihavadis.com\/index.php\/wp-json\/wp\/v2\/categories?post=68776"},{"taxonomy":"post_tag","embeddable":true,"href":"https:\/\/bihavadis.com\/index.php\/wp-json\/wp\/v2\/tags?post=68776"}],"curies":[{"name":"wp","href":"https:\/\/api.w.org\/{rel}","templated":true}]}}