{"id":68874,"date":"2026-03-10T01:57:05","date_gmt":"2026-03-10T01:57:05","guid":{"rendered":"https:\/\/bihavadis.com\/?p=68874"},"modified":"2026-03-10T01:57:05","modified_gmt":"2026-03-10T01:57:05","slug":"8-martta-karsiyakadan-ozgurluk-cagrisi-yukseldi","status":"publish","type":"post","link":"https:\/\/bihavadis.com\/index.php\/2026\/03\/10\/8-martta-karsiyakadan-ozgurluk-cagrisi-yukseldi\/","title":{"rendered":"8 Mart&#8217;ta Kar\u015f\u0131yaka&#8217;dan \u00f6zg\u00fcrl\u00fck \u00e7a\u011fr\u0131s\u0131 y\u00fckseldi"},"content":{"rendered":"<p><b>Kar\u015f\u0131yaka Belediyesi taraf\u0131ndan D\u00fcnya Kad\u0131nlar G\u00fcn\u00fc\u2019nde \u201c\u00d6zg\u00fcrl\u00fc\u011fe Z\u0131pla\u201d slogan\u0131yla d\u00fczenlenen trambolin cardio bulu\u015fmas\u0131 b\u00fcy\u00fck ilgi g\u00f6rd\u00fc. 7\u2019den 70\u2019e \u00e7ok say\u0131da kat\u0131l\u0131mc\u0131, etkinlikte hem keyifli anlar ya\u015fad\u0131 hem de kad\u0131nlar\u0131n e\u015fitlik ve \u00f6zg\u00fcrl\u00fck m\u00fccadelesine dikkat \u00e7ekti. Belediye Ba\u015fkan\u0131 Y\u0131ld\u0131z \u00dcnsal \u201cDayan\u0131\u015fmam\u0131za ortak olan herkese te\u015fekk\u00fcr ediyoruz. \u2018G\u00fc\u00e7l\u00fc kad\u0131n, g\u00fc\u00e7l\u00fc toplum\u2019 ilkesiyle \u00e7al\u0131\u015fmaya devam edece\u011fiz\u201d dedi.<\/b><\/p>\n<p>Kar\u015f\u0131yaka Belediyesi, kad\u0131nlar\u0131n toplumsal hayattaki g\u00fcc\u00fcn\u00fc g\u00f6r\u00fcn\u00fcr k\u0131lmay\u0131 ve dayan\u0131\u015fmay\u0131 b\u00fcy\u00fctmeyi ama\u00e7layan 8 Mart program\u0131 \u00e7er\u00e7evesinde, renkli bir spor bulu\u015fmas\u0131na imza att\u0131. Belediyenin \u201c\u00d6zg\u00fcrl\u00fc\u011fe Z\u0131pla\u201d \u00e7a\u011fr\u0131s\u0131yla d\u00fczenledi\u011fi trambolin cardio etkinli\u011fi, 7\u2019den 70\u2019e \u00e7ok say\u0131da kat\u0131l\u0131mc\u0131yla Mavibah\u00e7e AVM\u2019de ger\u00e7ekle\u015ftirildi. Mac One i\u015f birli\u011findeki bulu\u015fmada keyifli anlar ya\u015fayan kad\u0131nlar, hem spor yapman\u0131n enerjisini payla\u015ft\u0131 hem de e\u015fitlik ve \u00f6zg\u00fcrl\u00fck m\u00fccadelesine dikkat \u00e7ekerek fark\u0131ndal\u0131k yaratt\u0131.<\/p>\n<p><b>EL EME\u011e\u0130 DE\u011eER BULDU<\/b><\/p>\n<p>\u00d6te yandan Kar\u015f\u0131yaka Belediyesi\u2019nin Bostanl\u0131 Z\u00fcht\u00fc I\u015f\u0131l Meydan\u0131\u2019nda 7-8 Mart tarihlerinde d\u00fczenledi\u011fi Kad\u0131n Yaka El Eme\u011fi Pazar\u0131 da yo\u011fun ilgi g\u00f6rd\u00fc. Kad\u0131n \u00fcreticilerin el eme\u011fi \u00fcr\u00fcnlerini sergileyip sat\u0131\u015fa sundu\u011fu pazarda, dayan\u0131\u015fma ve \u00fcretimin g\u00fcc\u00fc bir kez daha \u00f6n plana \u00e7\u0131kt\u0131. Ayr\u0131ca Bi D\u00fcnya M\u00fczik Kad\u0131nlar Korosu\u2019nun 8 Mart\u2019ta verdi\u011fi konser de bulu\u015fmaya renk katt\u0131.<\/p>\n<p><b>\u201cB\u0130RL\u0130KTE G\u00dc\u00c7L\u00dcY\u00dcZ\u201d<\/b><\/p>\n<p>Kar\u015f\u0131yaka Belediye Ba\u015fkan\u0131 Y\u0131ld\u0131z \u00dcnsal \u201cD\u00fcnya Kad\u0131nlar G\u00fcn\u00fc kapsam\u0131nda d\u00fczenledi\u011fimiz etkinliklere kat\u0131larak dayan\u0131\u015fmam\u0131z\u0131 b\u00fcy\u00fcten ve destek\u00e7imiz olan herkese y\u00fcrekten te\u015fekk\u00fcr ediyorum. Kad\u0131nlar\u0131n \u00f6zg\u00fcr, e\u015fit ve g\u00fcvenli bir ya\u015fam s\u00fcrd\u00fc\u011f\u00fc bir toplum hepimizin ortak sorumlulu\u011fudur. Bu inan\u00e7la, kad\u0131nlar\u0131n hayat\u0131n her alan\u0131nda daha aktif, daha g\u00f6r\u00fcn\u00fcr ve daha \u00f6zg\u00fcr olmas\u0131 i\u00e7in \u00e7al\u0131\u015fmalar\u0131m\u0131z\u0131 kararl\u0131l\u0131kla s\u00fcrd\u00fcrece\u011fiz. Biliyoruz ki biz birlikte g\u00fc\u00e7l\u00fcy\u00fcz ve ayd\u0131nl\u0131k bir gelece\u011fi hep birlikte kuraca\u011f\u0131z\u201d dedi.<\/p>\n<p>\u00a0<\/p>\n<p>Kaynak: (BYZHA) Beyaz Haber Ajans\u0131<\/p>\n","protected":false},"excerpt":{"rendered":"<p>Kar\u015f\u0131yaka Belediyesi taraf\u0131ndan D\u00fcnya Kad\u0131nlar G\u00fcn\u00fc\u2019nde \u201c\u00d6zg\u00fcrl\u00fc\u011fe Z\u0131pla\u201d slogan\u0131yla d\u00fczenlenen trambolin cardio bulu\u015fmas\u0131 b\u00fcy\u00fck ilgi g\u00f6rd\u00fc.<\/p>\n","protected":false},"author":1,"featured_media":68875,"comment_status":"open","ping_status":"open","sticky":false,"template":"","format":"standard","meta":{"footnotes":""},"categories":[4],"tags":[372,1614,2070],"class_list":["post-68874","post","type-post","status-publish","format-standard","has-post-thumbnail","hentry","category-gundem","tag-belediye","tag-kadinlar","tag-ozgur"],"_links":{"self":[{"href":"https:\/\/bihavadis.com\/index.php\/wp-json\/wp\/v2\/posts\/68874","targetHints":{"allow":["GET"]}}],"collection":[{"href":"https:\/\/bihavadis.com\/index.php\/wp-json\/wp\/v2\/posts"}],"about":[{"href":"https:\/\/bihavadis.com\/index.php\/wp-json\/wp\/v2\/types\/post"}],"author":[{"embeddable":true,"href":"https:\/\/bihavadis.com\/index.php\/wp-json\/wp\/v2\/users\/1"}],"replies":[{"embeddable":true,"href":"https:\/\/bihavadis.com\/index.php\/wp-json\/wp\/v2\/comments?post=68874"}],"version-history":[{"count":1,"href":"https:\/\/bihavadis.com\/index.php\/wp-json\/wp\/v2\/posts\/68874\/revisions"}],"predecessor-version":[{"id":68876,"href":"https:\/\/bihavadis.com\/index.php\/wp-json\/wp\/v2\/posts\/68874\/revisions\/68876"}],"wp:featuredmedia":[{"embeddable":true,"href":"https:\/\/bihavadis.com\/index.php\/wp-json\/wp\/v2\/media\/68875"}],"wp:attachment":[{"href":"https:\/\/bihavadis.com\/index.php\/wp-json\/wp\/v2\/media?parent=68874"}],"wp:term":[{"taxonomy":"category","embeddable":true,"href":"https:\/\/bihavadis.com\/index.php\/wp-json\/wp\/v2\/categories?post=68874"},{"taxonomy":"post_tag","embeddable":true,"href":"https:\/\/bihavadis.com\/index.php\/wp-json\/wp\/v2\/tags?post=68874"}],"curies":[{"name":"wp","href":"https:\/\/api.w.org\/{rel}","templated":true}]}}