{"id":68899,"date":"2026-03-10T02:15:09","date_gmt":"2026-03-10T02:15:09","guid":{"rendered":"https:\/\/bihavadis.com\/?p=68899"},"modified":"2026-03-10T02:15:09","modified_gmt":"2026-03-10T02:15:09","slug":"omer-celikten-ozgur-ozele-siyasi-navigasyon-problemi-vahim-noktaya-geldi","status":"publish","type":"post","link":"https:\/\/bihavadis.com\/index.php\/2026\/03\/10\/omer-celikten-ozgur-ozele-siyasi-navigasyon-problemi-vahim-noktaya-geldi\/","title":{"rendered":"\u00d6mer \u00c7elik&#8217;ten \u00d6zg\u00fcr \u00d6zel&#8217;e: Siyasi navigasyon problemi vahim noktaya geldi"},"content":{"rendered":"<p>CHP Genel Ba\u015fkan\u0131 \u00d6zg\u00fcr \u00d6zel, ge\u00e7ti\u011fimiz g\u00fcn Cumhurba\u015fkan\u0131 Recep Tayyip Erdo\u011fan&#8217;\u0131n\u00a0son zamanlar\u0131n pop\u00fcler ilahisi<em><b> &#8220;Kabe&#8217;de Hac\u0131lar&#8221;<\/b><\/em>a ili\u015fkin s\u00f6zlerini<em><b>\u00a0&#8220;Meclis&#8217;te ilah\u0131 okunmaz&#8221; <\/b><\/em>diyerek ele\u015ftirmi\u015fti. 011<\/p>\n<p>Konuya ili\u015fkin yaz\u0131l\u0131 a\u00e7\u0131klamda bulunan AK Parti S\u00f6zc\u00fcs\u00fc \u00d6mer \u00c7elik, \u00d6zg\u00fcr \u00d6zel&#8217;e <em><b>&#8220;Siyasi navigasyon\u201d problemi vahim bir noktaya geldi.&#8221;<\/b><\/em> s\u00f6zleriyle y\u00fcklendi.\u00a0<\/p>\n<p><strong>&#8220;YANLI\u015e TESP\u0130T VE DAYANIKSIZ TE\u015eH\u0130SLERLE REKOR KIRMAYA DEVAM ED\u0130YOR&#8221;<\/strong><\/p>\n<p>Sosyal medya hesab\u0131 \u00fczerinden a\u00e7\u0131klama yapan \u00c7elik, \u015fu ifadelere yer verdi:\u00a0<\/p>\n<p>CHP Genel Ba\u015fkan\u0131 \u00d6zg\u00fcr \u00d6zel, Say\u0131n Cumhurba\u015fkan\u0131m\u0131z\u0131 grup toplant\u0131m\u0131zda \u201cilahi okuyor\u201d diye ele\u015ftirmi\u015f. CHP Genel Ba\u015fkan\u0131&#8217;n\u0131n \u201csiyasi navigasyon\u201d problemi vahim bir noktaya geldi. Tespitlerinin yanl\u0131\u015fl\u0131\u011f\u0131 ve te\u015fhislerinin dayanaks\u0131zl\u0131\u011f\u0131 konusunda kendi rekorlar\u0131n\u0131 k\u0131rmaya devam ediyor.<\/p>\n<p><strong>&#8220;AK PART\u0130 GRUBUNDA SADECE M\u0130LLET\u0130N D\u0130L\u0130 KONU\u015eULDU\u011eU \u0130\u00c7\u0130N ANLAMAKTA ZORLUK \u00c7EK\u0130YOR&#8221;<\/strong><\/p>\n<p>AK Parti milletin partisidir. Evlerde, yollarda vatanda\u015flar\u0131m\u0131z\u0131n dilinden d\u00fc\u015fmeyen g\u00fczel s\u00f6zlerin, okul bah\u00e7elerinde \u00e7ocuklar\u0131m\u0131z\u0131n c\u0131v\u0131l c\u0131v\u0131l ne\u015fesine e\u015flik eden ifadelerin AK Parti grup toplant\u0131m\u0131zda Cumhurba\u015fkan\u0131m\u0131z taraf\u0131ndan dillendirilmesi bizim ruh k\u00f6k\u00fcm\u00fcz\u00fcn neticesidir.<\/p>\n<p>Say\u0131n \u00d6zg\u00fcr \u00d6zel, \u00f6zg\u00fcrl\u00fck denilmesi gereken yerde bask\u0131 ile \u00f6ne \u00e7\u0131kan, millet denilmesi gereken yere vesayet tabelas\u0131 asan bir siyasi gelene\u011fi s\u00fcrd\u00fcrd\u00fc\u011f\u00fc i\u00e7in bir t\u00fcrl\u00fc bunlar\u0131 anlam\u0131yor. AK Parti grubunda sadece milletin dili konu\u015fuldu\u011fu i\u00e7in anlamakta zorluk \u00e7ekiyor.<\/p>\n<p><strong>&#8220;CUMHURBA\u015eKANIMIZIN DO\u011eUM G\u00dcN\u00dc KUTLU OLSUN&#8221;<\/strong><\/p>\n<p>Milletin adam\u0131 Cumhurba\u015fkan\u0131m\u0131z\u0131n do\u011fum g\u00fcn\u00fc kutlu olsun. Sadece millete adanm\u0131\u015f ve sadece milletin dilini konu\u015fan y\u00fcr\u00fcy\u00fc\u015f\u00fcn\u00fcn daha nice bereketli y\u0131llar\u0131 olsun.<\/p>\n<div> <span><strong>Kaynak:<\/strong> Ensonhaber Haber Merkezi<\/span> <\/div>\n","protected":false},"excerpt":{"rendered":"<p>CHP Genel Ba\u015fkan\u0131 \u00d6zg\u00fcr \u00d6zel, ge\u00e7ti\u011fimiz g\u00fcn Cumhurba\u015fkan\u0131 Recep Tayyip Erdo\u011fan&#8217;\u0131n\u00a0son zamanlar\u0131n pop\u00fcler ilahisi &#8220;Kabe&#8217;de Hac\u0131lar&#8221; a ili\u015fkin s\u00f6zlerini\u00a0&#8220;Meclis&#8217;te ilah\u0131 okunmaz&#8221; diyerek ele\u015ftirmi\u015fti. 011 Konuya ili\u015fkin yaz\u0131l\u0131 a\u00e7\u0131klamda bulunan AK &#8230;<\/p>\n","protected":false},"author":1,"featured_media":68900,"comment_status":"open","ping_status":"open","sticky":false,"template":"","format":"standard","meta":{"footnotes":""},"categories":[9,13],"tags":[1389,1297,2100,2070],"class_list":["post-68899","post","type-post","status-publish","format-standard","has-post-thumbnail","hentry","category-genel","category-son-dakika","tag-ak-parti","tag-cumhurbaskani","tag-milletin","tag-ozgur"],"_links":{"self":[{"href":"https:\/\/bihavadis.com\/index.php\/wp-json\/wp\/v2\/posts\/68899","targetHints":{"allow":["GET"]}}],"collection":[{"href":"https:\/\/bihavadis.com\/index.php\/wp-json\/wp\/v2\/posts"}],"about":[{"href":"https:\/\/bihavadis.com\/index.php\/wp-json\/wp\/v2\/types\/post"}],"author":[{"embeddable":true,"href":"https:\/\/bihavadis.com\/index.php\/wp-json\/wp\/v2\/users\/1"}],"replies":[{"embeddable":true,"href":"https:\/\/bihavadis.com\/index.php\/wp-json\/wp\/v2\/comments?post=68899"}],"version-history":[{"count":1,"href":"https:\/\/bihavadis.com\/index.php\/wp-json\/wp\/v2\/posts\/68899\/revisions"}],"predecessor-version":[{"id":68901,"href":"https:\/\/bihavadis.com\/index.php\/wp-json\/wp\/v2\/posts\/68899\/revisions\/68901"}],"wp:featuredmedia":[{"embeddable":true,"href":"https:\/\/bihavadis.com\/index.php\/wp-json\/wp\/v2\/media\/68900"}],"wp:attachment":[{"href":"https:\/\/bihavadis.com\/index.php\/wp-json\/wp\/v2\/media?parent=68899"}],"wp:term":[{"taxonomy":"category","embeddable":true,"href":"https:\/\/bihavadis.com\/index.php\/wp-json\/wp\/v2\/categories?post=68899"},{"taxonomy":"post_tag","embeddable":true,"href":"https:\/\/bihavadis.com\/index.php\/wp-json\/wp\/v2\/tags?post=68899"}],"curies":[{"name":"wp","href":"https:\/\/api.w.org\/{rel}","templated":true}]}}