{"id":68908,"date":"2026-03-10T02:24:10","date_gmt":"2026-03-10T02:24:10","guid":{"rendered":"https:\/\/bihavadis.com\/?p=68908"},"modified":"2026-03-10T02:24:10","modified_gmt":"2026-03-10T02:24:10","slug":"selma-yuksel-duzcede-defnedildi","status":"publish","type":"post","link":"https:\/\/bihavadis.com\/index.php\/2026\/03\/10\/selma-yuksel-duzcede-defnedildi\/","title":{"rendered":"Selma Y\u00fcksel D\u00fczce&#8217;de Defnedildi"},"content":{"rendered":"<p>\n<p>\u00c7OCUKLARININ \u0130STE\u011e\u0130 \u00dcZER\u0130NE D\u00dcZCE&#8217;DE TOPRA\u011eA VER\u0130LD\u0130<\/p>\n<p>Sakarya&#8217;da e\u015fi Adem Y\u00fcksel taraf\u0131ndan \u00f6ld\u00fcr\u00fclen Selma Y\u00fcksel&#8217;in cenazesi ailesine teslim edildi. Aslen Adanal\u0131 olan Selma Y\u00fcksel&#8217;in cenazesi, \u00e7ocuklar\u0131n\u0131n iste\u011fi \u00fczerine D\u00fczce&#8217;ye getirildi. Y\u00fcksel&#8217;in cenazesi Cumayeri il\u00e7esinde bulunan Merkez Cami&#8217;nde ikindi namaz\u0131 sonras\u0131 k\u0131l\u0131nan cenaze namaz\u0131n\u0131n ard\u0131ndan il\u00e7e mezarl\u0131\u011f\u0131nda topra\u011fa verildi. <\/p>\n<p>Musa KESK\u0130N\/CUMAYER\u0130 (D\u00fczce), <\/p>\n","protected":false},"excerpt":{"rendered":"<p>E\u015fi taraf\u0131ndan \u00f6ld\u00fcr\u00fclen Selma Y\u00fcksel, \u00e7ocuklar\u0131n\u0131n iste\u011fiyle D\u00fczce&#8217;de topra\u011fa verildi.<\/p>\n","protected":false},"author":1,"featured_media":68909,"comment_status":"open","ping_status":"open","sticky":false,"template":"","format":"standard","meta":{"footnotes":""},"categories":[9,4,13],"tags":[],"class_list":["post-68908","post","type-post","status-publish","format-standard","has-post-thumbnail","hentry","category-genel","category-gundem","category-son-dakika"],"_links":{"self":[{"href":"https:\/\/bihavadis.com\/index.php\/wp-json\/wp\/v2\/posts\/68908","targetHints":{"allow":["GET"]}}],"collection":[{"href":"https:\/\/bihavadis.com\/index.php\/wp-json\/wp\/v2\/posts"}],"about":[{"href":"https:\/\/bihavadis.com\/index.php\/wp-json\/wp\/v2\/types\/post"}],"author":[{"embeddable":true,"href":"https:\/\/bihavadis.com\/index.php\/wp-json\/wp\/v2\/users\/1"}],"replies":[{"embeddable":true,"href":"https:\/\/bihavadis.com\/index.php\/wp-json\/wp\/v2\/comments?post=68908"}],"version-history":[{"count":1,"href":"https:\/\/bihavadis.com\/index.php\/wp-json\/wp\/v2\/posts\/68908\/revisions"}],"predecessor-version":[{"id":68910,"href":"https:\/\/bihavadis.com\/index.php\/wp-json\/wp\/v2\/posts\/68908\/revisions\/68910"}],"wp:featuredmedia":[{"embeddable":true,"href":"https:\/\/bihavadis.com\/index.php\/wp-json\/wp\/v2\/media\/68909"}],"wp:attachment":[{"href":"https:\/\/bihavadis.com\/index.php\/wp-json\/wp\/v2\/media?parent=68908"}],"wp:term":[{"taxonomy":"category","embeddable":true,"href":"https:\/\/bihavadis.com\/index.php\/wp-json\/wp\/v2\/categories?post=68908"},{"taxonomy":"post_tag","embeddable":true,"href":"https:\/\/bihavadis.com\/index.php\/wp-json\/wp\/v2\/tags?post=68908"}],"curies":[{"name":"wp","href":"https:\/\/api.w.org\/{rel}","templated":true}]}}