{"id":68915,"date":"2026-03-10T02:30:14","date_gmt":"2026-03-10T02:30:14","guid":{"rendered":"https:\/\/bihavadis.com\/?p=68915"},"modified":"2026-03-10T02:30:14","modified_gmt":"2026-03-10T02:30:14","slug":"tuvturkte-polis-memurunun-darbedilerek-oldurulmesine-iliskin-olayda-2-istasyon-calisani-tutuklandi","status":"publish","type":"post","link":"https:\/\/bihavadis.com\/index.php\/2026\/03\/10\/tuvturkte-polis-memurunun-darbedilerek-oldurulmesine-iliskin-olayda-2-istasyon-calisani-tutuklandi\/","title":{"rendered":"T\u00dcVT\u00dcRK&#8217;te polis memurunun darbedilerek \u00f6ld\u00fcr\u00fclmesine ili\u015fkin olayda 2 istasyon \u00e7al\u0131\u015fan\u0131 tutukland\u0131."},"content":{"rendered":"<p>T\u00dcVT\u00dcRK&#8217;te polis memurunun darbedilerek \u00f6ld\u00fcr\u00fclmesine ili\u015fkin olayda 2 istasyon \u00e7al\u0131\u015fan\u0131 tutukland\u0131.<\/p>\n<p>Ankara&#8217;da arac\u0131n\u0131 g\u00f6t\u00fcrd\u00fc\u011f\u00fc muayene istasyonu \u00e7al\u0131\u015fanlar\u0131yla ya\u015fad\u0131\u011f\u0131 kavgan\u0131n ard\u0131ndan fenala\u015fan polis memuru, tedavi g\u00f6rd\u00fc\u011f\u00fc hastanede hayat\u0131n\u0131 kaybetti. Olayla ilgili g\u00f6zalt\u0131na al\u0131nan 2 \u015f\u00fcpheliden 1&#8217;i tutukland\u0131.<\/p>\n<p>Edinilen bilgiye g\u00f6re, Yenimahalle il\u00e7esinde, 2 \u015eubat&#8217;ta muayene istasyonuna arac\u0131n\u0131 g\u00f6t\u00fcren polis memuru Melih Okan Keskin (44) ile istasyon \u00e7al\u0131\u015fanlar\u0131 aras\u0131nda tart\u0131\u015fma \u00e7\u0131kt\u0131.<\/p>\n<p>Kavgaya d\u00f6n\u00fc\u015fen olayda darbedildi\u011fi \u00f6ne s\u00fcr\u00fclen Keskin, olaydan birka\u00e7 saat sonra fenala\u015farak hastaneye kald\u0131r\u0131ld\u0131. Beyin kanamas\u0131 te\u015fhisiyle yo\u011fun bak\u0131mda tedavi alt\u0131na al\u0131nan Keskin, \u00fc\u00e7 g\u00fcnl\u00fck ya\u015fam m\u00fccadelesini kaybetti.<\/p>\n<p>Vefat eden polis memuru i\u00e7in Ankara Emniyet M\u00fcd\u00fcrl\u00fc\u011f\u00fc&#8217;nde t\u00f6ren d\u00fczenlendi. Keskin&#8217;in cenazesi, t\u00f6renin ard\u0131ndan topra\u011fa verildi.<\/p>\n<p>Olayla ilgili polis ekiplerince g\u00f6zalt\u0131na al\u0131nan 2 \u015f\u00fcpheli, emniyetteki i\u015flemlerinin ard\u0131ndan adliyeye sevk edildi. Mahkemeye \u00e7\u0131kar\u0131lan \u015f\u00fcphelilerden 1&#8217;i tutuklan\u0131rken, di\u011feri adli kontrol \u015fart\u0131yla serbest b\u0131rak\u0131ld\u0131.<\/p>\n<p>Keskin&#8217;in kesin \u00f6l\u00fcm nedeni, Adli T\u0131p Kurumu&#8217;ndaki otopsi raporunun ard\u0131ndan netlik kazanacak.<\/p>\n<p>&#8211; T\u00dcVT\u00dcRK&#8217;\u00fcn a\u00e7\u0131klamas\u0131<\/p>\n<p>T\u00dcVT\u00dcRK&#8217;ten yap\u0131lan a\u00e7\u0131klamada, Ankara \u0130vedik Ara\u00e7 Muayene \u0130stasyonu&#8217;nda 2 \u015eubat&#8217;ta ya\u015fanan ve kamuoyuna yans\u0131yan olayla ilgili derin bir \u00fcz\u00fcnt\u00fc i\u00e7erisinde olundu\u011fu belirtildi.<\/p>\n<p>S\u00f6z konusu tarihte ara\u00e7 sahibi polis memuru Keskin ile istasyonda g\u00f6revli Saruhan Atasoy aras\u0131nda muayene i\u015fleminin ard\u0131ndan, otopark alan\u0131nda ya\u015fanan tart\u0131\u015fma s\u0131ras\u0131nda g\u00f6revli \u00e7al\u0131\u015fan\u0131n kabul edilemez \u015fekilde fiziki m\u00fcdahalede bulundu\u011funun tespit edildi\u011fi bilgisi verildi.<\/p>\n<p>\u015eirketin, hi\u00e7bir ko\u015fulda \u015fiddet i\u00e7eren davran\u0131\u015flara m\u00fcsamaha g\u00f6stermedi\u011fi belirtilen a\u00e7\u0131klamada, olay\u0131n tespit edilmesini takiben ilgili \u00e7al\u0131\u015fan\u0131n i\u015f akdinin sonland\u0131\u011f\u0131 ifade edildi.<\/p>\n<p>Olay\u0131n ard\u0131ndan taraflar\u0131n emniyet birimlerine gitti\u011fi ve adli s\u00fcrecin ba\u015flat\u0131ld\u0131\u011f\u0131 aktar\u0131lan a\u00e7\u0131klamada, ayn\u0131 g\u00fcn\u00fcn ilerleyen saatlerinde Keskin&#8217;in rahats\u0131zlanarak hastaneye ba\u015fvurdu\u011fu, d\u00fcn ise hayat\u0131n\u0131 kaybetti\u011finin b\u00fcy\u00fck bir \u00fcz\u00fcnt\u00fcyle \u00f6\u011frenildi\u011fi belirtildi.<\/p>\n<p>Keskin&#8217;in vefat nedeninin kesin olarak belirlenmesine y\u00f6nelik Adli T\u0131p Kurumu taraf\u0131ndan y\u00fcr\u00fct\u00fclen inceleme s\u00fcrecinin devam etti\u011fi, konunun adli makamlarca t\u00fcm y\u00f6nleriyle de\u011ferlendirildi\u011fi aktar\u0131lan a\u00e7\u0131klamada, \u015funlar kaydedildi:<\/p>\n<p>&#8220;S\u00f6z konusu eski \u00e7al\u0131\u015fan Saruhan Atasoy, y\u00fcr\u00fct\u00fclen soru\u015fturma kapsam\u0131nda tutuklanm\u0131\u015f olup hukuki s\u00fcre\u00e7 devam etmektedir. \u015eirketimiz, olay\u0131n ayd\u0131nlat\u0131labilmesi amac\u0131yla ilk andan itibaren kolluk kuvvetleri ve soru\u015fturmay\u0131 y\u00fcr\u00fcten savc\u0131l\u0131k ile tam bir i\u015fbirli\u011fi i\u00e7erisinde hareket etmektedir. S\u00fcrecin hukukun \u00fcst\u00fcnl\u00fc\u011f\u00fc, \u015feffafl\u0131k ve sorumluluk ilkeleri do\u011frultusunda y\u00fcr\u00fct\u00fclmesine y\u00f6nelik hassasiyetimiz kararl\u0131l\u0131kla s\u00fcrmektedir. Bu elim olay nedeniyle hayat\u0131n\u0131 kaybeden merhum Polis Memuru Melih Okan Keskin&#8217;e Allah&#8217;tan rahmet, ailesine, yak\u0131nlar\u0131na ve sevenlerine ba\u015fsa\u011fl\u0131\u011f\u0131 ve sab\u0131r diliyoruz. Ya\u015fanan ac\u0131y\u0131 y\u00fcrekten payla\u015f\u0131yor, kamuoyunu adli s\u00fcrecin sonu\u00e7lar\u0131 do\u011frultusunda bilgilendirmeye devam edece\u011fimizi sayg\u0131yla bildiriyoruz.&#8221;<\/p>\n<p>Ayr\u0131nt\u0131lar geliyor&#8230;<\/p>\n","protected":false},"excerpt":{"rendered":"<p>T\u00dcVT\u00dcRK&#8217;te polis memurunun darbedilerek \u00f6ld\u00fcr\u00fclmesine ili\u015fkin olayda 2 istasyon \u00e7al\u0131\u015fan\u0131 tutukland\u0131.<\/p>\n","protected":false},"author":1,"featured_media":68916,"comment_status":"open","ping_status":"open","sticky":false,"template":"","format":"standard","meta":{"footnotes":""},"categories":[9,4,13],"tags":[1376,1529,1272,4428,256],"class_list":["post-68915","post","type-post","status-publish","format-standard","has-post-thumbnail","hentry","category-genel","category-gundem","category-son-dakika","tag-adli","tag-calisan","tag-istasyon","tag-keskin","tag-olay"],"_links":{"self":[{"href":"https:\/\/bihavadis.com\/index.php\/wp-json\/wp\/v2\/posts\/68915","targetHints":{"allow":["GET"]}}],"collection":[{"href":"https:\/\/bihavadis.com\/index.php\/wp-json\/wp\/v2\/posts"}],"about":[{"href":"https:\/\/bihavadis.com\/index.php\/wp-json\/wp\/v2\/types\/post"}],"author":[{"embeddable":true,"href":"https:\/\/bihavadis.com\/index.php\/wp-json\/wp\/v2\/users\/1"}],"replies":[{"embeddable":true,"href":"https:\/\/bihavadis.com\/index.php\/wp-json\/wp\/v2\/comments?post=68915"}],"version-history":[{"count":1,"href":"https:\/\/bihavadis.com\/index.php\/wp-json\/wp\/v2\/posts\/68915\/revisions"}],"predecessor-version":[{"id":68917,"href":"https:\/\/bihavadis.com\/index.php\/wp-json\/wp\/v2\/posts\/68915\/revisions\/68917"}],"wp:featuredmedia":[{"embeddable":true,"href":"https:\/\/bihavadis.com\/index.php\/wp-json\/wp\/v2\/media\/68916"}],"wp:attachment":[{"href":"https:\/\/bihavadis.com\/index.php\/wp-json\/wp\/v2\/media?parent=68915"}],"wp:term":[{"taxonomy":"category","embeddable":true,"href":"https:\/\/bihavadis.com\/index.php\/wp-json\/wp\/v2\/categories?post=68915"},{"taxonomy":"post_tag","embeddable":true,"href":"https:\/\/bihavadis.com\/index.php\/wp-json\/wp\/v2\/tags?post=68915"}],"curies":[{"name":"wp","href":"https:\/\/api.w.org\/{rel}","templated":true}]}}