{"id":68921,"date":"2026-03-10T02:36:06","date_gmt":"2026-03-10T02:36:06","guid":{"rendered":"https:\/\/bihavadis.com\/?p=68921"},"modified":"2026-03-10T02:36:06","modified_gmt":"2026-03-10T02:36:06","slug":"iso-tvf-stratejik-bir-vizyon-ile-sanayinin-donusumu-icin-guvenilir-bir-paydas","status":"publish","type":"post","link":"https:\/\/bihavadis.com\/index.php\/2026\/03\/10\/iso-tvf-stratejik-bir-vizyon-ile-sanayinin-donusumu-icin-guvenilir-bir-paydas\/","title":{"rendered":"\u0130SO: TVF, stratejik bir vizyon ile sanayinin d\u00f6n\u00fc\u015f\u00fcm\u00fc i\u00e7in g\u00fcvenilir bir payda\u015f"},"content":{"rendered":"<p>\u0130stanbul Sanayi Odas\u0131 (\u0130SO) Meclisinin \u015fubat ay\u0131 ola\u011fan toplant\u0131s\u0131 <b><em>\u201cDe\u011fer Yaratma, Stratejik Yat\u0131r\u0131mlar ve S\u00fcrd\u00fcr\u00fclebilir Kalk\u0131nma A\u00e7\u0131s\u0131ndan T\u00fcrkiye Varl\u0131k Fonu\u2019nun \u00dcretim Hayat\u0131m\u0131z A\u00e7\u0131s\u0131ndan \u00d6nemi\u201d <\/em><\/b>ana g\u00fcndemi ile Odakule Faz\u0131l Zobu Meclis Salonu\u2019nda ger\u00e7ekle\u015ftirildi. \u0130SO Y\u00f6netim Kurulu Ba\u015fkan\u0131 Erdal Bah\u00e7\u0131van\u2019\u0131n a\u00e7\u0131l\u0131\u015f konu\u015fmas\u0131n\u0131 yapt\u0131\u011f\u0131 toplant\u0131ya, T\u00fcrkiye Varl\u0131k Fonu Genel M\u00fcd\u00fcr\u00fc ve Y\u00f6netim Kurulu \u00dcyesi Arda Ermut konuk olarak kat\u0131larak g\u00fcndeme y\u00f6nelik g\u00f6r\u00fc\u015f ve de\u011ferlendirmelerini payla\u015ft\u0131.<\/p>\n<p>Konu\u015fmas\u0131nda d\u00fcnya \u00f6l\u00e7e\u011finde devletlerin giderek daha fazla oyuna dahil olmaya ba\u015flad\u0131klar\u0131na, bu do\u011frultuda uzun vadeli finansman, kamu destekli risk payla\u015f\u0131m\u0131 ve hedefli d\u00f6n\u00fc\u015f\u00fcm programlar\u0131yla sanayiyi aktif bir \u015fekilde y\u00f6nlendirmeye \u00e7al\u0131\u015ft\u0131klar\u0131na dikkat \u00e7eken \u0130SO Y\u00f6netim Kurulu Ba\u015fkan\u0131 Bah\u00e7\u0131van, <em><b>\u201cABD\u2019nin do\u011frudan yat\u0131r\u0131mlar\u0131 yeniden kendi s\u0131n\u0131rlar\u0131na \u00e7ekme \u00e7abalar\u0131ndan AB\u2019nin savunma sanayi a\u011f\u0131rl\u0131kl\u0131 te\u015fvik programlar\u0131na kadar \u00e7ok daha m\u00fcdahaleci bir yap\u0131yla kar\u015f\u0131 kar\u015f\u0131yay\u0131z. Geli\u015fmekte olan \u00fclkeler ise genelde g\u00f6reli avantaja sahip olduklar\u0131 sekt\u00f6rlere y\u00f6nelik stratejik \u00f6ncelikler belirleyerek de\u011fer zincirleri i\u00e7erisindeki yerlerini sa\u011flamla\u015ft\u0131rmaya \u00e7al\u0131\u015f\u0131yor.<\/b>\u201d <\/em>dedi.<\/p>\n<p><strong>&#8220;T\u00dcRK\u0130YE\u2019N\u0130N AZIMSANAMAYACAK G\u00dc\u00c7TE B\u0130R SANAY\u0130 ALT YAPISI VAR&#8221;<\/strong><\/p>\n<p><b><em>\u201cT\u00fcrkiye\u2019nin az\u0131msanamayacak g\u00fc\u00e7te bir sanayi alt yap\u0131s\u0131 var. \u00dcretim kabiliyetimiz, esnekli\u011fimiz, co\u011frafi konumumuz ve ihracat deneyimimiz bir\u00e7ok sekt\u00f6rde son derece \u00f6nemli avantajlar sa\u011fl\u0131yor. Ancak bu durum, bizleri kendi ger\u00e7ekli\u011fimizle y\u00fczle\u015fmekten al\u0131koymamal\u0131\u201d <\/em><\/b>diyerek konu\u015fmas\u0131na devam eden Bah\u00e7\u0131van \u015funlar\u0131 s\u00f6yledi:<\/p>\n<p>Son y\u0131llardaki iyile\u015fmelere ra\u011fmen sanayimiz halen a\u011f\u0131rl\u0131kl\u0131 olarak d\u00fc\u015f\u00fck ve orta-d\u00fc\u015f\u00fck teknolojiye dayal\u0131 bir yap\u0131ya sahip. 2024 itibar\u0131yla imalat sanayi giri\u015fimlerinin y\u00fczde 87\u2019si, istihdam\u0131n y\u00fczde 77\u2019si, cironun ise y\u00fczde 70\u2019i d\u00fc\u015f\u00fck ve orta-d\u00fc\u015f\u00fck yo\u011funluklu sanayilerde toplanm\u0131\u015f durumda.<\/p>\n<p>Daha da \u00f6nemlisi, sanayimizin uzun y\u0131llar ta\u015f\u0131y\u0131c\u0131 kolonu olmu\u015f baz\u0131 sekt\u00f6rlerimiz, son d\u00f6nemde s\u0131k\u0131 para politikalar\u0131, d\u00f6viz baz\u0131nda artan maliyetler ve bir dizi yap\u0131sal sorun nedeniyle rekabet g\u00fcc\u00fc s\u0131k\u0131nt\u0131lar\u0131 ya\u015f\u0131yor. Bu sekt\u00f6rlerde varl\u0131k ve iddialar\u0131m\u0131z\u0131 s\u00fcrd\u00fcrmemizin yolu, teknoloji a\u00e7\u0131\u011f\u0131m\u0131z\u0131 kapatarak y\u00fcksek katma de\u011fer odakl\u0131 yap\u0131sal d\u00f6n\u00fc\u015f\u00fcm\u00fc ba\u015farmam\u0131zdan ge\u00e7iyor. Bu art\u0131k bir tercih de\u011fil; d\u0131\u015f k\u0131r\u0131lganl\u0131klar\u0131 azaltmak ve s\u00fcrd\u00fcr\u00fclebilir bir kalk\u0131nma patikas\u0131na girmek i\u00e7in tarihi bir zorunluluk olarak kendini dayat\u0131yor.<\/p>\n<p>Ancak az \u00f6nce de ifade etti\u011fim gibi, sanayide d\u00f6n\u00fc\u015f\u00fcm\u00fcn yaln\u0131zca \u00f6zel sekt\u00f6r\u00fcn imkanlar\u0131yla hayata ge\u00e7irilmesinin ger\u00e7ek\u00e7i olmad\u0131\u011f\u0131 a\u00e7\u0131k. Y\u00fcksek teknoloji yat\u0131r\u0131mlar\u0131, do\u011fas\u0131 gere\u011fi sermaye yo\u011fun, getirisi uzun vadede elde edilebilen ve ba\u015flang\u0131\u00e7 a\u015famas\u0131nda risk seviyesi y\u00fcksek olabilen yat\u0131r\u0131mlar. Bu ba\u011flamda AR-GE, dijital altyap\u0131, ye\u015fil d\u00f6n\u00fc\u015f\u00fcm ve \u00f6l\u00e7eklenme gibi yat\u0131r\u0131m s\u00fcre\u00e7leri ciddi b\u00fcy\u00fckl\u00fcklerde finansman gerektiriyor. Bu nedenle kamunun daha etkin rol ald\u0131\u011f\u0131, kamu-\u00f6zel i\u015f birli\u011fine dayal\u0131, riskin payla\u015f\u0131ld\u0131\u011f\u0131 ve uzun vadeli bak\u0131\u015f a\u00e7\u0131s\u0131n\u0131n hakim oldu\u011fu bir \u00e7er\u00e7eveye ihtiyac\u0131m\u0131z var. Gerekirse daha fazla kamu kayna\u011f\u0131n\u0131n daha stratejik ve hedefli bir \u015fekilde bu d\u00f6n\u00fc\u015f\u00fcme y\u00f6nlendirilmesi gerekiyor.<\/p>\n<p><img decoding=\"async\" src=\"https:\/\/bihavadis.com\/wp-content\/uploads\/2026\/03\/iso-tvf-stratejik-bir-vizyon-ile-sanayinin-donusumu-icin-guvenilir-bir-paydas-0-nhrmfJPb.jpg\"\/><\/p>\n<p><strong>TVF, STRATEJ\u0130K KALKINMA FONU KAPSAMINDA<\/strong><\/p>\n<p>\u0130SO Y\u00f6netim Kurulu Ba\u015fkan\u0131 Erdal Bah\u00e7\u0131van, konu\u015fmas\u0131nda 2016\u2019da kurulan T\u00fcrkiye Varl\u0131k Fonu\u2019nun di\u011fer bir\u00e7ok \u00fclkedeki benzerlerine g\u00f6re yeni olmas\u0131na ra\u011fmen k\u0131sa s\u00fcrede \u00f6nemli bir ekonomik akt\u00f6r haline geldi\u011fine dikkat \u00e7ekti. D\u00fcnyadaki fonlar\u0131n kurulu\u015f ama\u00e7lar\u0131 a\u00e7\u0131s\u0131ndan T\u00fcrkiye Varl\u0131k Fonu\u2019nun \u201cstratejik kalk\u0131nma fonu\u201d kapsam\u0131na girdi\u011fini belirten Bah\u00e7\u0131van, <b><em>\u201cBu t\u00fcrdeki fonlar, do\u011frudan yat\u0131r\u0131mlar arac\u0131l\u0131\u011f\u0131yla i\u00e7 pazar\u0131 derinle\u015ftirme ve kritik sekt\u00f6rlerde ekonomik ba\u011f\u0131ms\u0131zl\u0131\u011f\u0131 g\u00fc\u00e7lendirme hedefi ta\u015f\u0131yor. T\u00fcrkiye Varl\u0131k Fonu\u2019nun temel amac\u0131 da ulusal de\u011fer ve varl\u0131klar\u0131, s\u00fcrd\u00fcr\u00fclebilir b\u00fcy\u00fcmeyi destekleyecek \u015fekilde de\u011ferlendirmek olarak tan\u0131mlan\u0131yor.\u201d<\/em><\/b> diyerek konu\u015fmas\u0131na \u015f\u00f6yle devam etti:<\/p>\n<p>Bu \u00e7er\u00e7evede, sanayi sekt\u00f6r\u00fcm\u00fcz ad\u0131na T\u00fcrkiye Varl\u0131k Fonu\u2019ndan beklentimizi a\u00e7\u0131k bir \u015fekilde dile getirmek istiyorum. Beklentimiz, Varl\u0131k Fonu\u2019nun \u00f6zel sekt\u00f6r\u00fcn yerine ge\u00e7meyen ama onunla birlikte hareket eden, riskleri payla\u015fan ve uzun vadeli d\u00f6n\u00fc\u015f\u00fcm\u00fc m\u00fcmk\u00fcn k\u0131lan bir ortak olarak konumlanmas\u0131d\u0131r. \u00d6zellikle b\u00fcy\u00fck \u00f6l\u00e7ekli, sermaye ihtiyac\u0131 y\u00fcksek ve geri d\u00f6n\u00fc\u015f s\u00fcresi uzun yat\u0131r\u0131mlarda, \u00f6zel sekt\u00f6r\u00fcn tek ba\u015f\u0131na \u00fcstlenmekte zorlanaca\u011f\u0131 risklerin payla\u015f\u0131lmas\u0131 b\u00fcy\u00fck \u00f6nem ta\u015f\u0131yor. Zira sanayimizin en kritik hedeflerinden biri, stratejik sekt\u00f6rlerde \u00f6l\u00e7ek b\u00fcy\u00fctme, kapasite derinle\u015ftirme ve k\u00fcresel \u00f6l\u00e7ekte rekabet edebilen g\u00fc\u00e7l\u00fc oyuncular yaratmakt\u0131r. Bu hedef do\u011frultusunda T\u00fcrkiye Varl\u0131k Fonu\u2019nun uzun vadeli bak\u0131\u015f a\u00e7\u0131s\u0131 ve g\u00fc\u00e7l\u00fc bilan\u00e7osuyla s\u00fcrece e\u015flik etmesi sanayimiz i\u00e7in \u00f6nemli bir kald\u0131ra\u00e7 i\u015flevi g\u00f6recektir.<\/p>\n<p><strong>B\u00dcY\u00dcK \u00c7APLI PROJELER CAR\u0130 DENGEYE KATKI A\u00c7ISINDAN KIYMETL\u0130<\/strong><\/p>\n<p>Sanayiciler olarak bu beklentinin \u00f6nemli bir boyutunun da \u00fcretimde yerlile\u015fmeyi g\u00fc\u00e7lendiren ve cari a\u00e7\u0131\u011f\u0131 yap\u0131sal olarak azaltan yat\u0131r\u0131mlar\u0131n desteklenmesi oldu\u011funu dile getiren Bah\u00e7\u0131van, <b><em>\u201cBildi\u011fimiz \u00fczere sanayi sekt\u00f6r\u00fcm\u00fczde baz\u0131 ara mal\u0131 ve ham maddelerde s\u00fcregelen d\u0131\u015fa ba\u011f\u0131ml\u0131l\u0131k, ekonomimizin k\u00fcresel \u015foklara kar\u015f\u0131 k\u0131r\u0131lganl\u0131\u011f\u0131n\u0131 art\u0131r\u0131yor.\u201d <\/em><\/b>dedi.<\/p>\n<p>Sanayiciler olarak bir di\u011fer beklentilerinin, y\u00fcksek katma de\u011ferli \u00fcretime y\u00f6nelik d\u00f6n\u00fc\u015f\u00fcm s\u00fcrecinde \u00fclkemizin AR-GE kapasitesini, teknolojik yetkinli\u011fini ve be\u015feri sermaye yap\u0131s\u0131n\u0131 g\u00fc\u00e7lendiren bir yakla\u015f\u0131m\u0131n benimsenmesi oldu\u011funa i\u015faret eden Bah\u00e7\u0131van, s\u00f6zlerini \u015f\u00f6yle s\u00fcrd\u00fcrd\u00fc:<\/p>\n<p>Varl\u0131k Fonu\u2019nun dahil oldu\u011fu projelerde yaln\u0131zca bug\u00fcn\u00fcn finansal getirisine de\u011fil, yar\u0131n\u0131n rekabet g\u00fcc\u00fcne odaklanacak bir anlay\u0131\u015f\u0131n hakim olmas\u0131, sanayimizin k\u00fcresel de\u011fer zincirinde daha \u00fcst basamaklara \u00e7\u0131kmas\u0131na katk\u0131 sa\u011flayacakt\u0131r. Hi\u00e7 ku\u015fkusuz t\u00fcm bu s\u00fcrecin serbest piyasa ilkeleriyle uyumlu, \u00f6zel sekt\u00f6r\u00fcn dinamizmini destekleyecek ve uzun vadede s\u00fcrd\u00fcr\u00fclebilirli\u011fi esas alan bir zeminde y\u00fcr\u00fct\u00fclmesi b\u00fcy\u00fck \u00f6nem arz ediyor.<\/p>\n<p>Etkin ve ak\u0131lc\u0131 bir \u015fekilde kullan\u0131ld\u0131\u011f\u0131 takdirde, T\u00fcrkiye Varl\u0131k Fonu\u2019nun sahip oldu\u011fu finansal kapasite ve stratejik vizyonun d\u00f6n\u00fc\u015f\u00fcm s\u00fcrecinde sanayimize yaln\u0131zca bir finansman arac\u0131 de\u011fil, g\u00fcvenilir bir yol arkada\u015f\u0131 olabilece\u011fine inan\u0131yorum. T\u00fcrkiye\u2019nin sanayide nitelikli bir s\u0131\u00e7rama yapabilmesi, kamu ile \u00f6zel sekt\u00f6r\u00fcn ayn\u0131 vizyon etraf\u0131nda, ayn\u0131 uzun vadeli perspektifle bulu\u015fmas\u0131ndan ge\u00e7iyor.<\/p>\n<p><img decoding=\"async\" src=\"https:\/\/bihavadis.com\/wp-content\/uploads\/2026\/03\/iso-tvf-stratejik-bir-vizyon-ile-sanayinin-donusumu-icin-guvenilir-bir-paydas-1-HfKWiwwr.jpg\"\/><\/p>\n<p>\u0130SO olarak son y\u0131llarda sanayide d\u00f6n\u00fc\u015f\u00fcm\u00fcn ger\u00e7ekle\u015ftirilmesi amac\u0131yla \u0130SO Stratejik D\u00f6n\u00fc\u015f\u00fcm Merkezi ve \u0130SO Giri\u015fim Sermayesi Yat\u0131r\u0131m Fonu\u2019nun (\u0130SO GSYF) hayata ge\u00e7irilmesi gibi \u00f6nemli ad\u0131mlar att\u0131klar\u0131n\u0131 da hat\u0131rlatan Bah\u00e7\u0131van, <b><em>\u201cBu vesileyle \u00f6zellikle ifade etmek isterim ki T\u00fcrkiye Varl\u0131k Fonu ve T\u00fcrkiye Teknoloji Fonu\u2019nun \u0130SO GSYF\u2019ye yapaca\u011f\u0131 yat\u0131r\u0131mlar\u0131n bizi daha da g\u00fc\u00e7lendirece\u011fine ve sanayinin d\u00f6n\u00fc\u015f\u00fcm\u00fcne katk\u0131 sa\u011flayaca\u011f\u0131na inan\u0131yorum.\u201d <\/em><\/b>dedi.<\/p>\n<p>T\u00fcrkiye Varl\u0131k Fonu Genel M\u00fcd\u00fcr\u00fc ve Y\u00f6netim Kurulu \u00dcyesi Arda Ermut da <b><em>\u201cSay\u0131n Cumhurba\u015fkan\u0131m\u0131z\u0131n vizyonuyla; gelecek nesillere daha g\u00fc\u00e7l\u00fc bir ekonomi b\u0131rakma hedefi do\u011frultusunda kurulan T\u00fcrkiye Varl\u0131k Fonu\u2019nun faaliyete ba\u015flad\u0131\u011f\u0131 g\u00fcnden bu yana temel yakla\u015f\u0131m\u0131, k\u0131sa vadeli sonu\u00e7lar\u0131n \u00f6tesine ge\u00e7erek uzun vadeli ve s\u00fcrd\u00fcr\u00fclebilir de\u011fer \u00fcretmek oldu. Portf\u00f6y y\u00f6netiminde de\u011fer \u00fcretmeye odaklan\u0131rken, bir yandan da T\u00fcrkiye Varl\u0131k Fonu\u2019nun temel g\u00f6rev alanlar\u0131ndan biri olan stratejik yat\u0131r\u0131mlar\u0131 hayata ge\u00e7iriyoruz. \u00d6zellikle enerji, madencilik, altyap\u0131, lojistik ve teknoloji gibi alanlarda; d\u0131\u015fa ba\u011f\u0131ml\u0131l\u0131\u011f\u0131 azaltacak, \u00fcretim kapasitesini art\u0131racak ve uzun vadeli ekonomik fayda sa\u011flayacak projelere odaklan\u0131yoruz.\u201d<\/em><\/b> dedi.<\/p>\n<div> <span><strong>Kaynak:<\/strong> Ensonhaber Haber Merkezi<\/span> <\/div>\n","protected":false},"excerpt":{"rendered":"<p>\u0130stanbul Sanayi Odas\u0131 (\u0130SO) Meclisinin \u015fubat ay\u0131 ola\u011fan toplant\u0131s\u0131 \u201cDe\u011fer Yaratma, Stratejik Yat\u0131r\u0131mlar ve S\u00fcrd\u00fcr\u00fclebilir Kalk\u0131nma A\u00e7\u0131s\u0131ndan T\u00fcrkiye Varl\u0131k Fonu\u2019nun \u00dcretim Hayat\u0131m\u0131z A\u00e7\u0131s\u0131ndan \u00d6nemi\u201d ana g\u00fcndemi ile Odakule Faz\u0131l Zobu Meclis Salonu &#8230;<\/p>\n","protected":false},"author":1,"featured_media":68922,"comment_status":"open","ping_status":"open","sticky":false,"template":"","format":"standard","meta":{"footnotes":""},"categories":[8],"tags":[1817,7714,374,7713,4220],"class_list":["post-68921","post","type-post","status-publish","format-standard","has-post-thumbnail","hentry","category-ekonomi","tag-donusum","tag-iso","tag-sanayi","tag-turkiye-varlik-fonu","tag-yatirimlar"],"_links":{"self":[{"href":"https:\/\/bihavadis.com\/index.php\/wp-json\/wp\/v2\/posts\/68921","targetHints":{"allow":["GET"]}}],"collection":[{"href":"https:\/\/bihavadis.com\/index.php\/wp-json\/wp\/v2\/posts"}],"about":[{"href":"https:\/\/bihavadis.com\/index.php\/wp-json\/wp\/v2\/types\/post"}],"author":[{"embeddable":true,"href":"https:\/\/bihavadis.com\/index.php\/wp-json\/wp\/v2\/users\/1"}],"replies":[{"embeddable":true,"href":"https:\/\/bihavadis.com\/index.php\/wp-json\/wp\/v2\/comments?post=68921"}],"version-history":[{"count":1,"href":"https:\/\/bihavadis.com\/index.php\/wp-json\/wp\/v2\/posts\/68921\/revisions"}],"predecessor-version":[{"id":68925,"href":"https:\/\/bihavadis.com\/index.php\/wp-json\/wp\/v2\/posts\/68921\/revisions\/68925"}],"wp:featuredmedia":[{"embeddable":true,"href":"https:\/\/bihavadis.com\/index.php\/wp-json\/wp\/v2\/media\/68922"}],"wp:attachment":[{"href":"https:\/\/bihavadis.com\/index.php\/wp-json\/wp\/v2\/media?parent=68921"}],"wp:term":[{"taxonomy":"category","embeddable":true,"href":"https:\/\/bihavadis.com\/index.php\/wp-json\/wp\/v2\/categories?post=68921"},{"taxonomy":"post_tag","embeddable":true,"href":"https:\/\/bihavadis.com\/index.php\/wp-json\/wp\/v2\/tags?post=68921"}],"curies":[{"name":"wp","href":"https:\/\/api.w.org\/{rel}","templated":true}]}}