{"id":68934,"date":"2026-03-10T02:45:08","date_gmt":"2026-03-10T02:45:08","guid":{"rendered":"https:\/\/bihavadis.com\/?p=68934"},"modified":"2026-03-10T02:45:08","modified_gmt":"2026-03-10T02:45:08","slug":"bakanlar-sanat-etkinliginde-bulustu","status":"publish","type":"post","link":"https:\/\/bihavadis.com\/index.php\/2026\/03\/10\/bakanlar-sanat-etkinliginde-bulustu\/","title":{"rendered":"Bakanlar Sanat Etkinli\u011finde Bulu\u015ftu"},"content":{"rendered":"<p> Milli E\u011fitim Bakan\u0131 Yusuf Tekin ile Aile ve Sosyal Hizmetler Bakan\u0131 Mahinur \u00d6zdemir G\u00f6kta\u015f, Atat\u00fcrk \u00dcniversitesi&#8217;nde d\u00fczenlenen &#8220;Kim Var Sanat Etkinli\u011fi&#8221;ne kat\u0131ld\u0131.<\/p>\n<p>\u00dcniversitenin 15 Temmuz Milli \u0130rade Salonu&#8217;nda d\u00fczenlenen etkinlik, sayg\u0131 duru\u015funda bulunulmas\u0131 ve \u0130stiklal Mar\u015f\u0131&#8217;n\u0131n okunmas\u0131yla ba\u015flad\u0131.<\/p>\n<p>Koordinat\u00f6rl\u00fc\u011f\u00fcn\u00fc 28. D\u00f6nem AK Parti \u0130stanbul Milletvekili, besteci, \u015fair ve piyanist Y\u00fccel Arzen Hac\u0131o\u011fullar\u0131&#8217;n\u0131n \u00fcstlendi\u011fi etkinlikte, \u00f6\u011frencilerden olu\u015fan koro \u00e7e\u015fitli \u015fark\u0131lar seslendirdi.<\/p>\n<p>G\u00f6kta\u015f ile Tekin&#8217;in de e\u015flik etti\u011fi \u015fark\u0131lar\u0131n s\u00f6ylendi\u011fi etkinlikte tiyatro g\u00f6sterisi sahnelendi.<\/p>\n<p>G\u00f6kta\u015f ile Tekin, Arzen&#8217;e tablo hediye ederek, protokol \u00fcyeleriyle hat\u0131ra foto\u011fraf\u0131 \u00e7ektirdi.<\/p>\n<p>Milli E\u011fitim Bakan\u0131 Tekin, burada yapt\u0131\u011f\u0131 konu\u015fmada, &#8220;Birileri, milli birli\u011fimiz ve beraberli\u011fimizden \u00e7ok rahats\u0131z. \u00c7ocuklar\u0131m\u0131z\u0131n okulda ald\u0131\u011f\u0131 e\u011fitimin bu birlikteli\u011fimizi g\u00fc\u00e7lendirmesinden ger\u00e7ekten \u00e7ok rahats\u0131zlar. Bizi ele\u015ftiriyorlar, ge\u00e7mi\u015fine ba\u011fl\u0131, gelecekten \u00fcmitli gen\u00e7ler yeti\u015ftirmek istiyoruz. Kim ne derse desin yolumuzdan d\u00f6nmeyece\u011fiz, gen\u00e7lere \u00e7ok g\u00fcveniyorum ve hepsini \u00e7ok seviyorum.&#8221; ifadelerini kulland\u0131.<\/p>\n","protected":false},"excerpt":{"rendered":"<p>Milli E\u011fitim ve Aile Bakanlar\u0131, Atat\u00fcrk \u00dcniversitesi&#8217;nde sanat etkinli\u011fine kat\u0131larak destek verdi.<\/p>\n","protected":false},"author":1,"featured_media":68935,"comment_status":"open","ping_status":"open","sticky":false,"template":"","format":"standard","meta":{"footnotes":""},"categories":[12],"tags":[],"class_list":["post-68934","post","type-post","status-publish","format-standard","has-post-thumbnail","hentry","category-siyaset"],"_links":{"self":[{"href":"https:\/\/bihavadis.com\/index.php\/wp-json\/wp\/v2\/posts\/68934","targetHints":{"allow":["GET"]}}],"collection":[{"href":"https:\/\/bihavadis.com\/index.php\/wp-json\/wp\/v2\/posts"}],"about":[{"href":"https:\/\/bihavadis.com\/index.php\/wp-json\/wp\/v2\/types\/post"}],"author":[{"embeddable":true,"href":"https:\/\/bihavadis.com\/index.php\/wp-json\/wp\/v2\/users\/1"}],"replies":[{"embeddable":true,"href":"https:\/\/bihavadis.com\/index.php\/wp-json\/wp\/v2\/comments?post=68934"}],"version-history":[{"count":1,"href":"https:\/\/bihavadis.com\/index.php\/wp-json\/wp\/v2\/posts\/68934\/revisions"}],"predecessor-version":[{"id":68936,"href":"https:\/\/bihavadis.com\/index.php\/wp-json\/wp\/v2\/posts\/68934\/revisions\/68936"}],"wp:featuredmedia":[{"embeddable":true,"href":"https:\/\/bihavadis.com\/index.php\/wp-json\/wp\/v2\/media\/68935"}],"wp:attachment":[{"href":"https:\/\/bihavadis.com\/index.php\/wp-json\/wp\/v2\/media?parent=68934"}],"wp:term":[{"taxonomy":"category","embeddable":true,"href":"https:\/\/bihavadis.com\/index.php\/wp-json\/wp\/v2\/categories?post=68934"},{"taxonomy":"post_tag","embeddable":true,"href":"https:\/\/bihavadis.com\/index.php\/wp-json\/wp\/v2\/tags?post=68934"}],"curies":[{"name":"wp","href":"https:\/\/api.w.org\/{rel}","templated":true}]}}