{"id":68940,"date":"2026-03-10T02:51:11","date_gmt":"2026-03-10T02:51:11","guid":{"rendered":"https:\/\/bihavadis.com\/?p=68940"},"modified":"2026-03-10T02:51:11","modified_gmt":"2026-03-10T02:51:11","slug":"istanbulda-bir-cocuk-kapagi-calinan-rogara-dustu","status":"publish","type":"post","link":"https:\/\/bihavadis.com\/index.php\/2026\/03\/10\/istanbulda-bir-cocuk-kapagi-calinan-rogara-dustu\/","title":{"rendered":"\u0130stanbul&#8217;da bir \u00e7ocuk kapa\u011f\u0131 \u00e7al\u0131nan r\u00f6gara d\u00fc\u015ft\u00fc"},"content":{"rendered":"<p>\u0130stanbul&#8217;un G\u00fcng\u00f6ren il\u00e7esi Mare\u015fal \u00c7akmak Mahallesi&#8217;nde bir sokakta, saat 08.00 s\u0131ralar\u0131nda korkutan bir kaza meydana geldi.<\/p>\n<p>4&#8217;\u00fcnc\u00fc s\u0131n\u0131f \u00f6\u011frencisi Mustafa Tu\u011frul T., okula gitmek i\u00e7in kald\u0131r\u0131mda y\u00fcr\u00fcd\u00fc\u011f\u00fc s\u0131rada yakla\u015f\u0131k 4 metre derinli\u011findeki r\u00f6gara d\u00fc\u015ft\u00fc.<\/p>\n<p>\u00c7ocu\u011fun, r\u00f6gar\u0131n \u00fcst\u00fcnde bulunan tahta kapa\u011f\u0131n\u0131n caml\u0131 b\u00f6l\u00fcm\u00fcne bas\u0131p d\u00fc\u015ft\u00fc\u011f\u00fc ortaya \u00e7\u0131kt\u0131.<\/p>\n<p><strong>EK\u0130PLER SEVK ED\u0130LD\u0130 <\/strong><\/p>\n<p>Yard\u0131m \u00e7\u0131\u011fl\u0131klar\u0131 \u00fczerine \u00e7evredeki vatanda\u015flar \u00e7ocu\u011fun yard\u0131m\u0131na ko\u015ftu.<\/p>\n<p>\u0130hbar \u00fczerine olay yerine sa\u011fl\u0131k, polis ve itfaiye ekibi sevk edildi.<\/p>\n<p>Halat yard\u0131m\u0131yla yaral\u0131 \u00e7ocuk d\u00fc\u015ft\u00fc\u011f\u00fc yerden kurtar\u0131ld\u0131.<\/p>\n<p><img decoding=\"async\" src=\"https:\/\/bihavadis.com\/wp-content\/uploads\/2026\/03\/istanbulda-bir-cocuk-kapagi-calinan-rogara-dustu-0-FgtlLsYL.jpg\"\/><\/p>\n<p><strong>HASTANEYE KALDIRILDI <\/strong><\/p>\n<p>Sa\u011fl\u0131k ekiplerinin ilk m\u00fcdahalesini olay yerinde yapt\u0131\u011f\u0131 4&#8217;\u00fcnc\u00fc s\u0131n\u0131f \u00f6\u011frencisi \u00e7ocuk, ambulansla Ba\u011fc\u0131lar E\u011fitim ve Ara\u015ft\u0131rma Hastanesi&#8217;ne kald\u0131r\u0131larak tedavi alt\u0131na al\u0131nd\u0131.<\/p>\n<p>Kolundan ve ba\u015f\u0131ndan yaraland\u0131\u011f\u0131 \u00f6\u011frenilen \u00e7ocu\u011fun hayati tehlikesinin olmad\u0131\u011f\u0131 \u00f6\u011frenildi. Polis olayla ilgili soru\u015fturma ba\u015flatt\u0131.<\/p>\n<p><img decoding=\"async\" src=\"https:\/\/bihavadis.com\/wp-content\/uploads\/2026\/03\/istanbulda-bir-cocuk-kapagi-calinan-rogara-dustu-1-uNc8PmJC.jpg\"\/><\/p>\n<p><strong>&#8220;HURDACILAR R\u00d6GAR KAPA\u011eINI \u00c7ALMI\u015e&#8221;<\/strong><\/p>\n<p>Polis ekipleri ve itfaiye ekipleri olay\u0131n oldu\u011fu kuyunun etraf\u0131na g\u00fcvenlik \u015feridi \u00e7ekerken polis ekipleri olayla ilgili soru\u015fturma ba\u015flatt\u0131.<\/p>\n<p>G\u00f6rg\u00fc tan\u0131\u011f\u0131 Cuma I\u015f\u0131k,<em><b> &#8220;Bu binada y\u0131k\u0131m var bug\u00fcn d\u00fcn \u00e7er\u00e7eveleri s\u00f6kt\u00fcler. Hatta kep\u00e7e gelecekti ak\u015fam yer bulunamad\u0131. Hurdac\u0131lar r\u00f6gar kapa\u011f\u0131n\u0131 \u00e7alm\u0131\u015flar; \u00fczerine tahta kap\u0131 koymu\u015flar.Bir \u00e7ocuk da yoldan ge\u00e7erken \u00fczerine bas\u0131yor. K\u0131r\u0131l\u0131nca r\u00f6gara d\u00fc\u015f\u00fcyor. Ambulans polis geldi. Muhtemelen kolunca, baca\u011f\u0131nda k\u0131r\u0131k olabilir. \u00c7ocuk ambulansla hastaneye g\u00f6t\u00fcr\u00fcld\u00fc. \u00c7ocu\u011fun ciddi bir \u015feyi yok korkmu\u015ftu biraz. Yan\u0131nda bir k\u0131z ve annesi vard\u0131 polis gerekli tedbirleri ald\u0131.&#8221; <\/b><\/em>diye konu\u015ftu.<\/p>\n<p><img decoding=\"async\" src=\"https:\/\/bihavadis.com\/wp-content\/uploads\/2026\/03\/istanbulda-bir-cocuk-kapagi-calinan-rogara-dustu-2-d6IcFyyz.jpg\"\/> <\/p>\n<div> <span><strong>Kaynak:<\/strong> Demir\u00f6ren Haber Ajans\u0131 (DHA)<\/span> <\/div>\n","protected":false},"excerpt":{"rendered":"<p>\u0130stanbul&#8217;un G\u00fcng\u00f6ren il\u00e7esi Mare\u015fal \u00c7akmak Mahallesi&#8217;nde bir sokakta, saat 08.00 s\u0131ralar\u0131nda korkutan bir kaza meydana geldi. 4&#8217;\u00fcnc\u00fc s\u0131n\u0131f \u00f6\u011frencisi Mustafa Tu\u011frul T., okula gitmek i\u00e7in kald\u0131r\u0131mda y\u00fcr\u00fcd\u00fc\u011f\u00fc s\u0131rada yakla\u015f\u0131k 4 metre derinli\u011findeki &#8230;<\/p>\n","protected":false},"author":1,"featured_media":68941,"comment_status":"open","ping_status":"open","sticky":false,"template":"","format":"standard","meta":{"footnotes":""},"categories":[4,13],"tags":[279,256,261,7718],"class_list":["post-68940","post","type-post","status-publish","format-standard","has-post-thumbnail","hentry","category-gundem","category-son-dakika","tag-ekipler","tag-olay","tag-polis","tag-rogar"],"_links":{"self":[{"href":"https:\/\/bihavadis.com\/index.php\/wp-json\/wp\/v2\/posts\/68940","targetHints":{"allow":["GET"]}}],"collection":[{"href":"https:\/\/bihavadis.com\/index.php\/wp-json\/wp\/v2\/posts"}],"about":[{"href":"https:\/\/bihavadis.com\/index.php\/wp-json\/wp\/v2\/types\/post"}],"author":[{"embeddable":true,"href":"https:\/\/bihavadis.com\/index.php\/wp-json\/wp\/v2\/users\/1"}],"replies":[{"embeddable":true,"href":"https:\/\/bihavadis.com\/index.php\/wp-json\/wp\/v2\/comments?post=68940"}],"version-history":[{"count":1,"href":"https:\/\/bihavadis.com\/index.php\/wp-json\/wp\/v2\/posts\/68940\/revisions"}],"predecessor-version":[{"id":68945,"href":"https:\/\/bihavadis.com\/index.php\/wp-json\/wp\/v2\/posts\/68940\/revisions\/68945"}],"wp:featuredmedia":[{"embeddable":true,"href":"https:\/\/bihavadis.com\/index.php\/wp-json\/wp\/v2\/media\/68941"}],"wp:attachment":[{"href":"https:\/\/bihavadis.com\/index.php\/wp-json\/wp\/v2\/media?parent=68940"}],"wp:term":[{"taxonomy":"category","embeddable":true,"href":"https:\/\/bihavadis.com\/index.php\/wp-json\/wp\/v2\/categories?post=68940"},{"taxonomy":"post_tag","embeddable":true,"href":"https:\/\/bihavadis.com\/index.php\/wp-json\/wp\/v2\/tags?post=68940"}],"curies":[{"name":"wp","href":"https:\/\/api.w.org\/{rel}","templated":true}]}}