{"id":68988,"date":"2026-03-10T03:15:09","date_gmt":"2026-03-10T03:15:09","guid":{"rendered":"https:\/\/bihavadis.com\/?p=68988"},"modified":"2026-03-10T03:15:09","modified_gmt":"2026-03-10T03:15:09","slug":"sarikamista-kayak-yarislari-tamamlandi","status":"publish","type":"post","link":"https:\/\/bihavadis.com\/index.php\/2026\/03\/10\/sarikamista-kayak-yarislari-tamamlandi\/","title":{"rendered":"Sar\u0131kam\u0131\u015f&#8217;ta Kayak Yar\u0131\u015flar\u0131 Tamamland\u0131"},"content":{"rendered":"<p> T\u00fcrkiye Kayak Federasyonu 2025-2026 faaliyet program\u0131nda yer alan Berkin Usta Sezonu Alp Disiplini U18 ve B\u00fcy\u00fckler 1. Etap Kayak Yar\u0131\u015flar\u0131, Kars&#8217;\u0131n Sar\u0131kam\u0131\u015f il\u00e7esinde tamamland\u0131.<\/p>\n<p>Sar\u0131kam\u0131\u015f Kayak Merkezi&#8217;nde d\u00fczenlenen yar\u0131\u015flara, 16 ilden 94 sporcu kat\u0131ld\u0131. Sporcular sar\u0131\u00e7am ormanlar\u0131 aras\u0131ndaki pistte derece yapabilmek i\u00e7in k\u0131yas\u0131ya m\u00fccadele etti.<\/p>\n<p>Yar\u0131\u015flar sonunda, U18 B\u00fcy\u00fck Erkekler b\u00fcy\u00fck slalomda Kerem \u00c7al\u0131\u015f birinci, Kayra K\u0131y\u0131c\u0131 ikinci, Emin Dilik \u00fc\u00e7\u00fcnc\u00fcl\u00fc\u011f\u00fc elde etti.<\/p>\n<p>U18 Kad\u0131nlar b\u00fcy\u00fck slalomda Alevnur Ta\u015fkent birinci, Berra Kartal ikinci, Yapraknur Seylan \u00fc\u00e7\u00fcnc\u00fc s\u0131rada yer ald\u0131.<\/p>\n<p>Erkekler b\u00fcy\u00fck slalomda Yunuscan Er\u015fan birinci, Can G\u00f6yda\u015f ikinci, Muhammed Fuat Kazan\u00e7 \u00fc\u00e7\u00fcnc\u00fc olurken, kad\u0131nlar b\u00fcy\u00fck slalomda ise S\u0131la Kara birinci, Nehir Atilla ikinci, Dafne Yuvacan da yar\u0131\u015f\u0131 \u00fc\u00e7\u00fcnc\u00fc tamamlad\u0131.<\/p>\n<p>Dereceye giren sporculara d\u00fczenlenen t\u00f6renle madalyalar\u0131 verildi.<\/p>\n<p>Kars Valisi Ziya Polat, gazetecilere yapt\u0131\u011f\u0131 a\u00e7\u0131klamada, bu y\u0131l federasyonun d\u00fczenledi\u011fi ikinci yar\u0131\u015fman\u0131n Sar\u0131kam\u0131\u015f&#8217;ta ger\u00e7ekle\u015fti\u011fini belirterek, &#8220;T\u00fcrkiye&#8217;nin en \u00f6nemli turizm merkezinde yar\u0131\u015f yapan, kayak yapmay\u0131 \u00e7ok iyi bilen, olimpiyatlarda in\u015fallah bayra\u011f\u0131m\u0131z\u0131 temsil edecek \u00e7ocuklar\u0131m\u0131z\u0131 yeti\u015ftirmek zorunday\u0131z. Eme\u011fi ge\u00e7enlere te\u015fekk\u00fcr ediyorum.&#8221; dedi.<\/p>\n<p>T\u00fcrkiye Kayak Federasyonu Alp Disiplini Teknik Kurul Ba\u015fkan\u0131 At\u0131n\u00e7 Ta\u015fdemir de &#8220;Sar\u0131kam\u0131\u015f&#8217;ta iki g\u00fcnd\u00fcr yapt\u0131\u011f\u0131m\u0131z yar\u0131\u015flar kazas\u0131z belas\u0131z y\u00fcksek performansta bitti. \u00d6n\u00fcm\u00fczdeki s\u00fcre\u00e7te, Erzurum ve Uluda\u011f&#8217;daki yar\u0131\u015flarda sezonumuzu devam ettirece\u011fiz.&#8221; diye konu\u015ftu.<\/p>\n<p>Milli sporcu S\u0131la Kara ise derece yapt\u0131\u011f\u0131 i\u00e7in mutlu oldu\u011funu dile getirerek, &#8220;Alp disiplini b\u00fcy\u00fck slalom birinci ayak yar\u0131\u015flar\u0131nda Erzurum&#8217;a alt\u0131n madalya kazand\u0131rd\u0131m. Bize destek olan herkese \u00e7ok te\u015fekk\u00fcr ediyoruz.&#8221; ifadelerini kulland\u0131.<\/p>\n<p>Madalya t\u00f6renine Sar\u0131kam\u0131\u015f Kaymakam\u0131 Enis Aslantatar, Kars Gen\u00e7lik ve Spor \u0130l M\u00fcd\u00fcr\u00fc Mehmet Ba\u015fk\u00f6yl\u00fc, Sar\u0131kam\u0131\u015f Gen\u00e7lik ve Spor \u0130l\u00e7e M\u00fcd\u00fcr\u00fc B\u00fclent Y\u0131ld\u0131r\u0131m, Kayak \u0130l Temsilcisi Ali Ko\u00e7ak, sporcular ve vatanda\u015flar kat\u0131ld\u0131.<\/p>\n","protected":false},"excerpt":{"rendered":"<p>Kars&#8217;\u0131n Sar\u0131kam\u0131\u015f il\u00e7esinde U18 ve B\u00fcy\u00fckler kayak yar\u0131\u015flar\u0131 ba\u015far\u0131l\u0131 bir \u015fekilde ger\u00e7ekle\u015ftirildi.<\/p>\n","protected":false},"author":1,"featured_media":68989,"comment_status":"open","ping_status":"open","sticky":false,"template":"","format":"standard","meta":{"footnotes":""},"categories":[14],"tags":[3775,331,1487,4476,7720],"class_list":["post-68988","post","type-post","status-publish","format-standard","has-post-thumbnail","hentry","category-spor","tag-birinci","tag-ikinci","tag-kayak","tag-sarikamis","tag-yarislar"],"_links":{"self":[{"href":"https:\/\/bihavadis.com\/index.php\/wp-json\/wp\/v2\/posts\/68988","targetHints":{"allow":["GET"]}}],"collection":[{"href":"https:\/\/bihavadis.com\/index.php\/wp-json\/wp\/v2\/posts"}],"about":[{"href":"https:\/\/bihavadis.com\/index.php\/wp-json\/wp\/v2\/types\/post"}],"author":[{"embeddable":true,"href":"https:\/\/bihavadis.com\/index.php\/wp-json\/wp\/v2\/users\/1"}],"replies":[{"embeddable":true,"href":"https:\/\/bihavadis.com\/index.php\/wp-json\/wp\/v2\/comments?post=68988"}],"version-history":[{"count":1,"href":"https:\/\/bihavadis.com\/index.php\/wp-json\/wp\/v2\/posts\/68988\/revisions"}],"predecessor-version":[{"id":68990,"href":"https:\/\/bihavadis.com\/index.php\/wp-json\/wp\/v2\/posts\/68988\/revisions\/68990"}],"wp:featuredmedia":[{"embeddable":true,"href":"https:\/\/bihavadis.com\/index.php\/wp-json\/wp\/v2\/media\/68989"}],"wp:attachment":[{"href":"https:\/\/bihavadis.com\/index.php\/wp-json\/wp\/v2\/media?parent=68988"}],"wp:term":[{"taxonomy":"category","embeddable":true,"href":"https:\/\/bihavadis.com\/index.php\/wp-json\/wp\/v2\/categories?post=68988"},{"taxonomy":"post_tag","embeddable":true,"href":"https:\/\/bihavadis.com\/index.php\/wp-json\/wp\/v2\/tags?post=68988"}],"curies":[{"name":"wp","href":"https:\/\/api.w.org\/{rel}","templated":true}]}}