{"id":69091,"date":"2026-03-10T04:36:10","date_gmt":"2026-03-10T04:36:10","guid":{"rendered":"https:\/\/bihavadis.com\/?p=69091"},"modified":"2026-03-10T04:36:10","modified_gmt":"2026-03-10T04:36:10","slug":"koyluler-yanginla-yanan-evi-imece-usulu-yeniden-insa-ediyor","status":"publish","type":"post","link":"https:\/\/bihavadis.com\/index.php\/2026\/03\/10\/koyluler-yanginla-yanan-evi-imece-usulu-yeniden-insa-ediyor\/","title":{"rendered":"K\u00f6yl\u00fcler Yang\u0131nla Yanan Evi \u0130mece Usul\u00fc Yeniden \u0130n\u015fa Ediyor"},"content":{"rendered":"<p> K\u00fctahya&#8217;n\u0131n Domani\u00e7 il\u00e7esinde yang\u0131n nedeniyle kullan\u0131lamaz hale gelen 2 katl\u0131 ev, k\u00f6yl\u00fclerin imece usul\u00fcyle in\u015fa ediliyor.<\/p>\n<p>\u0130l\u00e7eye yakla\u015f\u0131k 5 kilometre uzakl\u0131ktaki B\u00fckerler K\u00f6y\u00fc&#8217;nde ikamet eden Celal Emer&#8217;e ait 2 katl\u0131 evde 4 Aral\u0131k&#8217;ta yang\u0131n \u00e7\u0131kt\u0131.<\/p>\n<p>Yang\u0131nda yara almadan kurtulan ailenin evi kullan\u0131lamaz hale geldi.<\/p>\n<p>Olay\u0131n ard\u0131ndan bir araya gelen k\u00f6y sakinleri, yanan evi imece usul\u00fcyle yeniden in\u015fa etmeye ba\u015flad\u0131.<\/p>\n<p>El birli\u011fiyle kom\u015fular\u0131n\u0131n evini onarmaya \u00e7al\u0131\u015fan k\u00f6yl\u00fclerin dayan\u0131\u015fmas\u0131na, \u00e7evre k\u00f6ylerden de in\u015faat ustalar\u0131 destek veriyor.<\/p>\n<p>El birli\u011fiyle evi onar\u0131yorlar<\/p>\n<p>Ev sahibi Celal Emer&#8217;in o\u011flu S\u00fcleyman Emer, gazetecilere yapt\u0131\u011f\u0131 a\u00e7\u0131klamada, Aral\u0131k ay\u0131nda b\u00fcy\u00fck bir yang\u0131n facias\u0131 ya\u015fad\u0131klar\u0131n\u0131 s\u00f6yledi.<\/p>\n<p>Yang\u0131n\u0131n ard\u0131ndan k\u00f6yl\u00fcler taraf\u0131ndan yanan evde tadilat i\u015flerinin ba\u015flad\u0131\u011f\u0131n\u0131 vurgulayan Emer, &#8220;Bu olaydan sonra k\u00f6yl\u00fclerimizin maddi ve manevi hi\u00e7bir \u015feylerini esirgemeden yan\u0131m\u0131zda oldu\u011funu g\u00f6rd\u00fck. Bu ev el birli\u011fiyle in\u015fa edildi. Allah kimsenin ba\u015f\u0131na b\u00f6yle bir felaket vermesin. Ailem ad\u0131na herkese te\u015fekk\u00fcr ediyorum.&#8221; diye konu\u015ftu.<\/p>\n<p>Ailenin yak\u0131nlar\u0131ndan Sabri Emer ise \u00e7al\u0131\u015fmalar\u0131n hava \u015fartlar\u0131na ra\u011fmen devam etti\u011fini, Ramazan ay\u0131 sonu ile Kurban Bayram\u0131 aras\u0131na kadar evi tamamlamay\u0131 ama\u00e7lad\u0131klar\u0131n\u0131 belirtti.<\/p>\n<p>Emer, ya\u011fmur ve \u00e7amura ra\u011fmen ustalar\u0131n b\u00fcy\u00fck bir \u00f6zveriyle \u00e7al\u0131\u015ft\u0131\u011f\u0131n\u0131 vurgulad\u0131.<\/p>\n<p>B\u00fckerler K\u00f6y\u00fc Muhtar\u0131 Ali Kara ise meydana gelen yang\u0131n\u0131n ard\u0131ndan k\u00f6yl\u00fcler ve kurumlar\u0131n i\u015f birli\u011fiyle hafriyat\u0131 kald\u0131rd\u0131\u011f\u0131n\u0131 aktararak, &#8220;K\u00f6yl\u00fclerimizle birlikte ailenin ma\u011fdur olmamas\u0131 i\u00e7in birlik ve beraberlik i\u00e7inde in\u015faata ba\u015flad\u0131k. Bu s\u00fcre i\u00e7erisinde t\u00fcm kurumlar bize \u00e7ok destek verdi. Bizler de evi tamamlamaya \u00e7al\u0131\u015f\u0131yoruz. Evin \u00e7at\u0131s\u0131 tamamlanmak \u00fczere, i\u00e7erisini de tamamlay\u0131p s\u0131vas\u0131n\u0131 yapt\u0131ktan sonra camlar\u0131n\u0131 da tak\u0131p, yanmadan \u00f6nceki haline getirmeye \u00e7al\u0131\u015f\u0131yoruz.&#8221; ifadelerine yer verdi.<\/p>\n","protected":false},"excerpt":{"rendered":"<p>Domani\u00e7&#8217;te yang\u0131n sonras\u0131 k\u00f6y halk\u0131 el birli\u011fiyle yanan evi yeniden in\u015fa etmeye ba\u015flad\u0131.<\/p>\n","protected":false},"author":1,"featured_media":69092,"comment_status":"open","ping_status":"open","sticky":false,"template":"","format":"standard","meta":{"footnotes":""},"categories":[9,4,13],"tags":[7729,362,1436,600],"class_list":["post-69091","post","type-post","status-publish","format-standard","has-post-thumbnail","hentry","category-genel","category-gundem","category-son-dakika","tag-emer","tag-insa","tag-koy","tag-yangin"],"_links":{"self":[{"href":"https:\/\/bihavadis.com\/index.php\/wp-json\/wp\/v2\/posts\/69091","targetHints":{"allow":["GET"]}}],"collection":[{"href":"https:\/\/bihavadis.com\/index.php\/wp-json\/wp\/v2\/posts"}],"about":[{"href":"https:\/\/bihavadis.com\/index.php\/wp-json\/wp\/v2\/types\/post"}],"author":[{"embeddable":true,"href":"https:\/\/bihavadis.com\/index.php\/wp-json\/wp\/v2\/users\/1"}],"replies":[{"embeddable":true,"href":"https:\/\/bihavadis.com\/index.php\/wp-json\/wp\/v2\/comments?post=69091"}],"version-history":[{"count":1,"href":"https:\/\/bihavadis.com\/index.php\/wp-json\/wp\/v2\/posts\/69091\/revisions"}],"predecessor-version":[{"id":69093,"href":"https:\/\/bihavadis.com\/index.php\/wp-json\/wp\/v2\/posts\/69091\/revisions\/69093"}],"wp:featuredmedia":[{"embeddable":true,"href":"https:\/\/bihavadis.com\/index.php\/wp-json\/wp\/v2\/media\/69092"}],"wp:attachment":[{"href":"https:\/\/bihavadis.com\/index.php\/wp-json\/wp\/v2\/media?parent=69091"}],"wp:term":[{"taxonomy":"category","embeddable":true,"href":"https:\/\/bihavadis.com\/index.php\/wp-json\/wp\/v2\/categories?post=69091"},{"taxonomy":"post_tag","embeddable":true,"href":"https:\/\/bihavadis.com\/index.php\/wp-json\/wp\/v2\/tags?post=69091"}],"curies":[{"name":"wp","href":"https:\/\/api.w.org\/{rel}","templated":true}]}}