{"id":6921,"date":"2026-01-30T21:48:06","date_gmt":"2026-01-30T21:48:06","guid":{"rendered":"https:\/\/bihavadis.com\/?p=6921"},"modified":"2026-01-30T21:48:06","modified_gmt":"2026-01-30T21:48:06","slug":"vedas-ile-kalder-arasinda-iyi-niyet-bildirgesi-imzalandi","status":"publish","type":"post","link":"https:\/\/bihavadis.com\/index.php\/2026\/01\/30\/vedas-ile-kalder-arasinda-iyi-niyet-bildirgesi-imzalandi\/","title":{"rendered":"VEDA\u015e ile KalDer aras\u0131nda iyi niyet bildirgesi imzaland\u0131"},"content":{"rendered":"<p>T\u00fcrker Vang\u00f6l\u00fc Enerji Yat\u0131r\u0131m A.\u015e.\u2019nin (T\u00fcrker VEYA\u015e) ba\u011fl\u0131 ortakl\u0131\u011f\u0131 olarak elektrik da\u011f\u0131t\u0131m hizmeti sunan Vang\u00f6l\u00fc Elektrik Da\u011f\u0131t\u0131m A.\u015e. (VEDA\u015e), T\u00fcrkiye Kalite Derne\u011fi (KalDer) ile \u00f6nemli bir i\u015f birli\u011fine imza att\u0131.<\/p>\n<p>\u0130mzalanan iyi niyet bildirgesiyle kalite odakl\u0131 y\u00f6netim anlay\u0131\u015f\u0131n\u0131n g\u00fc\u00e7lendirilmesi hedefleniyor.<\/p>\n<p><strong>KAL\u0130TE VE S\u00dcRD\u00dcR\u00dcLEB\u0130L\u0130RL\u0130KTE ORTAK HEDEFLER<\/strong><\/p>\n<p>Van, Mu\u015f, Hakk\u00e2ri ve Bitlis illerini kapsayan ve 2 milyonu a\u015fk\u0131n n\u00fcfusa hizmet veren VEDA\u015e, KalDer ile imzalad\u0131\u011f\u0131 iyi niyet bildirgesi kapsam\u0131nda; kurumsal m\u00fckemmellik, s\u00fcrd\u00fcr\u00fclebilirlik, s\u00fcre\u00e7 iyile\u015ftirme ve payda\u015f memnuniyeti alanlar\u0131nda ortak \u00e7al\u0131\u015fmalar y\u00fcr\u00fctmeyi ama\u00e7l\u0131yor.<\/p>\n<p>Bildirgeyle ayr\u0131ca kalite k\u00fclt\u00fcr\u00fcn\u00fcn kurum genelinde yayg\u0131nla\u015ft\u0131r\u0131lmas\u0131 ve iyi uygulama \u00f6rneklerinin desteklenmesi hedefleniyor.<\/p>\n<p><strong>\u0130MZA T\u00d6REN\u0130 ANKARA\u2019DA GER\u00c7EKLE\u015eT\u0130R\u0130LD\u0130<\/strong><\/p>\n<p>VEDA\u015e Ankara Temsilcilik Ofisi\u2019nde 23 Ocak 2026 tarihinde d\u00fczenlenen imza t\u00f6renine, VEDA\u015e Genel M\u00fcd\u00fcr\u00fc Ahmet Sait Akbo\u011fa ile KalDer Ankara \u015eubesi Y\u00f6netim Kurulu Ba\u015fkan\u0131 A. Tayfun Terzio\u011flu kat\u0131ld\u0131.<\/p>\n<p><img decoding=\"async\" src=\"https:\/\/bihavadis.com\/wp-content\/uploads\/2026\/01\/vedas-ile-kalder-arasinda-iyi-niyet-bildirgesi-imzalandi-0-cCU8Fnc7.jpg\"\/><\/p>\n<p><strong>\u201cKAL\u0130TE, S\u00dcRD\u00dcR\u00dcLEB\u0130L\u0130R KALKINMANIN TEMEL YAPI TA\u015eLARINDAN B\u0130R\u0130\u201d<\/strong><\/p>\n<p>\u0130mza t\u00f6reninin ard\u0131ndan de\u011ferlendirmelerde bulunan VEDA\u015e Genel M\u00fcd\u00fcr\u00fc Ahmet Sait Akbo\u011fa, KalDer ile yap\u0131lan i\u015f birli\u011finden duyduklar\u0131 memnuniyeti dile getirdi.<\/p>\n<p>Akbo\u011fa, kalite anlay\u0131\u015f\u0131n\u0131n yaln\u0131zca kurumsal performansla s\u0131n\u0131rl\u0131 olmad\u0131\u011f\u0131n\u0131 vurgulayarak, <b><em>\u201cKalite; kamu hizmetlerinin etkinli\u011fi, payda\u015f g\u00fcveni ve \u00fclkemizin s\u00fcrd\u00fcr\u00fclebilir kalk\u0131nmas\u0131n\u0131n da temel yap\u0131 ta\u015flar\u0131ndan biridir. Enerji da\u011f\u0131t\u0131m\u0131 gibi kritik bir alanda faaliyet g\u00f6steren bir kurum olarak sorumluluklar\u0131m\u0131z\u0131 bu anlay\u0131\u015fla yerine getirmeyi \u00f6nemsiyoruz.\u201d<\/em><\/b> dedi.<\/p>\n<p><strong>\u201c\u00dcLKEM\u0130Z\u0130N KAL\u0130TE EKOS\u0130STEM\u0130NE DE\u011eER KATACAK\u201d<\/strong><\/p>\n<p>KalDer i\u015f birli\u011finin kurumsal m\u00fckemmellik yakla\u015f\u0131mlar\u0131n\u0131 g\u00fc\u00e7lendirece\u011fini ifade eden Akbo\u011fa, <b><em>\u201c\u0130\u015f birli\u011fimizin payda\u015flar\u0131m\u0131z i\u00e7in daha g\u00fcvenilir ve kaliteli hizmet sunmam\u0131za katk\u0131 sa\u011flayaca\u011f\u0131na ve uzun vadede \u00fclkemizin kalite ekosistemine de\u011fer kataca\u011f\u0131na inan\u0131yoruz. KalDer\u2019e katk\u0131lar\u0131 i\u00e7in te\u015fekk\u00fcr ediyor, iyi niyet bildirgesinin t\u00fcm taraflar i\u00e7in hay\u0131rl\u0131 olmas\u0131n\u0131 diliyorum.\u201d <\/em><\/b>ifadelerini kulland\u0131.<\/p>\n","protected":false},"excerpt":{"rendered":"<p>Vang\u00f6l\u00fc Elektrik Da\u011f\u0131t\u0131m A.\u015e. (VEDA\u015e) ile T\u00fcrkiye Kalite Derne\u011fi (KalDer), kurumsal m\u00fckemmellik ve kalite k\u00fclt\u00fcr\u00fcn\u00fcn yayg\u0131nla\u015ft\u0131r\u0131lmas\u0131 amac\u0131yla iyi niyet bildirgesine imza att\u0131.<\/p>\n","protected":false},"author":1,"featured_media":6922,"comment_status":"open","ping_status":"open","sticky":false,"template":"","format":"standard","meta":{"footnotes":""},"categories":[8],"tags":[453,1620,1619,1570,1621],"class_list":["post-6921","post","type-post","status-publish","format-standard","has-post-thumbnail","hentry","category-ekonomi","tag-imza","tag-kalder","tag-kalite","tag-kurum","tag-vedas"],"_links":{"self":[{"href":"https:\/\/bihavadis.com\/index.php\/wp-json\/wp\/v2\/posts\/6921","targetHints":{"allow":["GET"]}}],"collection":[{"href":"https:\/\/bihavadis.com\/index.php\/wp-json\/wp\/v2\/posts"}],"about":[{"href":"https:\/\/bihavadis.com\/index.php\/wp-json\/wp\/v2\/types\/post"}],"author":[{"embeddable":true,"href":"https:\/\/bihavadis.com\/index.php\/wp-json\/wp\/v2\/users\/1"}],"replies":[{"embeddable":true,"href":"https:\/\/bihavadis.com\/index.php\/wp-json\/wp\/v2\/comments?post=6921"}],"version-history":[{"count":1,"href":"https:\/\/bihavadis.com\/index.php\/wp-json\/wp\/v2\/posts\/6921\/revisions"}],"predecessor-version":[{"id":6924,"href":"https:\/\/bihavadis.com\/index.php\/wp-json\/wp\/v2\/posts\/6921\/revisions\/6924"}],"wp:featuredmedia":[{"embeddable":true,"href":"https:\/\/bihavadis.com\/index.php\/wp-json\/wp\/v2\/media\/6922"}],"wp:attachment":[{"href":"https:\/\/bihavadis.com\/index.php\/wp-json\/wp\/v2\/media?parent=6921"}],"wp:term":[{"taxonomy":"category","embeddable":true,"href":"https:\/\/bihavadis.com\/index.php\/wp-json\/wp\/v2\/categories?post=6921"},{"taxonomy":"post_tag","embeddable":true,"href":"https:\/\/bihavadis.com\/index.php\/wp-json\/wp\/v2\/tags?post=6921"}],"curies":[{"name":"wp","href":"https:\/\/api.w.org\/{rel}","templated":true}]}}