{"id":69220,"date":"2026-03-10T06:12:14","date_gmt":"2026-03-10T06:12:14","guid":{"rendered":"https:\/\/bihavadis.com\/?p=69220"},"modified":"2026-03-10T06:12:14","modified_gmt":"2026-03-10T06:12:14","slug":"abdulkadir-uraloglu-tarihi-hat-8-milyondan-fazla-yolcu-tasidi","status":"publish","type":"post","link":"https:\/\/bihavadis.com\/index.php\/2026\/03\/10\/abdulkadir-uraloglu-tarihi-hat-8-milyondan-fazla-yolcu-tasidi\/","title":{"rendered":"Abdulkadir Uralo\u011flu: Tarihi hat 8 milyondan fazla yolcu ta\u015f\u0131d\u0131"},"content":{"rendered":"<p>Ula\u015ft\u0131rma ve Altyap\u0131 Bakan\u0131 Abdulkadir Uralo\u011flu, \u0130stanbul&#8217;un tarihi merkezlerinden ge\u00e7en Sirkeci-Kazl\u0131\u00e7e\u015fme Rayl\u0131 Sistemi&#8217;ne ili\u015fkin a\u00e7\u0131klama yapt\u0131.<\/p>\n<p>Bakan Uralo\u011flu, hatt\u0131n 26 \u015eubat 2024 y\u0131l\u0131nda hizmete al\u0131nd\u0131\u011f\u0131n\u0131 hat\u0131rlatt\u0131.<\/p>\n<p>Uralo\u011flu, Marmaray ile entegre olan s\u00f6z konusu hatt\u0131n a\u00e7\u0131ld\u0131\u011f\u0131 g\u00fcnden bu yana 8 milyon 56 bin 569 ki\u015fiye hizmet verdi\u011fini bildirdi.<\/p>\n<p><strong>TAR\u0130H\u0130 DOKU KORUNDU<\/strong><\/p>\n<p>Uralo\u011flu, 8,3 kilometrelik hatt\u0131n in\u015fas\u0131nda tarihi surlar ve di\u011fer k\u00fclt\u00fcrel miras alanlar\u0131n\u0131n korunarak, modern ula\u015f\u0131m ile tarihi dokunun uyumunun sa\u011fland\u0131\u011f\u0131n\u0131 belirterek, \u015funlar\u0131 s\u00f6yledi:<\/p>\n<p><em><b>&#8220;Sirkeci, Cankurtaran, Kumkap\u0131, Yenikap\u0131, Cerrahpa\u015fa, Kocamustafapa\u015fa, Yedikule ve Kazl\u0131\u00e7e\u015fme olmak \u00fczere 8 istasyonu kapsayan hatt\u0131m\u0131z \u0130stanbul\u2019un tarihi ve k\u00fclt\u00fcrel miras\u0131n\u0131 yans\u0131tan bir g\u00fczergahta yer almas\u0131yla turizme de \u00f6nemli katk\u0131 sunuyor.&#8221;<\/b><\/em><\/p>\n<p><img decoding=\"async\" src=\"https:\/\/bihavadis.com\/wp-content\/uploads\/2026\/03\/abdulkadir-uraloglu-tarihi-hat-8-milyondan-fazla-yolcu-tasidi-0-uVanE6Zk.jpg\"\/><\/p>\n<p><strong>G\u00dcNDE TOPLAM 83 SEFER YAPILIYOR<\/strong><\/p>\n<p>Sirkeci-Kazl\u0131\u00e7e\u015fme aras\u0131nda g\u00fcnde toplam 83 seferle sabah 06.00\u2019dan gece 23.00\u2019e kadar 25 dakikal\u0131k aral\u0131klarla hizmet verildi\u011fine dikkati \u00e7eken Uralo\u011flu,<em><b> &#8220;Seyahat s\u00fcresi Sirkeci- Kazl\u0131\u00e7e\u015fme aras\u0131nda 17 dakika, Kazl\u0131\u00e7e\u015fme-Sirkeci aras\u0131nda ise 25 dakika. Hat, sefer ba\u015f\u0131na bin 637 yolcu kapasitesine sahip&#8221; <\/b><\/em>\u015feklinde konu\u015ftu.<\/p>\n<p><img decoding=\"async\" src=\"https:\/\/bihavadis.com\/wp-content\/uploads\/2026\/03\/abdulkadir-uraloglu-tarihi-hat-8-milyondan-fazla-yolcu-tasidi-1-6bTxL3Jl.jpg\"\/><\/p>\n<p><strong>PROJE ALANI TOPLAM 215 B\u0130N METREKARE<\/strong><\/p>\n<p>Proje alan\u0131n\u0131n toplam 215 bin metrekare oldu\u011funu s\u00f6yleyen Uralo\u011flu, \u00e7al\u0131\u015fma alan\u0131n\u0131n 92 bin 450 metrekaresinin demiryolu ula\u015f\u0131m\u0131 i\u00e7in kulland\u0131klar\u0131n\u0131 ifade etti.<\/p>\n<p>Uralo\u011flu, geri kalan 122 bin 550 metrekarenin ise yaya y\u00fcr\u00fcme alan\u0131, bisiklet, scooter parkuru, dinlenme alanlar\u0131 olarak d\u00fczenlendiklerini ve bu k\u0131sm\u0131 vatanda\u015flar\u0131n yaya olarak kullan\u0131m\u0131na a\u00e7arak \u0130stanbul\u2019a \u015fehrin tam kalbinde b\u00fcy\u00fck bir ye\u015fil alan kazand\u0131rm\u0131\u015f olduklar\u0131n\u0131 belirtti.<\/p>\n<p><img decoding=\"async\" src=\"https:\/\/bihavadis.com\/wp-content\/uploads\/2026\/03\/abdulkadir-uraloglu-tarihi-hat-8-milyondan-fazla-yolcu-tasidi-2-2XlRrvvK.jpg\"\/><\/p>\n<p><strong>&#8220;YAYA VE KARA YOLU ALT GE\u00c7\u0130TLER\u0130N\u0130 DE REHAB\u0130L\u0130TE ETT\u0130K&#8221;<\/strong><\/p>\n<p>Ayn\u0131 zamanda Bakan Uralo\u011flu, \u015fu ifadelere yer verdi:<\/p>\n<p><em><b>&#8220;Projemiz kapsam\u0131nda rayl\u0131 sistem, yaya ve mikro mobilite ara\u00e7lar\u0131, sosyal aktivite alanlar\u0131 olu\u015ftururken, yaya ve karayolu alt ge\u00e7itlerini de rehabilite ettik. Yani projemiz ile insan\u0131m\u0131z\u0131n ya\u015fam konforunu art\u0131racak di\u011fer d\u00fczenlemeleri de ger\u00e7ekle\u015ftirdik.&#8221; <\/b><\/em><\/p>\n<p><img decoding=\"async\" src=\"https:\/\/bihavadis.com\/wp-content\/uploads\/2026\/03\/abdulkadir-uraloglu-tarihi-hat-8-milyondan-fazla-yolcu-tasidi-3-K6dRFFht.jpg\"\/> <\/p>\n<div> <span><strong>Kaynak:<\/strong> \u0130hlas Haber Ajans\u0131 (\u0130HA)<\/span> <\/div>\n","protected":false},"excerpt":{"rendered":"<p>Ula\u015ft\u0131rma ve Altyap\u0131 Bakan\u0131 Abdulkadir Uralo\u011flu, \u0130stanbul&#8217;un tarihi merkezlerinden ge\u00e7en Sirkeci-Kazl\u0131\u00e7e\u015fme Rayl\u0131 Sistemi&#8217;ne ili\u015fkin a\u00e7\u0131klama yapt\u0131. Bakan Uralo\u011flu, hatt\u0131n 26 \u015eubat 2024 y\u0131l\u0131nda hizmete al\u0131nd\u0131\u011f\u0131n\u0131 hat\u0131rlatt\u0131. Uralo\u011flu, Marmaray ile &#8230;<\/p>\n","protected":false},"author":1,"featured_media":69221,"comment_status":"open","ping_status":"open","sticky":false,"template":"","format":"standard","meta":{"footnotes":""},"categories":[9,13],"tags":[382,7738,1029,267,1994],"class_list":["post-69220","post","type-post","status-publish","format-standard","has-post-thumbnail","hentry","category-genel","category-son-dakika","tag-alan","tag-kazlicesme","tag-tarihi","tag-uraloglu","tag-yaya"],"_links":{"self":[{"href":"https:\/\/bihavadis.com\/index.php\/wp-json\/wp\/v2\/posts\/69220","targetHints":{"allow":["GET"]}}],"collection":[{"href":"https:\/\/bihavadis.com\/index.php\/wp-json\/wp\/v2\/posts"}],"about":[{"href":"https:\/\/bihavadis.com\/index.php\/wp-json\/wp\/v2\/types\/post"}],"author":[{"embeddable":true,"href":"https:\/\/bihavadis.com\/index.php\/wp-json\/wp\/v2\/users\/1"}],"replies":[{"embeddable":true,"href":"https:\/\/bihavadis.com\/index.php\/wp-json\/wp\/v2\/comments?post=69220"}],"version-history":[{"count":1,"href":"https:\/\/bihavadis.com\/index.php\/wp-json\/wp\/v2\/posts\/69220\/revisions"}],"predecessor-version":[{"id":69226,"href":"https:\/\/bihavadis.com\/index.php\/wp-json\/wp\/v2\/posts\/69220\/revisions\/69226"}],"wp:featuredmedia":[{"embeddable":true,"href":"https:\/\/bihavadis.com\/index.php\/wp-json\/wp\/v2\/media\/69221"}],"wp:attachment":[{"href":"https:\/\/bihavadis.com\/index.php\/wp-json\/wp\/v2\/media?parent=69220"}],"wp:term":[{"taxonomy":"category","embeddable":true,"href":"https:\/\/bihavadis.com\/index.php\/wp-json\/wp\/v2\/categories?post=69220"},{"taxonomy":"post_tag","embeddable":true,"href":"https:\/\/bihavadis.com\/index.php\/wp-json\/wp\/v2\/tags?post=69220"}],"curies":[{"name":"wp","href":"https:\/\/api.w.org\/{rel}","templated":true}]}}