{"id":69227,"date":"2026-03-10T06:15:37","date_gmt":"2026-03-10T06:15:37","guid":{"rendered":"https:\/\/bihavadis.com\/?p=69227"},"modified":"2026-03-10T06:15:37","modified_gmt":"2026-03-10T06:15:37","slug":"samsunda-trabzonspor-takim-otobusune-tasli-saldiri-sporcularimizin-can-guvenligi-acik-sekilde-tehdit-altinda","status":"publish","type":"post","link":"https:\/\/bihavadis.com\/index.php\/2026\/03\/10\/samsunda-trabzonspor-takim-otobusune-tasli-saldiri-sporcularimizin-can-guvenligi-acik-sekilde-tehdit-altinda\/","title":{"rendered":"Samsun&#8217;da Trabzonspor tak\u0131m otob\u00fcs\u00fcne ta\u015fl\u0131 sald\u0131r\u0131: Sporcular\u0131m\u0131z\u0131n can g\u00fcvenli\u011fi a\u00e7\u0131k \u015fekilde tehdit alt\u0131nda"},"content":{"rendered":"<p>Trabzonspor tak\u0131m otob\u00fcs\u00fc, deplasman i\u00e7in gittikleri Samsun&#8217;da ta\u015fl\u0131 sald\u0131r\u0131ya u\u011frad\u0131. Olaya ili\u015fkin Trabzonspor yapt\u0131\u011f\u0131 a\u00e7\u0131klamada, &#8220;Daha \u00f6nce Kocaeli ve Antalya&#8217;da, bug\u00fcn ise Samsun&#8217;da tekrarlanan bu menfur eylemler; kabul edilemez, g\u00f6rmezden gelinemez ve s\u0131radanla\u015ft\u0131r\u0131lamaz niteliktedir. Sporcular\u0131m\u0131z\u0131n, teknik heyetimizin ve kul\u00fcp personelimizin can g\u00fcvenli\u011fi a\u00e7\u0131k \u015fekilde tehdit alt\u0131ndad\u0131r.&#8221; ifadelerini kulland\u0131.<\/p>\n<p><b>BORDO MAV\u0130L\u0130 KUL\u00dcB\u00dcN OTOB\u00dcS\u00dcNE TA\u015eLI SALDIRI<\/b><\/p>\n<p>S\u00fcper Lig ekibi Trabzonspor, Samsunspor deplasman\u0131nda kabusu ya\u015fad\u0131. Tak\u0131m otob\u00fcs\u00fc ma\u00e7 \u00f6ncesi ta\u015fl\u0131 sald\u0131r\u0131ya u\u011frad\u0131. <\/p>\n<p><b>TRABZONSPOR: M\u00dcNFER\u0130T DE\u011e\u0130L, ORGAN\u0130ZE SALDIRI<\/b><\/p>\n<p>Olaya ili\u015fkin Trabzonspor&#8217;dan a\u00e7\u0131klama geldi. A\u00e7\u0131klamada \u015fu ifadelere yer verildi: &#8220;Samsunspor ma\u00e7\u0131 \u00f6ncesinde tak\u0131m otob\u00fcs\u00fcm\u00fcze y\u00f6nelik ger\u00e7ekle\u015ftirilen ta\u015fl\u0131 sald\u0131r\u0131, ya\u015fananlar\u0131n art\u0131k m\u00fcnferit de\u011fil, a\u00e7\u0131k bi\u00e7imde organize bir sald\u0131r\u0131 oldu\u011funu g\u00f6stermektedir.<\/p>\n<p><b>&#8220;\u00d6NCE KOCAEL\u0130 VE ANTALYA, BUG\u00dcN <i>\u0130SE <\/i>SAMSUN&#8221;<\/b><\/p>\n<p>Daha \u00f6nce Kocaeli ve Antalya&#8217;da, bug\u00fcn ise Samsun&#8217;da tekrarlanan bu menfur eylemler; kabul edilemez, g\u00f6rmezden gelinemez ve s\u0131radanla\u015ft\u0131r\u0131lamaz niteliktedir.<\/p>\n<p><b>&#8220;CAN G\u00dcVENL\u0130\u011e\u0130M\u0130Z A\u00c7IK \u015eEK\u0130LDE TEHD\u0130T ALTINDA&#8221;<\/b><\/p>\n<p>Bu sald\u0131r\u0131lar yaln\u0131zca Trabzonspor&#8217;a de\u011fil; T\u00fcrk futbolunun g\u00fcvenli\u011fine, adalet duygusuna ve itibar\u0131na y\u00f6nelmi\u015f al\u00e7ak\u00e7a giri\u015fimlerdir. Sporcular\u0131m\u0131z\u0131n, teknik heyetimizin ve kul\u00fcp personelimizin can g\u00fcvenli\u011fi a\u00e7\u0131k \u015fekilde tehdit alt\u0131ndad\u0131r. Trabzonspor Kul\u00fcb\u00fc, \u00fcst \u00fcste \u00fc\u00e7\u00fcnc\u00fc kez ya\u015fanan bu utan\u00e7 verici sald\u0131r\u0131lar\u0131n normalle\u015ftirilmesine asla izin vermeyecektir.<\/p>\n<p>S\u00f6z konusu sald\u0131r\u0131lar\u0131 ger\u00e7ekle\u015ftiren failler hakk\u0131nda emsal te\u015fkil edecek cezalar\u0131n verilmesini talep ediyor, s\u00fcrecin sonuna kadar takip\u00e7isi olaca\u011f\u0131m\u0131z\u0131 kamuoyuna sayg\u0131yla duyuruyoruz. Kamuoyuna duyurulur.&#8221;<\/p>\n","protected":false},"excerpt":{"rendered":"<p>Samsun&#8217;da Trabzonspor tak\u0131m otob\u00fcs\u00fcne ta\u015fl\u0131 sald\u0131r\u0131: Sporcular\u0131m\u0131z\u0131n can g\u00fcvenli\u011fi a\u00e7\u0131k \u015fekilde tehdit alt\u0131nda<\/p>\n","protected":false},"author":1,"featured_media":69228,"comment_status":"open","ping_status":"open","sticky":false,"template":"","format":"standard","meta":{"footnotes":""},"categories":[14],"tags":[794,1799],"class_list":["post-69227","post","type-post","status-publish","format-standard","has-post-thumbnail","hentry","category-spor","tag-saldiri","tag-trabzonspor"],"_links":{"self":[{"href":"https:\/\/bihavadis.com\/index.php\/wp-json\/wp\/v2\/posts\/69227","targetHints":{"allow":["GET"]}}],"collection":[{"href":"https:\/\/bihavadis.com\/index.php\/wp-json\/wp\/v2\/posts"}],"about":[{"href":"https:\/\/bihavadis.com\/index.php\/wp-json\/wp\/v2\/types\/post"}],"author":[{"embeddable":true,"href":"https:\/\/bihavadis.com\/index.php\/wp-json\/wp\/v2\/users\/1"}],"replies":[{"embeddable":true,"href":"https:\/\/bihavadis.com\/index.php\/wp-json\/wp\/v2\/comments?post=69227"}],"version-history":[{"count":1,"href":"https:\/\/bihavadis.com\/index.php\/wp-json\/wp\/v2\/posts\/69227\/revisions"}],"predecessor-version":[{"id":69229,"href":"https:\/\/bihavadis.com\/index.php\/wp-json\/wp\/v2\/posts\/69227\/revisions\/69229"}],"wp:featuredmedia":[{"embeddable":true,"href":"https:\/\/bihavadis.com\/index.php\/wp-json\/wp\/v2\/media\/69228"}],"wp:attachment":[{"href":"https:\/\/bihavadis.com\/index.php\/wp-json\/wp\/v2\/media?parent=69227"}],"wp:term":[{"taxonomy":"category","embeddable":true,"href":"https:\/\/bihavadis.com\/index.php\/wp-json\/wp\/v2\/categories?post=69227"},{"taxonomy":"post_tag","embeddable":true,"href":"https:\/\/bihavadis.com\/index.php\/wp-json\/wp\/v2\/tags?post=69227"}],"curies":[{"name":"wp","href":"https:\/\/api.w.org\/{rel}","templated":true}]}}